{"id":158624,"date":"2025-06-07T14:40:35","date_gmt":"2025-06-07T14:40:35","guid":{"rendered":"https:\/\/www.europesays.com\/fr\/158624\/"},"modified":"2025-06-07T14:40:35","modified_gmt":"2025-06-07T14:40:35","slug":"quinte-quinte-du-dimanche-8-juin-a-parislongchamp-qualixia-coup-dessai-coup-de-maitre","status":"publish","type":"post","link":"https:\/\/www.europesays.com\/fr\/158624\/","title":{"rendered":"Quint\u00e9+: Quint\u00e9+ du dimanche 8 juin \u00e0 ParisLongchamp : Qualixia, coup d&rsquo;essai, coup de ma\u00eetre ?"},"content":{"rendered":"<p><strong>Les partants du Quint\u00e9+ de ce dimanche 8 juin.<\/strong><strong style=\"float: left;margin-left: 2%;\">PRIX DU PALAIS DES GLACES<\/strong><strong style=\"float: right;margin-right: 2%;\">DIMANCHE 08 JUIN<\/strong><br \/>ParisLongchamp &#8211; 1600 METRES &#8211; \u00a0<img decoding=\"async\" alt=\"picto_galop\" class=\"img2\" src=\"https:\/\/www.europesays.com\/fr\/wp-content\/uploads\/2025\/04\/galop.svg.svg+xml\"\/>D\u00c9PART : 15H15<\/p>\n<tr class=\"row1\" style=\"border: thin solid #020338; width: 50%; padding: 5px; background-color: #020338; color: #FFFFFF; text-align: left; line-height: 15px;\">N\u00b0\u00a0CHEVALCORDE\u00a0JOCKEYPOIDS\u00a0ENTRA\u00ceNEURVALEURGAINS<\/tr>\n<tr class=\"row2\" style=\"text-align: left; background-color: #FFFFFF; line-height: 15px;\">\n<td class=\"col1\" style=\"text-align: center; width: 65px;font-weight: bold;\">1<\/td>\n<td class=\"col2\"><a href=\"https:\/\/www.equidia.fr\/chevaux\/divine-chrisnat?horse_uuid=0a060023-f6b3-4e2f-b96b-3932f1198123\" target=\"_blank\" rel=\"noopener\">DIVINE CHRISNAT<\/a><\/td>\n<td class=\"col3\" style=\"text-align: center;\">9<\/td>\n<td class=\"col4\">R.PEHU<\/td>\n<td class=\"col5\">61.5 kg<\/td>\n<td class=\"col6\">CH.PLISSON (S)<\/td>\n<td class=\"col7\" style=\"text-align: center;\">41.5<\/td>\n<td class=\"col8\" style=\"text-align: right;\">115160 \u20ac<\/td>\n<\/tr>\n<tr class=\"row3\" style=\"text-align: left; background-color: rgb(218, 218, 226); line-height: 15px;\">\n<td class=\"col1\" style=\"text-align: center; width: 65px;font-weight: bold;\">2<\/td>\n<td class=\"col2\"><a href=\"https:\/\/www.equidia.fr\/chevaux\/divide-and-rule?horse_uuid=d2fb5fe4-fefa-4803-935a-f43a0f82f8ae\" target=\"_blank\" rel=\"noopener\">DIVIDE AND RULE<\/a><\/td>\n<td class=\"col3\" style=\"text-align: center;\">12<\/td>\n<td class=\"col4\">M.VELON<\/td>\n<td class=\"col5\">59.5 kg<\/td>\n<td class=\"col6\">JP.GAUVIN (S)<\/td>\n<td class=\"col7\" style=\"text-align: center;\">39.5<\/td>\n<td class=\"col8\" style=\"text-align: right;\">70610 \u20ac<\/td>\n<\/tr>\n<tr class=\"row2\" style=\"text-align: left; background-color: #FFFFFF; line-height: 15px;\">\n<td class=\"col1\" style=\"text-align: center; width: 65px;font-weight: bold;\">3<\/td>\n<td class=\"col2\"><a href=\"https:\/\/www.equidia.fr\/chevaux\/avenue-montaigne?horse_uuid=8e0c7953-138f-4d00-83ca-745b30c27afa\" target=\"_blank\" rel=\"noopener\">AVENUE MONTAIGNE<\/a><\/td>\n<td class=\"col3\" style=\"text-align: center;\">15<\/td>\n<td class=\"col4\">M.GUYON<\/td>\n<td class=\"col5\">59.0 kg<\/td>\n<td class=\"col6\">FH.GRAFFARD (S)<\/td>\n<td class=\"col7\" style=\"text-align: center;\">39.0<\/td>\n<td class=\"col8\" style=\"text-align: right;\">84410 \u20ac<\/td>\n<\/tr>\n<tr class=\"row3\" style=\"text-align: left; background-color: rgb(218, 218, 226); line-height: 15px;\">\n<td class=\"col1\" style=\"text-align: center; width: 65px;font-weight: bold;\">4<\/td>\n<td class=\"col2\"><a href=\"https:\/\/www.equidia.fr\/chevaux\/donamay?horse_uuid=e4057ef5-9236-4b8d-a072-dd5f41f20886\" target=\"_blank\" rel=\"noopener\">DONAMAY<\/a><\/td>\n<td class=\"col3\" style=\"text-align: center;\">10<\/td>\n<td class=\"col4\">H.BOUTIN<\/td>\n<td class=\"col5\">59.0 kg<\/td>\n<td class=\"col6\">A.SUBORICS<\/td>\n<td class=\"col7\" style=\"text-align: center;\">39.0<\/td>\n<td class=\"col8\" style=\"text-align: right;\">29115 \u20ac<\/td>\n<\/tr>\n<tr class=\"row2\" style=\"text-align: left; background-color: #FFFFFF; line-height: 15px;\">\n<td class=\"col1\" style=\"text-align: center; width: 65px;font-weight: bold;\">5<\/td>\n<td class=\"col2\"><a href=\"https:\/\/www.equidia.fr\/chevaux\/alva-1?horse_uuid=61c927e3-ee28-4832-8c59-956186fc85fd\" target=\"_blank\" rel=\"noopener\">ALVA<\/a><\/td>\n<td class=\"col3\" style=\"text-align: center;\">4<\/td>\n<td class=\"col4\">C.DEMURO<\/td>\n<td class=\"col5\">58.5 kg<\/td>\n<td class=\"col6\">F.CHAPPET (S)<\/td>\n<td class=\"col7\" style=\"text-align: center;\">38.5<\/td>\n<td class=\"col8\" style=\"text-align: right;\">98820 \u20ac<\/td>\n<\/tr>\n<tr class=\"row3\" style=\"text-align: left; background-color: rgb(218, 218, 226); line-height: 15px;\">\n<td class=\"col1\" style=\"text-align: center; width: 65px;font-weight: bold;\">6<\/td>\n<td class=\"col2\"><a href=\"https:\/\/www.equidia.fr\/chevaux\/qualixia?horse_uuid=10109886-8a8e-40dc-8642-29fd6bade2cb\" target=\"_blank\" rel=\"noopener\">QUALIXIA<\/a><\/td>\n<td class=\"col3\" style=\"text-align: center;\">14<\/td>\n<td class=\"col4\">A.LEMAITRE<\/td>\n<td class=\"col5\">56.0 kg<\/td>\n<td class=\"col6\">P.DECOUZ (S)<\/td>\n<td class=\"col7\" style=\"text-align: center;\">36.0<\/td>\n<td class=\"col8\" style=\"text-align: right;\">33700 \u20ac<\/td>\n<\/tr>\n<tr class=\"row2\" style=\"text-align: left; background-color: #FFFFFF; line-height: 15px;\">\n<td class=\"col1\" style=\"text-align: center; width: 65px;font-weight: bold;\">7<\/td>\n<td class=\"col2\"><a href=\"https:\/\/www.equidia.fr\/chevaux\/signora-bellissima?horse_uuid=9eb9cab5-dd8d-4daf-9aa6-843b0f8988a7\" target=\"_blank\" rel=\"noopener\">SIGNORA BELLISSIMA<\/a><\/td>\n<td class=\"col3\" style=\"text-align: center;\">6<\/td>\n<td class=\"col4\">S.PASQUIER<\/td>\n<td class=\"col5\">56.0 kg<\/td>\n<td class=\"col6\">N.CAULLERY<\/td>\n<td class=\"col7\" style=\"text-align: center;\">36.0<\/td>\n<td class=\"col8\" style=\"text-align: right;\">32795 \u20ac<\/td>\n<\/tr>\n<tr class=\"row3\" style=\"text-align: left; background-color: rgb(218, 218, 226); line-height: 15px;\">\n<td class=\"col1\" style=\"text-align: center; width: 65px;font-weight: bold;\">8<\/td>\n<td class=\"col2\"><a href=\"https:\/\/www.equidia.fr\/chevaux\/um-wadi?horse_uuid=e96902d9-2856-4005-a7a9-7f221c15f2c5\" target=\"_blank\" rel=\"noopener\">UM WADI<\/a><\/td>\n<td class=\"col3\" style=\"text-align: center;\">7<\/td>\n<td class=\"col4\">C.SOUMILLON<\/td>\n<td class=\"col5\">56.0 kg<\/td>\n<td class=\"col6\">ED.MONFORT (S)<\/td>\n<td class=\"col7\" style=\"text-align: center;\">36.0<\/td>\n<td class=\"col8\" style=\"text-align: right;\">17640 \u20ac<\/td>\n<\/tr>\n<tr class=\"row2\" style=\"text-align: left; background-color: #FFFFFF; line-height: 15px;\">\n<td class=\"col1\" style=\"text-align: center; width: 65px;font-weight: bold;\">9<\/td>\n<td class=\"col2\"><a href=\"https:\/\/www.equidia.fr\/chevaux\/aversa?horse_uuid=9d57d8d8-07a6-44c4-9793-79e169696aff\" target=\"_blank\" rel=\"noopener\">AVERSA<\/a><\/td>\n<td class=\"col3\" style=\"text-align: center;\">13<\/td>\n<td class=\"col4\">R.THOMAS<\/td>\n<td class=\"col5\">55.5 kg<\/td>\n<td class=\"col6\">N.CAULLERY<\/td>\n<td class=\"col7\" style=\"text-align: center;\">35.5<\/td>\n<td class=\"col8\" style=\"text-align: right;\">145370 \u20ac<\/td>\n<\/tr>\n<tr class=\"row3\" style=\"text-align: left; background-color: rgb(218, 218, 226); line-height: 15px;\">\n<td class=\"col1\" style=\"text-align: center; width: 65px;font-weight: bold;\">10<\/td>\n<td class=\"col2\"><a href=\"https:\/\/www.equidia.fr\/chevaux\/true-value?horse_uuid=d3df00da-7d06-45ef-aab2-8a72ecaf634d\" target=\"_blank\" rel=\"noopener\">TRUE VALUE<\/a><\/td>\n<td class=\"col3\" style=\"text-align: center;\">2<\/td>\n<td class=\"col4\">F.VALLE SKAR<\/td>\n<td class=\"col5\">55.5 kg<\/td>\n<td class=\"col6\">MME C.BARANDE BARBE<\/td>\n<td class=\"col7\" style=\"text-align: center;\">35.5<\/td>\n<td class=\"col8\" style=\"text-align: right;\">91715 \u20ac<\/td>\n<\/tr>\n<tr class=\"row2\" style=\"text-align: left; background-color: #FFFFFF; line-height: 15px;\">\n<td class=\"col1\" style=\"text-align: center; width: 65px;font-weight: bold;\">11<\/td>\n<td class=\"col2\"><a href=\"https:\/\/www.equidia.fr\/chevaux\/allurre?horse_uuid=82474228-cbfe-422c-9bf2-a249ab0eefc4\" target=\"_blank\" rel=\"noopener\">ALLURRE<\/a><\/td>\n<td class=\"col3\" style=\"text-align: center;\">3<\/td>\n<td class=\"col4\">D.PROVOST<\/td>\n<td class=\"col5\">55.5 kg<\/td>\n<td class=\"col6\">M.CESANDRI (S)<\/td>\n<td class=\"col7\" style=\"text-align: center;\">35.5<\/td>\n<td class=\"col8\" style=\"text-align: right;\">115410 \u20ac<\/td>\n<\/tr>\n<tr class=\"row3\" style=\"text-align: left; background-color: rgb(218, 218, 226); line-height: 15px;\">\n<td class=\"col1\" style=\"text-align: center; width: 65px;font-weight: bold;\">12<\/td>\n<td class=\"col2\"><a href=\"https:\/\/www.equidia.fr\/chevaux\/chica-de-ciudad?horse_uuid=2a4fec87-e04b-47e0-b8f7-fdeada24d0aa\" target=\"_blank\" rel=\"noopener\">CHICA DE CIUDAD<\/a><\/td>\n<td class=\"col3\" style=\"text-align: center;\">1<\/td>\n<td class=\"col4\">A.BARON<\/td>\n<td class=\"col5\">55.5 kg<\/td>\n<td class=\"col6\">P.CHEVIGNY DE<\/td>\n<td class=\"col7\" style=\"text-align: center;\">35.5<\/td>\n<td class=\"col8\" style=\"text-align: right;\">40720 \u20ac<\/td>\n<\/tr>\n<tr class=\"row2\" style=\"text-align: left; background-color: #FFFFFF; line-height: 15px;\">\n<td class=\"col1\" style=\"text-align: center; width: 65px;font-weight: bold;\">13<\/td>\n<td class=\"col2\"><a href=\"https:\/\/www.equidia.fr\/chevaux\/atlantic-ways?horse_uuid=85d6dcd0-95d9-40fb-8b16-d1737e09e937\" target=\"_blank\" rel=\"noopener\">ATLANTIC WAYS<\/a><\/td>\n<td class=\"col3\" style=\"text-align: center;\">16<\/td>\n<td class=\"col4\">A.POUCHIN<\/td>\n<td class=\"col5\">55.5 kg<\/td>\n<td class=\"col6\">M.DELCHER SANCHEZ<\/td>\n<td class=\"col7\" style=\"text-align: center;\">35.5<\/td>\n<td class=\"col8\" style=\"text-align: right;\">78660 \u20ac<\/td>\n<\/tr>\n<tr class=\"row3\" style=\"text-align: left; background-color: rgb(218, 218, 226); line-height: 15px;\">\n<td class=\"col1\" style=\"text-align: center; width: 65px;font-weight: bold;\">14<\/td>\n<td class=\"col2\"><a href=\"https:\/\/www.equidia.fr\/chevaux\/stellania?horse_uuid=ad69bb02-8dff-4c31-bbac-09e8ab7974f3\" target=\"_blank\" rel=\"noopener\">STELLANIA<\/a><\/td>\n<td class=\"col3\" style=\"text-align: center;\">8<\/td>\n<td class=\"col4\">C.LECOEUVRE<\/td>\n<td class=\"col5\">55.0 kg<\/td>\n<td class=\"col6\">JPH .DUBOIS<\/td>\n<td class=\"col7\" style=\"text-align: center;\">35.0<\/td>\n<td class=\"col8\" style=\"text-align: right;\">48130 \u20ac<\/td>\n<\/tr>\n<tr class=\"row2\" style=\"text-align: left; background-color: #FFFFFF; line-height: 15px;\">\n<td class=\"col1\" style=\"text-align: center; width: 65px;font-weight: bold;\">15<\/td>\n<td class=\"col2\"><a href=\"https:\/\/www.equidia.fr\/chevaux\/remama?horse_uuid=6aa46715-476c-4c9d-8474-a105ae5f4c6d\" target=\"_blank\" rel=\"noopener\">REMAMA<\/a><\/td>\n<td class=\"col3\" style=\"text-align: center;\">11<\/td>\n<td class=\"col4\">T.PICCONE<\/td>\n<td class=\"col5\">55.0 kg<\/td>\n<td class=\"col6\">BR.BEAUNEZ<\/td>\n<td class=\"col7\" style=\"text-align: center;\">35.0<\/td>\n<td class=\"col8\" style=\"text-align: right;\">32063 \u20ac<\/td>\n<\/tr>\n<tr class=\"row3\" style=\"text-align: left; background-color: rgb(218, 218, 226); line-height: 15px;\">\n<td class=\"col1\" style=\"text-align: center; width: 65px;font-weight: bold;\">16<\/td>\n<td class=\"col2\"><a href=\"https:\/\/www.equidia.fr\/chevaux\/ever-kate?horse_uuid=e65efaf4-8bb4-46fc-838e-8aa25a68b203\" target=\"_blank\" rel=\"noopener\">EVER KATE<\/a><\/td>\n<td class=\"col3\" style=\"text-align: center;\">5<\/td>\n<td class=\"col4\">F.VERON<\/td>\n<td class=\"col5\">54.5 kg<\/td>\n<td class=\"col6\">F.BRESSON (S)<\/td>\n<td class=\"col7\" style=\"text-align: center;\">34.5<\/td>\n<td class=\"col8\" style=\"text-align: right;\">24400 \u20ac<\/td>\n<\/tr>\n<p><strong>Les forces en pr\u00e9sence<\/strong><\/p>\n<p style=\"text-align: justify;\"><a href=\"https:\/\/www.equidia.fr\/chevaux\/qualixia?horse_uuid=10109886-8a8e-40dc-8642-29fd6bade2cb\" target=\"_blank\" rel=\"noopener\">QUALIXIA (6)<\/a> a montr\u00e9 de s\u00e9rieux moyens dans les courses \u00e0 conditions et aurait sans doute pu devancer l&rsquo;excellente Star Of The Night, r\u00e9cemment \u00e0 Saint-Cloud, si elle avait trouv\u00e9 l&rsquo;ouverture plus t\u00f4t. Bien plac\u00e9e au poids pour ses premiers pas dans les handicaps, elle peut faire plier <a href=\"https:\/\/www.equidia.fr\/chevaux\/avenue-montaigne?horse_uuid=8e0c7953-138f-4d00-83ca-745b30c27afa\" target=\"_blank\" rel=\"noopener\">AVENUE MONTAIGNE (3)<\/a>, qui affiche une splendide r\u00e9gularit\u00e9 depuis ses d\u00e9buts. Derri\u00e8re ce duo de base, on retiendra <a href=\"https:\/\/www.equidia.fr\/chevaux\/um-wadi?horse_uuid=e96902d9-2856-4005-a7a9-7f221c15f2c5\" target=\"_blank\" rel=\"noopener\">UM WADI (8)<\/a>, plaisante le 13 mai et avantag\u00e9e par les 200 m\u00e8tres de plus, <a href=\"https:\/\/www.equidia.fr\/chevaux\/alva-1?horse_uuid=61c927e3-ee28-4832-8c59-956186fc85fd\" target=\"_blank\" rel=\"noopener\">ALVA (5)<\/a>, toujours comp\u00e9titive malgr\u00e9 trois kilos de surcharge, et <a href=\"https:\/\/www.equidia.fr\/chevaux\/donamay?horse_uuid=e4057ef5-9236-4b8d-a072-dd5f41f20886\" target=\"_blank\" rel=\"noopener\">DONAMAY (4)<\/a>, une pouliche allemande aux lignes s\u00e9duisantes. Irr\u00e9prochable depuis qu&rsquo;elle \u00e9volue en 35,5 de valeur, <a href=\"https:\/\/www.equidia.fr\/chevaux\/aversa?horse_uuid=9d57d8d8-07a6-44c4-9793-79e169696aff\" target=\"_blank\" rel=\"noopener\">AVERSA (9)<\/a> s&rsquo;annonce comp\u00e9titive pour les places, d&rsquo;autant qu&rsquo;elle n&rsquo;affrontera que des femelles cette fois. <a href=\"https:\/\/www.equidia.fr\/chevaux\/chica-de-ciudad?horse_uuid=2a4fec87-e04b-47e0-b8f7-fdeada24d0aa\" target=\"_blank\" rel=\"noopener\">CHICA DE CIUDAD (12)<\/a>, si elle s&rsquo;adapte \u00e0 ce nouveau trac\u00e9, et <a href=\"https:\/\/www.equidia.fr\/chevaux\/signora-bellissima?horse_uuid=9eb9cab5-dd8d-4daf-9aa6-843b0f8988a7\" target=\"_blank\" rel=\"noopener\">SIGNORA BELLISSIMA (7)<\/a>, tr\u00e8s convaincante derni\u00e8rement \u00e0 r\u00e9clamer, compl\u00e8teront notre s\u00e9lection.<\/p>\n<p><strong>Le prono de Micka\u00ebl AFRIAT<\/strong><\/p>\n<tr cellpadding=\"0\" cellspacing=\"10\" class=\"row5\" style=\"text-align: left; background-color: #FFFFFF; font-size: 130%;\">\n<td style=\"text-align: center;\">6<\/td>\n<td style=\"text-align: center;\">3<\/td>\n<td style=\"text-align: center;\">8<\/td>\n<td style=\"text-align: center;\">5<\/td>\n<td style=\"text-align: center;\">4<\/td>\n<td style=\"text-align: center;\">9<\/td>\n<td style=\"text-align: center;\">12<\/td>\n<td style=\"text-align: center;\">7<\/td>\n<\/tr>\n<tr class=\"row6\" style=\"text-align: center; background-color: #FFFFFF; column-width: 6rem;\">\n<td class=\"col6\"><img decoding=\"async\" alt=\"casaque_QUALIXIA\" class=\"cas\" src=\"https:\/\/www.europesays.com\/fr\/wp-content\/uploads\/2025\/06\/20250608-r1c4p6-png.png\" style=\" width: 70%;\"\/><\/p>\n<p class=\"col10\" style=\"font-size: x-small; line-height: 11px;;\">QUALIXIA<\/p>\n<\/td>\n<td class=\"col3\"><img decoding=\"async\" alt=\"casaque_AVENUE MONTAIGNE\" class=\"cas\" src=\"https:\/\/www.europesays.com\/fr\/wp-content\/uploads\/2025\/06\/20250608-r1c4p3-png.png\" style=\" width: 70%;\"\/><\/p>\n<p class=\"col10\" style=\"font-size: x-small; line-height: 11px;;\">AVENUE MONTAIGNE<\/p>\n<\/td>\n<td class=\"col8\"><img decoding=\"async\" alt=\"casaque_UM WADI\" class=\"cas\" src=\"https:\/\/www.europesays.com\/fr\/wp-content\/uploads\/2025\/06\/20250608-r1c4p8-png.png\" style=\" width: 70%;\"\/><\/p>\n<p class=\"col10\" style=\"font-size: x-small; line-height: 11px;;\">UM WADI<\/p>\n<\/td>\n<td class=\"col5\"><img decoding=\"async\" alt=\"casaque_ALVA\" class=\"cas\" src=\"https:\/\/www.europesays.com\/fr\/wp-content\/uploads\/2025\/06\/20250608-r1c4p5-png.png\" style=\" width: 70%;\"\/><\/p>\n<p class=\"col10\" style=\"font-size: x-small; line-height: 11px;;\">ALVA<\/p>\n<\/td>\n<td class=\"col4\"><img decoding=\"async\" alt=\"casaque_DONAMAY\" class=\"cas\" src=\"https:\/\/www.europesays.com\/fr\/wp-content\/uploads\/2025\/06\/20250608-r1c4p4-png.png\" style=\" width: 70%;\"\/><\/p>\n<p class=\"col10\" style=\"font-size: x-small; line-height: 11px;;\">DONAMAY<\/p>\n<\/td>\n<td class=\"col9\"><img decoding=\"async\" alt=\"casaque_AVERSA\" class=\"cas\" src=\"https:\/\/www.europesays.com\/fr\/wp-content\/uploads\/2025\/06\/20250608-r1c4p9-png.png\" style=\" width: 70%;\"\/><\/p>\n<p class=\"col10\" style=\"font-size: x-small; line-height: 11px;;\">AVERSA<\/p>\n<\/td>\n<td class=\"col12\"><img decoding=\"async\" alt=\"casaque_CHICA DE CIUDAD\" class=\"cas\" src=\"https:\/\/www.europesays.com\/fr\/wp-content\/uploads\/2025\/06\/20250608-r1c4p12-png.png\" style=\" width: 70%;\"\/><\/p>\n<p class=\"col10\" style=\"font-size: x-small; line-height: 11px;;\">CHICA DE CIUDAD<\/p>\n<\/td>\n<td class=\"col7\"><img decoding=\"async\" alt=\"casaque_SIGNORA BELLISSIMA\" class=\"cas\" src=\"https:\/\/www.europesays.com\/fr\/wp-content\/uploads\/2025\/06\/20250608-r1c4p7-png.png\" style=\" width: 70%;\"\/><\/p>\n<p class=\"col10\" style=\"font-size: x-small; line-height: 11px;;\">SIGNORA BELLISSIMA<\/p>\n<\/td>\n<\/tr>\n<p><a href=\"https:\/\/servedby.revive-adserver.net\/ck.php?n=a3265498&amp;cb=1234\" target=\"_blank\" rel=\"noopener\"><img decoding=\"async\" alt=\"\" border=\"0\" src=\"https:\/\/www.europesays.com\/fr\/wp-content\/uploads\/2025\/06\/1749307221_363_avw\"\/><\/a><\/p>\n<p><strong>Les partants en d\u00e9tail (par M. AFRIAT) et l&rsquo;avis des pros (par M. BERTELLA)<\/strong><\/p>\n<p id=\"ch_DIVINE CHRISNAT\" style=\"margin-bottom: 1%;\"><a href=\"https:\/\/www.equidia.fr\/chevaux\/divine-chrisnat?horse_uuid=0a060023-f6b3-4e2f-b96b-3932f1198123\" target=\"_blank\" rel=\"noopener\">1 &#8211; \u00a0<img decoding=\"async\" alt=\"casaque_DIVINE CHRISNAT\" src=\"https:\/\/www.europesays.com\/fr\/wp-content\/uploads\/2025\/06\/20250608-r1c4p1-png.png\" style=\"width: 4.5%; margin :0; vertical-align : middle;\"\/>\u00a0\u00a0DIVINE CHRISNAT<\/a><\/p>\n<p style=\"text-align: justify;\">Laur\u00e9ate de quatre handicaps en un an, elle a vu sa valeur grimper de 30,5 \u00e0 41,5. Sa marge s&rsquo;est forc\u00e9ment r\u00e9duite, mais elle n&rsquo;aura affaire qu&rsquo;aux femelles cette fois. Performante en bon terrain, elle ne doit pas \u00eatre \u00e9cart\u00e9e.<\/p>\n<p><strong>Christophe Plisson, entra\u00eeneur : <\/strong><\/p>\n<p style=\"text-align: justify;\">\u00ab Cela s&rsquo;est mal pass\u00e9 pour Divine Chrisnat (1) en dernier lieu, sur la moyenne piste de ParisLongchamp. Elle avait un mauvais num\u00e9ro dans les stalles et le d\u00e9roulement n&rsquo;a pas \u00e9t\u00e9 favorable. On va essayer de se rattraper cette fois. Le num\u00e9ro de corde est correct et sa forme reste optimale. Je trouve que le lot est moins relev\u00e9 que pr\u00e9c\u00e9demment, donc j&rsquo;esp\u00e8re qu&rsquo;elle pourra figurer dans le Quint\u00e9+. \u00bb<\/p>\n<p id=\"ch_DIVIDE AND RULE\" style=\"margin-bottom: 1%;\"><a href=\"https:\/\/www.equidia.fr\/chevaux\/divide-and-rule?horse_uuid=d2fb5fe4-fefa-4803-935a-f43a0f82f8ae\" target=\"_blank\" rel=\"noopener\">2 &#8211; \u00a0<img decoding=\"async\" alt=\"casaque_DIVIDE AND RULE\" src=\"https:\/\/www.europesays.com\/fr\/wp-content\/uploads\/2025\/06\/20250608-r1c4p2-png.png\" style=\"width: 4.5%; margin :0; vertical-align : middle;\"\/>\u00a0\u00a0DIVIDE AND RULE<\/a><\/p>\n<p style=\"text-align: justify;\">Parfaitement mont\u00e9e dans le sillage des animatrices, cette prot\u00e9g\u00e9e de Jean-Pierre Gauvin s&rsquo;est montr\u00e9e courageuse pour s&rsquo;imposer le 8 mai \u00e0 Lyon, face aux m\u00e2les. Sa t\u00e2che se complique avec sept livres de surcharge, mais sa forme du moment peut l&rsquo;amener dans les cinq premi\u00e8res. Une possibilit\u00e9 parmi d&rsquo;autres.<\/p>\n<p><strong>JEAN-Pierre Gauvin, entra\u00eeneur : <\/strong><\/p>\n<p style=\"text-align: justify;\">\u00ab Divide And Rule (2) a \u00e9videmment \u00e9t\u00e9 p\u00e9nalis\u00e9e au poids apr\u00e8s son succ\u00e8s \u00e0 Lyon-Parilly, mais elle a progress\u00e9 sur cette sortie. Le d\u00e9savantage, cette fois, c&rsquo;est qu&rsquo;on ne sera pas \u00e0 domicile et qu&rsquo;elle ne voyage pas toujours tr\u00e8s bien. De plus, elle a tir\u00e9 un num\u00e9ro de corde ext\u00e9rieur et peut se tendre lorsqu&rsquo;elle est un peu envelopp\u00e9e. Dans ces conditions, sa t\u00e2che est plus compliqu\u00e9e. N\u00e9anmoins, elle est au top, tant physiquement que mentalement. Il y a du pour et du contre dans sa candidature, mais j&rsquo;esp\u00e8re la voir confirmer ses bonnes dispositions. \u00bb<\/p>\n<p id=\"ch_AVENUE MONTAIGNE\" style=\"margin-bottom: 1%;\"><a href=\"https:\/\/www.equidia.fr\/chevaux\/avenue-montaigne?horse_uuid=8e0c7953-138f-4d00-83ca-745b30c27afa\" target=\"_blank\" rel=\"noopener\">3 &#8211; \u00a0<img decoding=\"async\" alt=\"casaque_AVENUE MONTAIGNE\" src=\"https:\/\/www.europesays.com\/fr\/wp-content\/uploads\/2025\/06\/1749307223_62_20250608-r1c4p3-png.png\" style=\"width: 4.5%; margin :0; vertical-align : middle;\"\/>\u00a0\u00a0AVENUE MONTAIGNE<\/a><\/p>\n<p style=\"text-align: justify;\">En douze sorties, cette fille de Zarak n&rsquo;est jamais sortie des trois premiers. Confirm\u00e9e \u00e0 Longchamp, indiff\u00e9rente \u00e0 l&rsquo;\u00e9tat du terrain, et en pleine possession de ses moyens, elle coche toutes les cases. Point d&rsquo;appui en b\u00e9ton.<\/p>\n<p><strong>L&rsquo;avis du reporter : <\/strong><\/p>\n<p style=\"text-align: justify;\">\u00ab Apr\u00e8s une excellente rentr\u00e9e, Avenue Montaigne (3) a confirm\u00e9 ses bonnes dispositions dans un Quint\u00e9+ \u00e0 Saint-Cloud. Elle est comp\u00e9titive \u00e0 ce niveau et revient sur une distance qu&rsquo;elle appr\u00e9cie. C&rsquo;est logiquement une base dans ce Quint\u00e9+, malgr\u00e9 son num\u00e9ro 15 dans les stalles. \u00bb<\/p>\n<p id=\"ch_DONAMAY\" style=\"margin-bottom: 1%;\"><a href=\"https:\/\/www.equidia.fr\/chevaux\/donamay?horse_uuid=e4057ef5-9236-4b8d-a072-dd5f41f20886\" target=\"_blank\" rel=\"noopener\">4 &#8211; \u00a0<img decoding=\"async\" alt=\"casaque_DONAMAY\" src=\"https:\/\/www.europesays.com\/fr\/wp-content\/uploads\/2025\/06\/1749307224_388_20250608-r1c4p4-png.png\" style=\"width: 4.5%; margin :0; vertical-align : middle;\"\/>\u00a0\u00a0DONAMAY<\/a><\/p>\n<p style=\"text-align: justify;\">Cette pouliche allemande se heurtait \u00e0 trop forte partie pour sa rentr\u00e9e \u00e0 Chantilly. Elle a montr\u00e9 des lignes int\u00e9ressantes et semble bien trait\u00e9e pour son premier handicap. Elle aurait pr\u00e9f\u00e9r\u00e9 un terrain bien souple mais reste \u00e0 surveiller de pr\u00e8s.<\/p>\n<p><strong>Andreas Suborics, entra\u00eeneur : <\/strong><\/p>\n<p style=\"text-align: justify;\">\u00ab Donamay (4) a effectu\u00e9 sa rentr\u00e9e apr\u00e8s une longue absence, r\u00e9cemment \u00e0 Chantilly. Elle avait vraiment besoin de courir ce jour-l\u00e0. Elle est mont\u00e9e en condition et je la trouve nettement mieux depuis cette sortie. \u00c0 cette valeur, elle peut performer \u00e0 ce niveau. Pour moi, elle d\u00e9tient une chance r\u00e9guli\u00e8re. \u00bb<\/p>\n<p id=\"ch_ALVA\" style=\"margin-bottom: 1%;\"><a href=\"https:\/\/www.equidia.fr\/chevaux\/alva-1?horse_uuid=61c927e3-ee28-4832-8c59-956186fc85fd\" target=\"_blank\" rel=\"noopener\">5 &#8211; \u00a0<img decoding=\"async\" alt=\"casaque_ALVA\" src=\"https:\/\/www.europesays.com\/fr\/wp-content\/uploads\/2025\/06\/1749307224_866_20250608-r1c4p5-png.png\" style=\"width: 4.5%; margin :0; vertical-align : middle;\"\/>\u00a0\u00a0ALVA<\/a><\/p>\n<p style=\"text-align: justify;\">Le 3 avril \u00e0 Chantilly, pour sa douzi\u00e8me tentative dans un Quint\u00e9+, cette bonne finisseuse a enfin trouv\u00e9 son jour. Elle aime le bon terrain et le trac\u00e9 de Longchamp, qu&rsquo;elle d\u00e9couvre, ne devrait pas la d\u00e9router. Malgr\u00e9 ses trois kilos de surcharge, elle garde son mot \u00e0 dire.<\/p>\n<p><strong>Cristian Demuro, jockey : <\/strong><\/p>\n<p style=\"text-align: justify;\">\u00ab Alva (5) a eu un petit break apr\u00e8s sa victoire \u00e0 Chantilly. Elle n&rsquo;a pas couru depuis quelques semaines, mais je l&rsquo;ai travaill\u00e9e la semaine derni\u00e8re et elle \u00e9tait en pleine forme. Maintenant, je ne sais pas comment sera l&rsquo;\u00e9tat du terrain dimanche, mais j&rsquo;esp\u00e8re qu&rsquo;il ne s&rsquo;assouplira pas trop. Si c&rsquo;est le cas, elle aura une belle chance \u00e0 d\u00e9fendre. \u00bb<\/p>\n<p id=\"ch_QUALIXIA\" style=\"margin-bottom: 1%;\"><a href=\"https:\/\/www.equidia.fr\/chevaux\/qualixia?horse_uuid=10109886-8a8e-40dc-8642-29fd6bade2cb\" target=\"_blank\" rel=\"noopener\">6 &#8211; \u00a0<img decoding=\"async\" alt=\"casaque_QUALIXIA\" src=\"https:\/\/www.europesays.com\/fr\/wp-content\/uploads\/2025\/06\/1749307225_23_20250608-r1c4p6-png.png\" style=\"width: 4.5%; margin :0; vertical-align : middle;\"\/>\u00a0\u00a0QUALIXIA<\/a><\/p>\n<p style=\"text-align: justify;\">Si elle avait trouv\u00e9 l&rsquo;ouverture plus t\u00f4t, elle aurait peut-\u00eatre pu devancer l&rsquo;excellente Star Of The Night r\u00e9cemment au Val d&rsquo;Or. Bien situ\u00e9e au poids, elle a tout pour r\u00e9ussir dans les handicaps. M\u00eame si elle est encore meilleure en terrain tr\u00e8s souple, sa place est sur le podium.<\/p>\n<p><strong>Philippe Decouz, entra\u00eeneur : <\/strong><\/p>\n<p style=\"text-align: justify;\">\u00ab Qualixia (6) va disputer son premier Quint\u00e9+ en ayant tir\u00e9 la corde 14, ce qui n&rsquo;est pas un avantage. C&rsquo;est dommage car elle est plut\u00f4t bien plac\u00e9e au poids. Il faudra composer avec, mais la pouliche est en excellente forme et ne serait pas g\u00ean\u00e9e par un \u00e9ventuel assouplissement du terrain. Avec un meilleur num\u00e9ro de corde, j&rsquo;aurais \u00e9t\u00e9 tr\u00e8s confiant. \u00bb<\/p>\n<p id=\"ch_SIGNORA BELLISSIMA\" style=\"margin-bottom: 1%;\"><a href=\"https:\/\/www.equidia.fr\/chevaux\/signora-bellissima?horse_uuid=9eb9cab5-dd8d-4daf-9aa6-843b0f8988a7\" target=\"_blank\" rel=\"noopener\">7 &#8211; \u00a0<img decoding=\"async\" alt=\"casaque_SIGNORA BELLISSIMA\" src=\"https:\/\/www.europesays.com\/fr\/wp-content\/uploads\/2025\/06\/1749307225_281_20250608-r1c4p7-png.png\" style=\"width: 4.5%; margin :0; vertical-align : middle;\"\/>\u00a0\u00a0SIGNORA BELLISSIMA<\/a><\/p>\n<p style=\"text-align: justify;\">Apr\u00e8s un d\u00e9but de carri\u00e8re en dents de scie de l&rsquo;autre c\u00f4t\u00e9 de la Manche, elle a rejoint l&rsquo;effectif de Nicolas Caullery d\u00e9but avril. Elle monte en puissance et sa derni\u00e8re fin de course, dans une \u00e9preuve \u00e0 r\u00e9clamer, est tr\u00e8s encourageante. Notre outsider pr\u00e9f\u00e9r\u00e9.<\/p>\n<p><strong>Nicolas Caullery, entra\u00eeneur : <\/strong><\/p>\n<p style=\"text-align: justify;\">\u00ab Signora Bellissima (7) a bien couru r\u00e9cemment dans une \u00e9preuve \u00e0 r\u00e9clamer \u00e0 Compi\u00e8gne. Elle va disputer son premier handicap en France et tout se pr\u00e9sente bien. Elle arrive en forme et a tir\u00e9 un num\u00e9ro de corde favorable. L&rsquo;assouplissement du terrain devrait aussi jouer en sa faveur. Dans ces conditions, elle devrait pouvoir s&rsquo;illustrer. \u00bb<\/p>\n<p id=\"ch_UM WADI\" style=\"margin-bottom: 1%;\"><a href=\"https:\/\/www.equidia.fr\/chevaux\/um-wadi?horse_uuid=e96902d9-2856-4005-a7a9-7f221c15f2c5\" target=\"_blank\" rel=\"noopener\">8 &#8211; \u00a0<img decoding=\"async\" alt=\"casaque_UM WADI\" src=\"https:\/\/www.europesays.com\/fr\/wp-content\/uploads\/2025\/06\/1749307226_750_20250608-r1c4p8-png.png\" style=\"width: 4.5%; margin :0; vertical-align : middle;\"\/>\u00a0\u00a0UM WADI<\/a><\/p>\n<p style=\"text-align: justify;\">Apr\u00e8s une rentr\u00e9e n\u00e9cessaire \u00e0 Lyon, cette repr\u00e9sentante Al Shaqab a termin\u00e9 fort le 13 mai, juste derri\u00e8re AVENUE MONTAIGNE (3). Elle monte en condition et sera avantag\u00e9e par l&rsquo;allongement de la distance. Elle ne devrait plus tarder \u00e0 remporter un handicap \u00e0 cette valeur.<\/p>\n<p><strong>Edouard Monfort, entra\u00eeneur : <\/strong><\/p>\n<p style=\"text-align: justify;\">\u00ab Um Wadi (8) a montr\u00e9 l&rsquo;autre jour \u00e0 Saint-Cloud qu&rsquo;elle valait ce type de course. Elle est en forme et a h\u00e9rit\u00e9 d&rsquo;un num\u00e9ro de corde favorable. La distance va lui convenir, mais si elle repr\u00e9sente la limite de sa tenue. Elle manque peut-\u00eatre un peu d&rsquo;exp\u00e9rience par rapport aux autres, mais tous les feux sont au vert. En toute logique, j&rsquo;esp\u00e8re qu&rsquo;elle confirmera sa derni\u00e8re belle prestation. \u00bb<\/p>\n<p id=\"ch_AVERSA\" style=\"margin-bottom: 1%;\"><a href=\"https:\/\/www.equidia.fr\/chevaux\/aversa?horse_uuid=9d57d8d8-07a6-44c4-9793-79e169696aff\" target=\"_blank\" rel=\"noopener\">9 &#8211; \u00a0<img decoding=\"async\" alt=\"casaque_AVERSA\" src=\"https:\/\/www.europesays.com\/fr\/wp-content\/uploads\/2025\/06\/1749307227_53_20250608-r1c4p9-png.png\" style=\"width: 4.5%; margin :0; vertical-align : middle;\"\/>\u00a0\u00a0AVERSA<\/a><\/p>\n<p style=\"text-align: justify;\">Depuis qu&rsquo;elle \u00e9volue en 35,5 de valeur, cette brave jument ne sort plus des six premiers. Elle n&rsquo;aura pas les m\u00e2les sur sa route, contrairement \u00e0 sa derni\u00e8re sortie sur le \u00ab\u00a0toboggan\u00a0\u00bb de Longchamp. Confirm\u00e9e sur le mile, elle fait partie des belles chances th\u00e9oriques.<\/p>\n<p><strong>Nicolas Caullery, entra\u00eeneur : <\/strong><\/p>\n<p style=\"text-align: justify;\">\u00ab Aversa (9) est comp\u00e9titive et en forme, mais elle devra composer avec un num\u00e9ro de corde ext\u00e9rieur, ce qui n&rsquo;est pas id\u00e9al. Par contre, l&rsquo;assouplissement du terrain devrait jouer en sa faveur. Elle est bien connue \u00e0 ce niveau et, avec un d\u00e9roulement favorable, devrait figurer dans la bonne combinaison du Quint\u00e9+. \u00bb<\/p>\n<p id=\"ch_TRUE VALUE\" style=\"margin-bottom: 1%;\"><a href=\"https:\/\/www.equidia.fr\/chevaux\/true-value?horse_uuid=d3df00da-7d06-45ef-aab2-8a72ecaf634d\" target=\"_blank\" rel=\"noopener\">10 &#8211; \u00a0<img decoding=\"async\" alt=\"casaque_TRUE VALUE\" src=\"https:\/\/www.europesays.com\/fr\/wp-content\/uploads\/2025\/06\/20250608-r1c4p10-png.png\" style=\"width: 4.5%; margin :0; vertical-align : middle;\"\/>\u00a0\u00a0TRUE VALUE<\/a><\/p>\n<p style=\"text-align: justify;\">Cette jument intermittente est dans de bonnes dispositions actuellement, en attestent ses deux sorties du mois de mai. N\u00e9anmoins, elle n&rsquo;a jamais encha\u00een\u00e9 trois podiums cons\u00e9cutivement et s&rsquo;attaque \u00e0 plus forte partie qu&rsquo;\u00e0 l&rsquo;accoutum\u00e9e. Pas \u00e9vident.<\/p>\n<p><strong>Corine Barande Barbe, entra\u00eeneur : <\/strong><\/p>\n<p style=\"text-align: justify;\">\u00ab True Value (10) est en excellente forme. Elle se retrouve dans une cat\u00e9gorie sup\u00e9rieure, mais la t\u00e2che ne semble pas plus difficile que les derni\u00e8res fois. Elle n&rsquo;a pas de marge au poids et sa partenaire n&rsquo;aura pas de d\u00e9charge, mais elle a montr\u00e9 sa forme r\u00e9cemment. L&rsquo;assouplissement du terrain ne la d\u00e9rangera pas et elle b\u00e9n\u00e9ficie d&rsquo;un bon num\u00e9ro dans les stalles. J&rsquo;esp\u00e8re la voir bien se comporter. \u00bb<\/p>\n<p id=\"ch_ALLURRE\" style=\"margin-bottom: 1%;\"><a href=\"https:\/\/www.equidia.fr\/chevaux\/allurre?horse_uuid=82474228-cbfe-422c-9bf2-a249ab0eefc4\" target=\"_blank\" rel=\"noopener\">11 &#8211; \u00a0<img decoding=\"async\" alt=\"casaque_ALLURRE\" src=\"https:\/\/www.europesays.com\/fr\/wp-content\/uploads\/2025\/06\/20250608-r1c4p11-png.png\" style=\"width: 4.5%; margin :0; vertical-align : middle;\"\/>\u00a0\u00a0ALLURRE<\/a><\/p>\n<p style=\"text-align: justify;\">Si ses meilleurs titres ont \u00e9t\u00e9 acquis entre 1 800 et 1 900 m\u00e8tres, cette attentiste a aussi des r\u00e9f\u00e9rences sur le mile. Elle a repris de la fra\u00eecheur depuis fin avril mais affiche 0 sur 2 \u00e0 Longchamp. La retenir ou non est une affaire d&rsquo;impression.<\/p>\n<p><strong>Maxime Cesandri, entra\u00eeneur : <\/strong><\/p>\n<p style=\"text-align: justify;\">\u00ab Allurre (11) n&rsquo;a pu se mettre en \u00e9vidence l&rsquo;autre jour \u00e0 Chantilly. Nous avons fait une endoscopie apr\u00e8s la course et elle avait une grosse pharyngite, ce qui explique sans doute cette contre-performance. Sa valeur a \u00e9t\u00e9 revue \u00e0 la baisse, ce qui la rend comp\u00e9titive, d&rsquo;autant que nous avons un num\u00e9ro de corde favorable. \u00c0 ce poids, face aux juments, elle a une belle carte \u00e0 jouer. J&rsquo;esp\u00e8re juste que la piste ne s&rsquo;assouplira pas trop, car elle semble ne pas aimer le terrain profond. \u00bb<\/p>\n<p id=\"ch_CHICA DE CIUDAD\" style=\"margin-bottom: 1%;\"><a href=\"https:\/\/www.equidia.fr\/chevaux\/chica-de-ciudad?horse_uuid=2a4fec87-e04b-47e0-b8f7-fdeada24d0aa\" target=\"_blank\" rel=\"noopener\">12 &#8211; \u00a0<img decoding=\"async\" alt=\"casaque_CHICA DE CIUDAD\" src=\"https:\/\/www.europesays.com\/fr\/wp-content\/uploads\/2025\/06\/1749307228_283_20250608-r1c4p12-png.png\" style=\"width: 4.5%; margin :0; vertical-align : middle;\"\/>\u00a0\u00a0CHICA DE CIUDAD<\/a><\/p>\n<p style=\"text-align: justify;\">Pass\u00e9e par les courses \u00e0 r\u00e9clamer, elle vient de montrer qu&rsquo;elle avait la pointure d&rsquo;un handicap en valeur 35,5. Elle n&rsquo;a jamais couru sur aussi court mais a d\u00e9voil\u00e9 suffisamment de vitesse pour s&rsquo;adapter au mile. A l&rsquo;issue d&rsquo;un parcours sur mesure, elle peut se m\u00ealer \u00e0 la lutte.<\/p>\n<p><strong>Paul De Chevigny, entra\u00eeneur : <\/strong><\/p>\n<p style=\"text-align: justify;\">\u00ab Chica de Ciudad (12) a tr\u00e8s bien couru derni\u00e8rement \u00e0 Saint-Cloud et semble en meilleure forme. Elle passe un test sur cette distance, mais, \u00e9tant allante en d\u00e9but de course, je pense qu&rsquo;elle sera aussi \u00e0 l&rsquo;aise sur 1 600 que sur 2 000 m\u00e8tres. C&rsquo;est une jument qui a des soucis de pieds, mais elle est dans la forme de sa vie actuellement. Si elle b\u00e9n\u00e9ficie d&rsquo;un parcours cach\u00e9 et qu&rsquo;elle se montre d\u00e9tendue, elle peut finir tr\u00e8s fort et, pourquoi pas, s&rsquo;imposer. \u00bb<\/p>\n<p id=\"ch_ATLANTIC WAYS\" style=\"margin-bottom: 1%;\"><a href=\"https:\/\/www.equidia.fr\/chevaux\/atlantic-ways?horse_uuid=85d6dcd0-95d9-40fb-8b16-d1737e09e937\" target=\"_blank\" rel=\"noopener\">13 &#8211; \u00a0<img decoding=\"async\" alt=\"casaque_ATLANTIC WAYS\" src=\"https:\/\/www.europesays.com\/fr\/wp-content\/uploads\/2025\/06\/20250608-r1c4p13-png.png\" style=\"width: 4.5%; margin :0; vertical-align : middle;\"\/>\u00a0\u00a0ATLANTIC WAYS<\/a><\/p>\n<p style=\"text-align: justify;\">Laur\u00e9ate d\u00e8s sa rentr\u00e9e \u00e0 Fontainebleau, pour sa premi\u00e8re tentative sous la f\u00e9rule de Mauricio Delcher-Sanchez, elle s&rsquo;est ensuite montr\u00e9e d\u00e9cevante \u00e0 Saint-Cloud (11e), alors qu&rsquo;elle \u00e9tait tr\u00e8s jou\u00e9e. Titulaire de deux places en autant d&rsquo;essais sur le parcours qui nous int\u00e9resse, elle peut tenter les amateurs d&rsquo;outsiders.<\/p>\n<p><strong>Mauricio Delcher-Sanchez, entra\u00eeneur : <\/strong><\/p>\n<p style=\"text-align: justify;\">\u00ab Atlantic Ways (13) nous a un peu d\u00e9\u00e7us l&rsquo;autre jour \u00e0 Saint-Cloud. On s&rsquo;attendait \u00e0 mieux, mais elle a mal couru sans explication. On oublie cette course et on la juge sur sa rentr\u00e9e \u00e0 Fontainebleau, qui \u00e9tait excellente. La pouliche est en forme. Elle peut se racheter malgr\u00e9 un mauvais num\u00e9ro dans les stalles. \u00bb<\/p>\n<p id=\"ch_STELLANIA\" style=\"margin-bottom: 1%;\"><a href=\"https:\/\/www.equidia.fr\/chevaux\/stellania?horse_uuid=ad69bb02-8dff-4c31-bbac-09e8ab7974f3\" target=\"_blank\" rel=\"noopener\">14 &#8211; \u00a0<img decoding=\"async\" alt=\"casaque_STELLANIA\" src=\"https:\/\/www.europesays.com\/fr\/wp-content\/uploads\/2025\/06\/20250608-r1c4p14-png.png\" style=\"width: 4.5%; margin :0; vertical-align : middle;\"\/>\u00a0\u00a0STELLANIA<\/a><\/p>\n<p style=\"text-align: justify;\">Laur\u00e9ate de trois handicaps depuis septembre dernier, elle a subi huit kilos de p\u00e9nalisation au total. Elle monte de cat\u00e9gorie et aurait sans doute pr\u00e9f\u00e9r\u00e9 une piste tr\u00e8s souple. Malgr\u00e9 sa forme, d&rsquo;autres protagonistes lui sont pr\u00e9f\u00e9rables.<\/p>\n<p><strong>Cl\u00e9ment Lecoeuvre, jockey : <\/strong><\/p>\n<p style=\"text-align: justify;\">\u00ab Stellania (14) monte de cat\u00e9gorie en ayant \u00e9t\u00e9 p\u00e9nalis\u00e9e au poids. Nous allons la voir si elle a le niveau pour rivaliser face \u00e0 de telles adversaires. L&rsquo;assouplissement du terrain va l&rsquo;avantager. Elle doit faire ses preuves dans cette cat\u00e9gorie, mais vu sa r\u00e9gularit\u00e9, il ne faut pas l&rsquo;\u00e9carter pour les places. J&rsquo;esp\u00e8re la voir figurer dans la bonne combinaison du Quint\u00e9+. \u00bb<\/p>\n<p id=\"ch_REMAMA\" style=\"margin-bottom: 1%;\"><a href=\"https:\/\/www.equidia.fr\/chevaux\/remama?horse_uuid=6aa46715-476c-4c9d-8474-a105ae5f4c6d\" target=\"_blank\" rel=\"noopener\">15 &#8211; \u00a0<img decoding=\"async\" alt=\"casaque_REMAMA\" src=\"https:\/\/www.europesays.com\/fr\/wp-content\/uploads\/2025\/06\/20250608-r1c4p15-png.png\" style=\"width: 4.5%; margin :0; vertical-align : middle;\"\/>\u00a0\u00a0REMAMA<\/a><\/p>\n<p style=\"text-align: justify;\">R\u00e9guli\u00e8re au niveau inf\u00e9rieur, elle a, en revanche, \u00e9chou\u00e9 lors de ses deux premi\u00e8res tentatives dans des Quint\u00e9+. Elle avait brill\u00e9 sur le gazon de Varsovie en d\u00e9but de carri\u00e8re, mais a uniquement perform\u00e9 sur le sable en France. Sa t\u00e2che s&rsquo;annonce difficile.<\/p>\n<p><strong>Brian Beaunez, entra\u00eeneur : <\/strong><\/p>\n<p style=\"text-align: justify;\">\u00ab Les deux sorties de Remama (15) \u00e0 ce niveau sont correctes, mais j&rsquo;aurais pr\u00e9f\u00e9r\u00e9 la voir en deuxi\u00e8me \u00e9preuve, car elle n&rsquo;a pas beaucoup de marge \u00e0 cette valeur dans les Quint\u00e9+. Je n&rsquo;ai pas non plus de recul sur son aptitude au terrain tr\u00e8s souple, donc cette course va m&rsquo;en apprendre davantage. \u00bb<\/p>\n<p id=\"ch_EVER KATE\" style=\"margin-bottom: 1%;\"><a href=\"https:\/\/www.equidia.fr\/chevaux\/ever-kate?horse_uuid=e65efaf4-8bb4-46fc-838e-8aa25a68b203\" target=\"_blank\" rel=\"noopener\">16 &#8211; \u00a0<img decoding=\"async\" alt=\"casaque_EVER KATE\" src=\"https:\/\/www.europesays.com\/fr\/wp-content\/uploads\/2025\/06\/20250608-r1c4p16-png.png\" style=\"width: 4.5%; margin :0; vertical-align : middle;\"\/>\u00a0\u00a0EVER KATE<\/a><\/p>\n<p style=\"text-align: justify;\">Apr\u00e8s un d\u00e9but de carri\u00e8re discret, elle s&rsquo;est r\u00e9v\u00e9l\u00e9e cette ann\u00e9e. Correcte huiti\u00e8me dans la course r\u00e9f\u00e9rence du 13 mai, elle sera plus \u00e0 son affaire sur 1 600 m\u00e8tres. Pour ses d\u00e9buts \u00e0 Longchamp, elle est capable de surprendre.<\/p>\n<p><strong>Flavie Bresson, entra\u00eeneur : <\/strong><\/p>\n<p style=\"text-align: justify;\">\u00ab Ever Kate (16) a couru correctement pour son premier Quint\u00e9+. Il n&rsquo;y avait pas grand-chose \u00e0 l&rsquo;arriv\u00e9e entre elle et les premi\u00e8res, mais elle doit encore s&rsquo;endurcir dans ce genre d&rsquo;\u00e9preuves. Elle a bien pris sa course et je pense que ce parcours de ParisLongchamp lui conviendra mieux que les 1400 m\u00e8tres de Saint-Cloud. J&rsquo;aurais pr\u00e9f\u00e9r\u00e9 la voir en deuxi\u00e8me \u00e9preuve, car elle aurait eu une meilleure chance, mais elle peut tout de m\u00eame accrocher une place. \u00bb<\/p>\n<p><strong>Les favoris de la presse<\/strong><\/p>\n<p class=\"synthese\"><strong>SYNTH\u00c8SE \u00a0\u00a0\u00a0\u00a03\u00a0\u00a0&#8211;\u00a0\u00a09\u00a0\u00a0&#8211;\u00a0\u00a012\u00a0\u00a0&#8211;\u00a0\u00a06\u00a0\u00a0&#8211;\u00a0\u00a08\u00a0\u00a0&#8211;\u00a0\u00a04\u00a0\u00a0&#8211;\u00a0\u00a016\u00a0\u00a0&#8211;\u00a0\u00a013<\/strong><\/p>\n<p><a href=\"https:\/\/servedby.revive-adserver.net\/ck.php?n=aa10a822&amp;cb=1234\" target=\"_blank\" rel=\"noopener\"><img decoding=\"async\" alt=\"\" border=\"0\" src=\"https:\/\/www.europesays.com\/fr\/wp-content\/uploads\/2025\/06\/1749307232_655_avw\"\/><\/a><\/p>\n<p><strong>Les stats du jour<\/strong><\/p>\n<p><img decoding=\"async\" src=\"https:\/\/www.europesays.com\/fr\/wp-content\/uploads\/2025\/06\/0608_stats-web-jpg\"\/><\/p>\n<p><strong>Nos \u00e9missions de pronos<\/strong><a href=\"https:\/\/www.equidia.fr\/emissions\/3-mn-q-2023\" target=\"_blank\" rel=\"noopener\"><img decoding=\"async\" alt=\"3min-pronos\" class=\"img_prono\" src=\"https:\/\/www.europesays.com\/fr\/wp-content\/uploads\/2025\/04\/vignette-article-3min-pronos-jpg-1.jpeg\"\/><\/a>3 mn PRONOS du 08\/06<br \/>(Disponible samedi 07 juin 2025, \u00e0 partir de 17h55)<a href=\"https:\/\/www.equidia.fr\/emissions\/ticket-gagnant-2023\" target=\"_blank\" rel=\"noopener\"><img decoding=\"async\" alt=\"ticket-gagnant\" class=\"img_prono\" src=\"https:\/\/www.europesays.com\/fr\/wp-content\/uploads\/2025\/04\/vignette-article-ticket-gagnant-jpg-1.jpeg\"\/><\/a>TICKET GAGNANT du 08\/06<br \/>(Disponible samedi 07 juin 2025, \u00e0 partir de 18h00)<\/p>\n","protected":false},"excerpt":{"rendered":"Les partants du Quint\u00e9+ de ce dimanche 8 juin.PRIX DU PALAIS DES GLACESDIMANCHE 08 JUINParisLongchamp &#8211; 1600 METRES&hellip;\n","protected":false},"author":2,"featured_media":158625,"comment_status":"","ping_status":"","sticky":false,"template":"","format":"standard","meta":{"footnotes":""},"categories":[1888],"tags":[11,1777,674,1011,27,3014,12,626,3016,1821,3015,25],"class_list":{"0":"post-158624","1":"post","2":"type-post","3":"status-publish","4":"format-standard","5":"has-post-thumbnail","7":"category-paris","8":"tag-actualites","9":"tag-eu","10":"tag-europe","11":"tag-fr","12":"tag-france","13":"tag-galop","14":"tag-news","15":"tag-paris","16":"tag-plat","17":"tag-pronostics","18":"tag-qrcode","19":"tag-republique-francaise"},"share_on_mastodon":{"url":"https:\/\/pubeurope.com\/@fr\/114642605424084411","error":""},"_links":{"self":[{"href":"https:\/\/www.europesays.com\/fr\/wp-json\/wp\/v2\/posts\/158624","targetHints":{"allow":["GET"]}}],"collection":[{"href":"https:\/\/www.europesays.com\/fr\/wp-json\/wp\/v2\/posts"}],"about":[{"href":"https:\/\/www.europesays.com\/fr\/wp-json\/wp\/v2\/types\/post"}],"author":[{"embeddable":true,"href":"https:\/\/www.europesays.com\/fr\/wp-json\/wp\/v2\/users\/2"}],"replies":[{"embeddable":true,"href":"https:\/\/www.europesays.com\/fr\/wp-json\/wp\/v2\/comments?post=158624"}],"version-history":[{"count":0,"href":"https:\/\/www.europesays.com\/fr\/wp-json\/wp\/v2\/posts\/158624\/revisions"}],"wp:featuredmedia":[{"embeddable":true,"href":"https:\/\/www.europesays.com\/fr\/wp-json\/wp\/v2\/media\/158625"}],"wp:attachment":[{"href":"https:\/\/www.europesays.com\/fr\/wp-json\/wp\/v2\/media?parent=158624"}],"wp:term":[{"taxonomy":"category","embeddable":true,"href":"https:\/\/www.europesays.com\/fr\/wp-json\/wp\/v2\/categories?post=158624"},{"taxonomy":"post_tag","embeddable":true,"href":"https:\/\/www.europesays.com\/fr\/wp-json\/wp\/v2\/tags?post=158624"}],"curies":[{"name":"wp","href":"https:\/\/api.w.org\/{rel}","templated":true}]}}