{"id":15863,"date":"2025-04-10T21:07:09","date_gmt":"2025-04-10T21:07:09","guid":{"rendered":"https:\/\/www.europesays.com\/fr\/15863\/"},"modified":"2025-04-10T21:07:09","modified_gmt":"2025-04-10T21:07:09","slug":"donald-trump-salue-a-sa-maniere-la-suspension-de-la-riposte-de-lunion-europeenne","status":"publish","type":"post","link":"https:\/\/www.europesays.com\/fr\/15863\/","title":{"rendered":"Donald Trump salue, \u00e0 sa mani\u00e8re, la suspension de la riposte de l&rsquo;Union europ\u00e9enne"},"content":{"rendered":"<p class=\"article-p mdl\">Au lendemain du revirement de Donald Trump, l&rsquo;Union europ\u00e9enne a imm\u00e9diatement suspendu sa riposte. Selon la pr\u00e9sidente de la Commission europ\u00e9enne\u00a0<a class=\"link\" href=\"https:\/\/www.rtl.fr\/actu\/economie-consommation\/droits-de-douane-l-ue-suspend-sa-riposte-pour-90-jours-apres-le-revirement-de-trump-7900493043\" target=\"_blank\" rel=\"nofollow noopener\">Ursula von der Leyen<\/a>, <strong>cette d\u00e9cision est pour\u00a0\u00ab\u00a0donner une chance aux n\u00e9gociations\u00a0\u00bb<\/strong>. \u00ab\u00a0Si les n\u00e9gociations ne sont pas satisfaisantes, nos contre-mesures entreront en vigueur\u00a0\u00bb, a-t-elle cependant pr\u00e9venu.<\/p>\n<p class=\"article-p mdl\">Donald Trump a comment\u00e9 ce changement de l&rsquo;Union europ\u00e9enne. Il a affirm\u00e9 qu&rsquo;elle avait \u00e9t\u00e9 <strong>\u00ab\u00a0tr\u00e8s intelligente\u00a0\u00bb en d\u00e9cidant de suspendre de 90 jours sa riposte aux droits de douane am\u00e9ricains.<\/strong><\/p>\n<p class=\"article-p mdl\">\u00ab\u00a0<strong>Ils \u00e9taient pr\u00eats \u00e0 annoncer des repr\u00e9sailles, et puis ils ont appris ce qu&rsquo;on avait fait en ce qui concerne la Chine et d&rsquo;autres<\/strong> (&#8230;) et ils se sont dits &lsquo;vous savez quoi, on va se retenir un petit peu'\u00a0\u00bb, a d\u00e9clar\u00e9 le pr\u00e9sident am\u00e9ricain en Conseil des ministres. Il a \u00e9galement r\u00e9p\u00e9t\u00e9 que l&rsquo;UE avait \u00e9t\u00e9 \u00ab\u00a0<strong>con\u00e7ue dans le but de tirer profit des \u00c9tats-Unis<\/strong>\u00ab\u00a0.<\/p>\n<p class=\"article-p mdl\">Toujours face \u00e0 son \u00e9quipe gouvernementale, le\u00a0<a class=\"link\" href=\"https:\/\/www.rtl.fr\/actu\/international\/droits-de-douane-donald-trump-a-t-il-commis-un-delit-d-initie-7900492992\" target=\"_blank\" rel=\"nofollow noopener\">pr\u00e9sident Donald Trump<\/a>\u00a0a continu\u00e9 de d\u00e9fendre son offensive douani\u00e8re visant \u00e0 rapatrier de la production aux \u00c9tats-Unis, m\u00eame si \u00ab\u00a0la transition aura un co\u00fbt et posera des probl\u00e8mes\u00a0\u00bb, concluant \u00ab\u00a0qu&rsquo;<strong>en fin de compte, \u00e7a sera une bonne chose<\/strong>\u00ab\u00a0.<\/p>\n<p>    La r\u00e9daction vous recommande<\/p>\n<p class=\"s-newsletter__title\">\n                L\u2019actualit\u00e9 par la r\u00e9daction de RTL dans votre bo\u00eete mail.\n            <\/p>\n<p class=\"s-newsletter__subtitle\">\n                Gr\u00e2ce \u00e0 votre compte RTL abonnez-vous \u00e0 la newsletter RTL info pour suivre toute l&rsquo;actualit\u00e9 au quotidien\n            <\/p>\n<p>\n                                    Lire la suite\n                                <\/p>\n","protected":false},"excerpt":{"rendered":"Au lendemain du revirement de Donald Trump, l&rsquo;Union europ\u00e9enne a imm\u00e9diatement suspendu sa riposte. Selon la pr\u00e9sidente de&hellip;\n","protected":false},"author":2,"featured_media":15864,"comment_status":"","ping_status":"","sticky":false,"template":"","format":"standard","meta":{"footnotes":""},"categories":[1586],"tags":[11,75,2822,73,1777,674,1779,107,1011,27,12,25,1778,364],"class_list":{"0":"post-15863","1":"post","2":"type-post","3":"status-publish","4":"format-standard","5":"has-post-thumbnail","7":"category-europe","8":"tag-actualites","9":"tag-donald-trump","10":"tag-douanes","11":"tag-etats-unis","12":"tag-eu","13":"tag-europe","14":"tag-european-union","15":"tag-fil-info","16":"tag-fr","17":"tag-france","18":"tag-news","19":"tag-republique-francaise","20":"tag-ue","21":"tag-union-europeenne"},"share_on_mastodon":{"url":"https:\/\/pubeurope.com\/@fr\/114315712465623135","error":""},"_links":{"self":[{"href":"https:\/\/www.europesays.com\/fr\/wp-json\/wp\/v2\/posts\/15863","targetHints":{"allow":["GET"]}}],"collection":[{"href":"https:\/\/www.europesays.com\/fr\/wp-json\/wp\/v2\/posts"}],"about":[{"href":"https:\/\/www.europesays.com\/fr\/wp-json\/wp\/v2\/types\/post"}],"author":[{"embeddable":true,"href":"https:\/\/www.europesays.com\/fr\/wp-json\/wp\/v2\/users\/2"}],"replies":[{"embeddable":true,"href":"https:\/\/www.europesays.com\/fr\/wp-json\/wp\/v2\/comments?post=15863"}],"version-history":[{"count":0,"href":"https:\/\/www.europesays.com\/fr\/wp-json\/wp\/v2\/posts\/15863\/revisions"}],"wp:featuredmedia":[{"embeddable":true,"href":"https:\/\/www.europesays.com\/fr\/wp-json\/wp\/v2\/media\/15864"}],"wp:attachment":[{"href":"https:\/\/www.europesays.com\/fr\/wp-json\/wp\/v2\/media?parent=15863"}],"wp:term":[{"taxonomy":"category","embeddable":true,"href":"https:\/\/www.europesays.com\/fr\/wp-json\/wp\/v2\/categories?post=15863"},{"taxonomy":"post_tag","embeddable":true,"href":"https:\/\/www.europesays.com\/fr\/wp-json\/wp\/v2\/tags?post=15863"}],"curies":[{"name":"wp","href":"https:\/\/api.w.org\/{rel}","templated":true}]}}