{"id":158630,"date":"2025-06-07T14:43:09","date_gmt":"2025-06-07T14:43:09","guid":{"rendered":"https:\/\/www.europesays.com\/fr\/158630\/"},"modified":"2025-06-07T14:43:09","modified_gmt":"2025-06-07T14:43:09","slug":"un-habitant-de-bron-tue-sur-la-ligne-de-front","status":"publish","type":"post","link":"https:\/\/www.europesays.com\/fr\/158630\/","title":{"rendered":"un habitant de Bron tu\u00e9 sur la ligne de front ?"},"content":{"rendered":"<p>Il combattait aux c\u00f4t\u00e9s des Ukrainiens : un habitant de Bron tu\u00e9 sur la ligne de front ? &#8211; DR<\/p>\n<p itemprop=\"description\"><strong>Difficile de quantifier le nombre de civils fran\u00e7ais partis se battre avec l&rsquo;Ukraine face aux attaques de la Russie.<\/strong><\/p>\n<p>Eirik, jeune homme de 21 ans originaire de Bron, \u00e9tait l&rsquo;un d&rsquo;entre eux. Et il aurait \u00e9t\u00e9 tu\u00e9 sur la ligne de front par un drone il y a quelques jours \u00e0 en croire les nombreux hommages rendus sur les r\u00e9seaux sociaux par certains de ses proches.<\/p>\n<p>\u00ab\u00a0Je n\u2019\u00e9crivais plus ici. Mais aujourd\u2019hui, je ne peux pas me taire. Mon pote, Eirik. Fran\u00e7ais, mais l\u2019Ukraine \u00e9tait ton pays de c\u0153ur. Tu te battais pour sa libert\u00e9. Les russes t\u2019ont tu\u00e9 cette semaine. Mais ils n\u2019effaceront ni nos souvenirs \u00e0 Kharkiv, ni ton combat\u00a0\u00bb, \u00e9crit ainsi le journaliste Andre\u00ef Valentin Vaitovich.<\/p>\n<p>Un autre reporter de guerre, Cyrille Amoursky, rend \u00e9galement hommage au Brondillant : \u00ab\u00a0Eirik, mon ami, ancien policier, patriote fran\u00e7ais et h\u00e9ros de l\u2019Ukraine, est tomb\u00e9 au combat. Un jeune homme courageux, humain, gentil et d\u00e9termin\u00e9. D\u00e8s tes 18 ans, au lyc\u00e9e, tu ne pouvais pas rester \u00e0 l\u2019\u00e9cart de ce qui se passait en Ukraine. \u00c0 21 ans, tu as donn\u00e9 ta vie pour prot\u00e9ger les Ukrainiens dans une guerre qui est la N\u00d4TRE. Nous ne t\u2019oublierons jamais. Merci pour tout ce que tu as fait. Je n\u2019oublierai jamais les moments pass\u00e9s ensemble \u00e0 Kharkiv, cette r\u00e9gion que tu aimais tant et que tu es venue visiter d\u00e8s la fin de ton bac\u00a0\u00bb.<\/p>\n<blockquote class=\"twitter-tweet\"><p>&#13;<\/p>\n<p dir=\"ltr\" lang=\"und\">Mon ami Eirik, tomb\u00e9 pour la libert\u00e9 en Ukraine. Pour notre libert\u00e9 \u00e0 tous.<\/p>\n<p>Son fr\u00e8re d\u2019arme fran\u00e7ais, Hannibal, lui a rendu hommage sur la place Ma\u00efdan \u00e0 Kyiv.<\/p>\n<p>\u0413\u0435\u0440\u043e\u0457 \u043d\u0435 \u0432\u043c\u0438\u0440\u0430\u044e\u0442\u044c.<\/p>\n<p>\ud83c\uddfa\ud83c\udde6 <a href=\"https:\/\/t.co\/A7abLs5VaR\">pic.twitter.com\/A7abLs5VaR<\/a><\/p>\n<p>&#13;<br \/>\n\u2014 Andre\u00ef Valentin VAITOVICH (@andreivaitovich) <a href=\"https:\/\/twitter.com\/andreivaitovich\/status\/1930159951592186368?ref_src=twsrc%5Etfw\" target=\"_blank\" rel=\"noopener\">June 4, 2025<\/a><\/p><\/blockquote>\n<p>Son corps n&rsquo;a pas pu \u00eatre r\u00e9cup\u00e9r\u00e9 par les membres de son unit\u00e9.<\/p>\n<p>Le quai d&rsquo;Orsay n&rsquo;a pas \u00e9t\u00e9 en mesure de confirmer le d\u00e9c\u00e8s d&rsquo;Eirik. \u00ab\u00a0Je n&rsquo;ai pas d&rsquo;informations me permettant de confirmer son d\u00e9c\u00e8s ou non. Nous avons pris connaissance de ces articles et notre poste diplomatique \u00e0 Kiev est parti aux nouvelles\u00a0\u00bb, a seulement pu d\u00e9clarer le ministre Jean-No\u00ebl Barrot, au micro de RTL.<\/p>\n<p>\t\t  <script async src=\"https:\/\/platform.twitter.com\/widgets.js\" charset=\"utf-8\"><\/script><\/p>\n","protected":false},"excerpt":{"rendered":"Il combattait aux c\u00f4t\u00e9s des Ukrainiens : un habitant de Bron tu\u00e9 sur la ligne de front ?&hellip;\n","protected":false},"author":2,"featured_media":158631,"comment_status":"","ping_status":"","sticky":false,"template":"","format":"standard","meta":{"footnotes":""},"categories":[1590],"tags":[1111,11,2813,2190,1109,251,1112,2811,1777,674,118,1922,1110,1114,2428,2810,12,241,316,2812,517,800,220],"class_list":{"0":"post-158630","1":"post","2":"type-post","3":"status-publish","4":"format-standard","5":"has-post-thumbnail","7":"category-ukraine","8":"tag-actu","9":"tag-actualites","10":"tag-article","11":"tag-asvel","12":"tag-breves","13":"tag-culture","14":"tag-depeches","15":"tag-economique","16":"tag-eu","17":"tag-europe","18":"tag-faits-divers","19":"tag-info","20":"tag-informations","21":"tag-infos","22":"tag-lyon","23":"tag-lyonmag","24":"tag-news","25":"tag-ol","26":"tag-politique","27":"tag-sociale","28":"tag-sport","29":"tag-transports","30":"tag-ukraine"},"share_on_mastodon":{"url":"https:\/\/pubeurope.com\/@fr\/114642616529629293","error":""},"_links":{"self":[{"href":"https:\/\/www.europesays.com\/fr\/wp-json\/wp\/v2\/posts\/158630","targetHints":{"allow":["GET"]}}],"collection":[{"href":"https:\/\/www.europesays.com\/fr\/wp-json\/wp\/v2\/posts"}],"about":[{"href":"https:\/\/www.europesays.com\/fr\/wp-json\/wp\/v2\/types\/post"}],"author":[{"embeddable":true,"href":"https:\/\/www.europesays.com\/fr\/wp-json\/wp\/v2\/users\/2"}],"replies":[{"embeddable":true,"href":"https:\/\/www.europesays.com\/fr\/wp-json\/wp\/v2\/comments?post=158630"}],"version-history":[{"count":0,"href":"https:\/\/www.europesays.com\/fr\/wp-json\/wp\/v2\/posts\/158630\/revisions"}],"wp:featuredmedia":[{"embeddable":true,"href":"https:\/\/www.europesays.com\/fr\/wp-json\/wp\/v2\/media\/158631"}],"wp:attachment":[{"href":"https:\/\/www.europesays.com\/fr\/wp-json\/wp\/v2\/media?parent=158630"}],"wp:term":[{"taxonomy":"category","embeddable":true,"href":"https:\/\/www.europesays.com\/fr\/wp-json\/wp\/v2\/categories?post=158630"},{"taxonomy":"post_tag","embeddable":true,"href":"https:\/\/www.europesays.com\/fr\/wp-json\/wp\/v2\/tags?post=158630"}],"curies":[{"name":"wp","href":"https:\/\/api.w.org\/{rel}","templated":true}]}}