{"id":158636,"date":"2025-06-07T14:46:10","date_gmt":"2025-06-07T14:46:10","guid":{"rendered":"https:\/\/www.europesays.com\/fr\/158636\/"},"modified":"2025-06-07T14:46:10","modified_gmt":"2025-06-07T14:46:10","slug":"equipe-de-france-quand-deschamps-veut-sinspirer-du-psg-pour-battre-lallemagne","status":"publish","type":"post","link":"https:\/\/www.europesays.com\/fr\/158636\/","title":{"rendered":"Equipe de France : Quand Deschamps veut s\u2019inspirer du PSG pour battre l\u2019Allemagne"},"content":{"rendered":"<p data-testid=\"article-teaser\">Et si Deschamps copiait le PSG pour reconstruire les Bleus ? Avant Allemagne-France, le s\u00e9lectionneur surprend par ses intentions.<\/p>\n<p>Avant de <a href=\"https:\/\/www.goal.com\/fr\/listes\/equipe-de-france-kylian-mbappe-prend-une-decision-forte-avant-l-allemagne\/blt49c58837377344ba\" target=\"_self\" rel=\"noopener\">conclure cette campagne de Ligue des Nations contre l\u2019Allemagne, dimanche, pour un match sans grand enjeu apparent<\/a>, Didier Deschamps s\u2019est exprim\u00e9 devant la presse. Visage ferm\u00e9 mais ton ferme, le s\u00e9lectionneur a analys\u00e9 <a href=\"https:\/\/www.goal.com\/fr\/listes\/france-espagne-4-5-de-l-humiliation-a-l-exploit-rate-le-match-le-plus-fou-de-l-annee\/blt930d12ddb3712b79\" target=\"_self\" rel=\"noopener\">la claque re\u00e7ue contre l\u2019Espagne (5-4)<\/a> et s\u2019est projet\u00e9 sur la petite finale. Loin de minimiser cette rencontre, il a surtout laiss\u00e9 entendre qu\u2019il tirerait profit de cette opposition pour faire tourner, tester, et&#8230; s\u2019inspirer d\u2019un certain PSG. Des propos inattendus, des d\u00e9cisions \u00e0 venir, et un \u0153il riv\u00e9 sur les \u00e9ch\u00e9ances futures.<\/p>\n<p>L&rsquo;article continue ci-dessous<\/p>\n","protected":false},"excerpt":{"rendered":"Et si Deschamps copiait le PSG pour reconstruire les Bleus ? Avant Allemagne-France, le s\u00e9lectionneur surprend par ses&hellip;\n","protected":false},"author":2,"featured_media":158637,"comment_status":"","ping_status":"","sticky":false,"template":"","format":"standard","meta":{"footnotes":""},"categories":[1587],"tags":[11,672,1804,448,4639,1805,1803,1777,674,27,1801,28967,6477,28965,447,921,28964,12,91,1802,28966],"class_list":{"0":"post-158636","1":"post","2":"type-post","3":"status-publish","4":"format-standard","5":"has-post-thumbnail","7":"category-allemagne","8":"tag-actualites","9":"tag-allemagne","10":"tag-bundesrepublik-deutschland","11":"tag-champions-league","12":"tag-d-deschamps","13":"tag-de","14":"tag-deutschland","15":"tag-eu","16":"tag-europe","17":"tag-france","18":"tag-germany","19":"tag-k-mbappe","20":"tag-kylian-mbappe","21":"tag-l-chevalier","22":"tag-ligue-des-champions","23":"tag-luis-enrique","24":"tag-m-maignan","25":"tag-news","26":"tag-paris-saint-germain","27":"tag-republique-federale-dallemagne","28":"tag-uefa-nations-league-a"},"share_on_mastodon":{"url":"https:\/\/pubeurope.com\/@fr\/114642628424563855","error":""},"_links":{"self":[{"href":"https:\/\/www.europesays.com\/fr\/wp-json\/wp\/v2\/posts\/158636","targetHints":{"allow":["GET"]}}],"collection":[{"href":"https:\/\/www.europesays.com\/fr\/wp-json\/wp\/v2\/posts"}],"about":[{"href":"https:\/\/www.europesays.com\/fr\/wp-json\/wp\/v2\/types\/post"}],"author":[{"embeddable":true,"href":"https:\/\/www.europesays.com\/fr\/wp-json\/wp\/v2\/users\/2"}],"replies":[{"embeddable":true,"href":"https:\/\/www.europesays.com\/fr\/wp-json\/wp\/v2\/comments?post=158636"}],"version-history":[{"count":0,"href":"https:\/\/www.europesays.com\/fr\/wp-json\/wp\/v2\/posts\/158636\/revisions"}],"wp:featuredmedia":[{"embeddable":true,"href":"https:\/\/www.europesays.com\/fr\/wp-json\/wp\/v2\/media\/158637"}],"wp:attachment":[{"href":"https:\/\/www.europesays.com\/fr\/wp-json\/wp\/v2\/media?parent=158636"}],"wp:term":[{"taxonomy":"category","embeddable":true,"href":"https:\/\/www.europesays.com\/fr\/wp-json\/wp\/v2\/categories?post=158636"},{"taxonomy":"post_tag","embeddable":true,"href":"https:\/\/www.europesays.com\/fr\/wp-json\/wp\/v2\/tags?post=158636"}],"curies":[{"name":"wp","href":"https:\/\/api.w.org\/{rel}","templated":true}]}}