{"id":158638,"date":"2025-06-07T14:47:10","date_gmt":"2025-06-07T14:47:10","guid":{"rendered":"https:\/\/www.europesays.com\/fr\/158638\/"},"modified":"2025-06-07T14:47:10","modified_gmt":"2025-06-07T14:47:10","slug":"le-pdg-de-nvidia-pourrait-annoncer-un-gros-projet-ia-en-europe","status":"publish","type":"post","link":"https:\/\/www.europesays.com\/fr\/158638\/","title":{"rendered":"Le PDG de Nvidia pourrait annoncer un gros projet IA en Europe"},"content":{"rendered":"<p>&#13;<br \/>\n        &#13;<br \/>\n&#13;<br \/>\n        &#13;<\/p>\n<p>Dans les prochains jours, le pdg de Nvidia devrait faire une tourn\u00e9e europ\u00e9enne plut\u00f4t dense. Si beaucoup se focalisent sur sa pr\u00e9sence pendant Vivatech o\u00f9 le salon parisien va\u00a0accueillir la conf\u00e9rence sur l\u2019IA <strong>NVIDIA GTC,\u00a0<\/strong>la tourn\u00e9e europ\u00e9enne rev\u00eat d\u2019autres enjeux. Il se murmure (de plus en plus fort) que Jensen Huang va aussi faire la rencontre des dirigeants allemands pour annoncer le plus gros projet de centre de donn\u00e9es autour de l\u2019IA d\u2019Europe. L\u2019Allemagne souhaite construire une gigantesque usine d\u2019intelligence artificielle et renforcer sa souverainet\u00e9 technologique en s\u2019\u00e9quipant de puces Nvidia. Le chiffre de 100 000 puces haut de gamme NVIDIA (peut-\u00eatre des <a href=\"https:\/\/overclocking.com\/gb200-nvl4-quatre-gpu-b200-sur-un-meme-pcb\/\" target=\"_blank\" rel=\"noopener\">GB200<\/a>) est \u00e9voqu\u00e9. Un investissement estim\u00e9 \u00e0 plus de 30 000 dollars pi\u00e8ce, portant le co\u00fbt partiel du projet \u00e0 environ 3 milliards de dollars, rien que pour le mat\u00e9riel. Ce projet ne sort pas de nul part puisqu\u2019il est au c\u0153ur du pacte de gouvernement sign\u00e9 par la r\u00e9cente coalition form\u00e9e par la CDU\/CSU et le SPD. Les partis ont convenu de financer la construction d\u2019une Gigafactory d\u2019IA en Allemagne, \u00e9quip\u00e9e de 100\u00a0000 puces hautes performances.<\/p>\n<p><img fetchpriority=\"high\" decoding=\"async\" class=\"wp-image-214586 size-full\" title=\"Nvidia IA gigafactory\" src=\"data:image\/svg+xml,%3Csvg%20xmlns=\" http:=\"\" alt=\"Nvidia IA gigafactory\" width=\"690\" height=\"455\" data-lazy- data-lazy- data-lazy-src=\"https:\/\/www.europesays.com\/fr\/wp-content\/uploads\/2025\/06\/Jensen-Huang-Nvidia-Intel-foundry.jpg\"\/>IA : Le Pdg de Nvidia fait le tour de l\u2019Europe pour compenser le chiffre qu\u2019il ne fait plus en Chine.<br \/>\nIA : Nvidia en tourn\u00e9e pour minimiser l\u2019impact de la Chine<\/p>\n<p>Cette op\u00e9ration est \u00e9videmment une opportunit\u00e9 particuli\u00e8rement int\u00e9ressante pour Nvidia qui<a href=\"https:\/\/overclocking.com\/bientot-la-fin-de-la-domination-de-nvidia-dans-lia-en-chine\/\" target=\"_blank\" rel=\"noopener\"> souffre des nouvelles r\u00e8gles US<\/a> pour commercer avec la Chine. D\u2019autres initiatives en Europe, mais de tailles plus modestes, pourraient aussi \u00eatre annonc\u00e9es.<\/p>\n<p>Comble de l\u2019ironie, c\u2019est \u00e0 Paris que <a href=\"https:\/\/wiki.overclocking.com\/db\/jensen-huang\/\" target=\"_blank\" rel=\"noopener\">Jensen Huang<\/a> pourrait d\u00e9tailler l\u2019op\u00e9ration allemande. Une installation qui va g\u00e9n\u00e9rer une demande d\u2019\u00e9nergie suppl\u00e9mentaire pour un pays qui pollue ses voisins en continuant \u00e0 utiliser significativement le charbon pour produire son \u00e9lectricit\u00e9\u2026On observera donc avec une certaine gourmandise les circonvolutions des officiels fran\u00e7ais pour nous expliquer l\u2019inexplicable.<\/p>\n<p>Il n\u2019en reste pas moins que le Pdg de Nvidia ne m\u00e9nage pas sa peine pour minimiser l\u2019impact des restrictions \u00e0 son business sur le march\u00e9 chinois. Ces derni\u00e8res semaines, les \u00e9quipes commerciales des verts ont ainsi fait la tourn\u00e9e des pays du Moyen-Orient. L\u00e0 encore Nvidia a sign\u00e9 plusieurs contrats se chiffrant en milliards de dollars avec des entreprises publiques financ\u00e9es par l\u2019argent du p\u00e9trole.<\/p>\n<p>\nPublicit\u00e9<\/p>\n<p>        &#13;<br \/>\n&#13;<br \/>\n        &#13;<br \/>\n                        &#13;<br \/>\n            &#13;<br \/>\n&#13;<br \/>\n                                                        &#13;<br \/>\n&#13;<\/p>\n","protected":false},"excerpt":{"rendered":"&#13; &#13; &#13; &#13; Dans les prochains jours, le pdg de Nvidia devrait faire une tourn\u00e9e europ\u00e9enne plut\u00f4t&hellip;\n","protected":false},"author":2,"featured_media":158639,"comment_status":"","ping_status":"","sticky":false,"template":"","format":"standard","meta":{"footnotes":""},"categories":[1586],"tags":[11,1777,674,1011,27,12,8835,25],"class_list":{"0":"post-158638","1":"post","2":"type-post","3":"status-publish","4":"format-standard","5":"has-post-thumbnail","7":"category-europe","8":"tag-actualites","9":"tag-eu","10":"tag-europe","11":"tag-fr","12":"tag-france","13":"tag-news","14":"tag-nvidia","15":"tag-republique-francaise"},"share_on_mastodon":{"url":"https:\/\/pubeurope.com\/@fr\/114642632480353064","error":""},"_links":{"self":[{"href":"https:\/\/www.europesays.com\/fr\/wp-json\/wp\/v2\/posts\/158638","targetHints":{"allow":["GET"]}}],"collection":[{"href":"https:\/\/www.europesays.com\/fr\/wp-json\/wp\/v2\/posts"}],"about":[{"href":"https:\/\/www.europesays.com\/fr\/wp-json\/wp\/v2\/types\/post"}],"author":[{"embeddable":true,"href":"https:\/\/www.europesays.com\/fr\/wp-json\/wp\/v2\/users\/2"}],"replies":[{"embeddable":true,"href":"https:\/\/www.europesays.com\/fr\/wp-json\/wp\/v2\/comments?post=158638"}],"version-history":[{"count":0,"href":"https:\/\/www.europesays.com\/fr\/wp-json\/wp\/v2\/posts\/158638\/revisions"}],"wp:featuredmedia":[{"embeddable":true,"href":"https:\/\/www.europesays.com\/fr\/wp-json\/wp\/v2\/media\/158639"}],"wp:attachment":[{"href":"https:\/\/www.europesays.com\/fr\/wp-json\/wp\/v2\/media?parent=158638"}],"wp:term":[{"taxonomy":"category","embeddable":true,"href":"https:\/\/www.europesays.com\/fr\/wp-json\/wp\/v2\/categories?post=158638"},{"taxonomy":"post_tag","embeddable":true,"href":"https:\/\/www.europesays.com\/fr\/wp-json\/wp\/v2\/tags?post=158638"}],"curies":[{"name":"wp","href":"https:\/\/api.w.org\/{rel}","templated":true}]}}