{"id":158664,"date":"2025-06-07T15:02:09","date_gmt":"2025-06-07T15:02:09","guid":{"rendered":"https:\/\/www.europesays.com\/fr\/158664\/"},"modified":"2025-06-07T15:02:09","modified_gmt":"2025-06-07T15:02:09","slug":"cliche-de-zef-champ-de-marguerites-a-plouarzel","status":"publish","type":"post","link":"https:\/\/www.europesays.com\/fr\/158664\/","title":{"rendered":"Clich\u00e9 de Zef\u00a0: champ de marguerites \u00e0 Plouarzel"},"content":{"rendered":"<p>Elles ne sont peut-\u00eatre pas aussi hautes que les \u00e9oliennes, mais elles se dressent tout aussi fi\u00e8rement\u00a0! \u00ab\u00a0J\u2019ai rarement vu un champ complet de marguerites\u2026 Pr\u00e8s d\u2019un hectare\u00a0!\u00a0\u00bb, confie Sylvain Rigo, notre photographe du jour. Merci \u00e0 lui\u00a0! Le clich\u00e9 a \u00e9t\u00e9 saisi \u00e0 deux pas des \u00e9oliennes de Plouarzel, direction Tr\u00e9zien, route de Kervilon.<\/p>\n<p>Si vous souhaitez, vous aussi, contribuer \u00e0 cette rubrique, adressez vos images, en haute r\u00e9solution et imp\u00e9rativement en format paysage (\u00e9vitez le mode panoramique), \u00e0 l\u2019adresse courriel cliches.brest@letelegramme.fr. Portraits, paysages, sc\u00e8nes de la vie quotidienne, insolite\u2026 Tout est permis\u00a0! L\u2019envoi de vos prises de vue vaut autorisation gratuite de les publier dans Le T\u00e9l\u00e9gramme, sur letelegramme.fr ainsi que sur les r\u00e9seaux sociaux.<\/p>\n","protected":false},"excerpt":{"rendered":"Elles ne sont peut-\u00eatre pas aussi hautes que les \u00e9oliennes, mais elles se dressent tout aussi fi\u00e8rement\u00a0! \u00ab\u00a0J\u2019ai&hellip;\n","protected":false},"author":2,"featured_media":158665,"comment_status":"","ping_status":"","sticky":false,"template":"","format":"standard","meta":{"footnotes":""},"categories":[1358],"tags":[1348,1384,1385,3450,22873,1386,58,59,1011,27,1756,22872],"class_list":{"0":"post-158664","1":"post","2":"type-post","3":"status-publish","4":"format-standard","5":"has-post-thumbnail","7":"category-arts-et-design","8":"tag-arts","9":"tag-arts-and-design","10":"tag-arts-et-design","11":"tag-brest","12":"tag-cliche-de-zef","13":"tag-design","14":"tag-divertissement","15":"tag-entertainment","16":"tag-fr","17":"tag-france","18":"tag-photographie","19":"tag-plouarzel"},"share_on_mastodon":{"url":"https:\/\/pubeurope.com\/@fr\/114642691277763479","error":""},"_links":{"self":[{"href":"https:\/\/www.europesays.com\/fr\/wp-json\/wp\/v2\/posts\/158664","targetHints":{"allow":["GET"]}}],"collection":[{"href":"https:\/\/www.europesays.com\/fr\/wp-json\/wp\/v2\/posts"}],"about":[{"href":"https:\/\/www.europesays.com\/fr\/wp-json\/wp\/v2\/types\/post"}],"author":[{"embeddable":true,"href":"https:\/\/www.europesays.com\/fr\/wp-json\/wp\/v2\/users\/2"}],"replies":[{"embeddable":true,"href":"https:\/\/www.europesays.com\/fr\/wp-json\/wp\/v2\/comments?post=158664"}],"version-history":[{"count":0,"href":"https:\/\/www.europesays.com\/fr\/wp-json\/wp\/v2\/posts\/158664\/revisions"}],"wp:featuredmedia":[{"embeddable":true,"href":"https:\/\/www.europesays.com\/fr\/wp-json\/wp\/v2\/media\/158665"}],"wp:attachment":[{"href":"https:\/\/www.europesays.com\/fr\/wp-json\/wp\/v2\/media?parent=158664"}],"wp:term":[{"taxonomy":"category","embeddable":true,"href":"https:\/\/www.europesays.com\/fr\/wp-json\/wp\/v2\/categories?post=158664"},{"taxonomy":"post_tag","embeddable":true,"href":"https:\/\/www.europesays.com\/fr\/wp-json\/wp\/v2\/tags?post=158664"}],"curies":[{"name":"wp","href":"https:\/\/api.w.org\/{rel}","templated":true}]}}