{"id":158668,"date":"2025-06-07T15:04:11","date_gmt":"2025-06-07T15:04:11","guid":{"rendered":"https:\/\/www.europesays.com\/fr\/158668\/"},"modified":"2025-06-07T15:04:11","modified_gmt":"2025-06-07T15:04:11","slug":"toulois-la-brasserie-de-la-candidate-de-lamour-est-dans-le-pre-change-de-main-et-de-nom","status":"publish","type":"post","link":"https:\/\/www.europesays.com\/fr\/158668\/","title":{"rendered":"Toulois. La brasserie de la candidate de \u00ab\u00a0L\u2019Amour est dans le pr\u00e9\u00a0\u00bb change de main et de nom"},"content":{"rendered":"<p>Apr\u00e8s un d\u00e9but de carri\u00e8re dans le secteur de la fromagerie et quelques ann\u00e9es \u00e0 la t\u00eate d\u2019une enseigne des Mousquetaires, Alexis Duval a d\u00e9cid\u00e9 de changer de vie.<\/p>\n<p>Proche d\u2019Agn\u00e8s Didier, quand il a su que la c\u00e9l\u00e8bre candidate de \u00ab\u00a0L\u2019Amour est dans le pr\u00e9\u00a0\u00bb mettait en vente sa brasserie artisanale, il a d\u00e9cid\u00e9 de se positionner. Comme un retour aux sources pour cet enfant du village convaincu par le potentiel de d\u00e9veloppement de ce type de commerce. \u00ab\u00a0Il n\u2019y a plus aucun bar sur Colombey-les-Belles ni sur le secteur. Pour sortir prendre un verre les gens sont oblig\u00e9s de pousser jusqu\u2019\u00e0 Toul voire Nancy\u00a0\u00bb, explique le tout jeune brasseur qui vient de la rebaptiser la brasserie de \u00ab\u00a0Ma\u00eetre Hanche\u00a0\u00bb pour un nouveau d\u00e9part. \u00ab\u00a0J\u2019ai choisi Kibell, un clin d\u2019\u0153il \u00e0 mes copains d\u2019enfance qui me surnommaient mouton\u00a0\u00bb, confie-t-il.<\/p>\n<p>  Soir\u00e9e le 21\u00a0juin pour la f\u00eate de la musique<\/p>\n<p>Cet ancrage local, Alexis entend bien le pousser \u00e0 l\u2019extr\u00eame avec le souci au-del\u00e0 de l\u2019activit\u00e9 purement brassicole, d\u2019en faire un lieu de vie \u00e0 Bagneux. Un bar-brasserie d\u00e9finitivement rouvert depuis un mois \u00e0 peine o\u00f9 il entend soigner l\u2019accueil et la chaleur humaine.<\/p>\n<p>Le repreneur de la brasserie de Bagneux a \u00e9galement d\u00e9voil\u00e9 son intention de d\u00e9velopper les soir\u00e9es festives comme savait le faire Agn\u00e8s et \u00e7a commencera le 21\u00a0juin pour la f\u00eate de la musique avec le c\u00e9l\u00e8bre ambianceur de karaok\u00e9, Jean-David Harmony. Avec un rythme mensuel certainement apr\u00e8s pour d\u2019autres concerts.<\/p>\n<p>  Un bar spacieux et de nouvelles bi\u00e8res<\/p>\n<p>Alexis a aussi pour projets de r\u00e9am\u00e9nager totalement l\u2019endroit pour cr\u00e9er un bar spacieux sur le devant et de faire la part belle aux jeux (baby-foot\u2026). Tout cela est pr\u00e9vu pour l\u2019ann\u00e9e prochaine en attendant il pr\u00e9voit une formation pour d\u00e9velopper de nouvelles bi\u00e8res artisanales.<\/p>\n<p>Ce contenu est bloqu\u00e9 car vous n&rsquo;avez pas accept\u00e9 les cookies et autres traceurs.<\/p>\n<p>En cliquant sur \u00ab J\u2019accepte \u00bb, les cookies et autres traceurs seront d\u00e9pos\u00e9s et vous pourrez visualiser les contenus  (<a href=\"\" class=\"consentModule_policy\" target=\"_blank\" title=\"Consulter la politique de protection des donn\u00e9es du fournisseur\">plus d&rsquo;informations<\/a>).<\/p>\n<p>En cliquant sur \u00ab J\u2019accepte tous les cookies \u00bb, vous autorisez des d\u00e9p\u00f4ts de cookies et autres traceurs pour le stockage de vos donn\u00e9es sur nos sites et applications \u00e0 des fins de personnalisation et de ciblage publicitaire.<\/p>\n<p class=\"consentModule_secondaryText\">Vous gardez la possibilit\u00e9 de retirer votre consentement \u00e0 tout moment en consultant notre <a href=\"https:\/\/www.estrepublicain.fr\/protection-des-donnees\" target=\"_blank\" title=\"Consulter notre politique de protection des donn\u00e9es\" rel=\"noopener\">politique de protection des donn\u00e9es<\/a>. <br \/>&#13;<br \/>\n            <a href=\"https:\/\/www.estrepublicain.fr\/economie\/2025\/06\/07\/javascript:Didomi.notice.show()\" class=\"consentModule_cmp\" target=\"_blank\" rel=\"noopener\">G\u00e9rer mes choix<\/a>&#13;\n        <\/p>\n<p>&#13;<br \/>\n                        J&rsquo;accepte&#13;<br \/>\n            J&rsquo;accepte tous les cookies&#13;\n        <\/p>\n<p>Il propose d\u00e9j\u00e0 des planches d\u00e9licieuses avec la volont\u00e9 de promouvoir l\u2019excellence locale\u00a0: charcuteries fines de Bicqueley, fromages de Goviller. Il r\u00e9fl\u00e9chit m\u00eame \u00e0 faire d\u00e9couvrir quelques vins du coin \u00e0 la carte\u00a0!<\/p>\n<p class=\"note\">La brasserie qui vend en f\u00fbt et en bouteilles est ouverte du jeudi au samedi de 17\u00a0h \u00e0 22\u00a0h ainsi qu\u2019un dimanche matin sur deux.<\/p>\n","protected":false},"excerpt":{"rendered":"Apr\u00e8s un d\u00e9but de carri\u00e8re dans le secteur de la fromagerie et quelques ann\u00e9es \u00e0 la t\u00eate d\u2019une&hellip;\n","protected":false},"author":2,"featured_media":158669,"comment_status":"","ping_status":"","sticky":false,"template":"","format":"standard","meta":{"footnotes":""},"categories":[1356],"tags":[21654,13911,4406,58,33,1705,59,1011,27,252,1364],"class_list":{"0":"post-158668","1":"post","2":"type-post","3":"status-publish","4":"format-standard","5":"has-post-thumbnail","7":"category-television","8":"tag-bagneux","9":"tag-cc-du-pays-de-colombey-et-du-sud-toulois-54d","10":"tag-commerce-et-services","11":"tag-divertissement","12":"tag-economie","13":"tag-edition-toul","14":"tag-entertainment","15":"tag-fr","16":"tag-france","17":"tag-television","18":"tag-tv"},"share_on_mastodon":{"url":"https:\/\/pubeurope.com\/@fr\/114642699723366869","error":""},"_links":{"self":[{"href":"https:\/\/www.europesays.com\/fr\/wp-json\/wp\/v2\/posts\/158668","targetHints":{"allow":["GET"]}}],"collection":[{"href":"https:\/\/www.europesays.com\/fr\/wp-json\/wp\/v2\/posts"}],"about":[{"href":"https:\/\/www.europesays.com\/fr\/wp-json\/wp\/v2\/types\/post"}],"author":[{"embeddable":true,"href":"https:\/\/www.europesays.com\/fr\/wp-json\/wp\/v2\/users\/2"}],"replies":[{"embeddable":true,"href":"https:\/\/www.europesays.com\/fr\/wp-json\/wp\/v2\/comments?post=158668"}],"version-history":[{"count":0,"href":"https:\/\/www.europesays.com\/fr\/wp-json\/wp\/v2\/posts\/158668\/revisions"}],"wp:featuredmedia":[{"embeddable":true,"href":"https:\/\/www.europesays.com\/fr\/wp-json\/wp\/v2\/media\/158669"}],"wp:attachment":[{"href":"https:\/\/www.europesays.com\/fr\/wp-json\/wp\/v2\/media?parent=158668"}],"wp:term":[{"taxonomy":"category","embeddable":true,"href":"https:\/\/www.europesays.com\/fr\/wp-json\/wp\/v2\/categories?post=158668"},{"taxonomy":"post_tag","embeddable":true,"href":"https:\/\/www.europesays.com\/fr\/wp-json\/wp\/v2\/tags?post=158668"}],"curies":[{"name":"wp","href":"https:\/\/api.w.org\/{rel}","templated":true}]}}