{"id":158674,"date":"2025-06-07T15:07:10","date_gmt":"2025-06-07T15:07:10","guid":{"rendered":"https:\/\/www.europesays.com\/fr\/158674\/"},"modified":"2025-06-07T15:07:10","modified_gmt":"2025-06-07T15:07:10","slug":"cette-reaction-allergique-majeure-peut-tuer-en-quelques-minutes-voici-les-premiers-signes-a-ne-surtout-pas-negliger","status":"publish","type":"post","link":"https:\/\/www.europesays.com\/fr\/158674\/","title":{"rendered":"Cette r\u00e9action allergique majeure peut tuer en quelques minutes, voici les premiers signes \u00e0 ne surtout pas n\u00e9gliger"},"content":{"rendered":"<p>L\u2019anaphylaxie peut \u00eatre mortelle. Cette r\u00e9action allergique est au c\u0153ur de la <a data-i13n=\"cpos:1;pos:1\" href=\"https:\/\/www.datapressepremium.com\/rmdiff\/2012454\/CP-SYFAL-20253.pdf\" rel=\"nofollow noopener\" target=\"_blank\" data-ylk=\"slk:Semaine mondiale de l&#039;allergie qui se tiendra entre les 29 juin et 5 juillet;cpos:1;pos:1;elm:context_link;itc:0;sec:content-canvas\" class=\"link \">Semaine mondiale de l&rsquo;allergie qui se tiendra entre les 29 juin et 5 juillet<\/a> prochains. Cette ann\u00e9e, l\u2019ARCAA (Association de Recherche Clinique en Allergologie et Asthmologie) et le Syndicat Fran\u00e7ais des Allergologues (SYFAL) soutenue par les instances de l\u2019allergologie lancent une \u00e9dition gratuite et ouverte \u00e0 tous pour apprendre \u00e0 identifier les sympt\u00f4mes de l\u2019anaphylaxie et, ainsi, r\u00e9agir rapidement.<\/p>\n<p><strong>LIRE AUSSI &gt;&gt; <\/strong><a data-i13n=\"cpos:2;pos:1\" href=\"https:\/\/fr.news.yahoo.com\/elle-pensait-avoir-une-allergie-a-l%C5%93il-elle-souffrait-dun-trouble-neurologique-165639584.html\" data-ylk=\"slk:Elle pensait avoir une allergie \u00e0 l&#039;\u0153il, elle souffrait d&#039;un trouble neurologique;cpos:2;pos:1;elm:context_link;itc:0;sec:content-canvas;outcm:mb_qualified_link;_E:mb_qualified_link;ct:story;\" class=\"link  yahoo-link\" rel=\"nofollow noopener\" target=\"_blank\"><strong>Elle pensait avoir une allergie \u00e0 l&rsquo;\u0153il, elle souffrait d&rsquo;un trouble neurologique<\/strong><\/a><\/p>\n<p>Chaque ann\u00e9e, des milliers de personnes en France sont touch\u00e9es par cette r\u00e9action allergique grave, soudaine et potentiellement mortelle. Elle se produit quand le corps r\u00e9agit \u00e0 une substance comme un aliment, un m\u00e9dicament, une piq\u00fbre d\u2019insecte ou un allerg\u00e8ne respiratoire. Dans le cas de l\u2019anaphylaxie, plusieurs organes sont touch\u00e9s, ce qui provoque de graves cons\u00e9quences comme une chute de la tension art\u00e9rielle, des difficult\u00e9s respiratoires, voire un arr\u00eat cardiaque. \u00ab\u00a0En France, 5 000 cas d\u2019anaphylaxie sont recens\u00e9s chaque ann\u00e9e et hospitalis\u00e9s, et ce chiffre est en constante augmentation. Certains patients arrivent trop tard ou ne maitrise pas les bons gestes. Il est urgent de faire conna\u00eetre cette r\u00e9action allergique extr\u00eame au plus grand nombre \u2013 car savoir reconna\u00eetre les premiers signes, c\u2019est d\u00e9j\u00e0 sauver une vie\u00a0\u00bb, souligne le Dr S\u00e9verine Fernandez, allergologue, pr\u00e9sidente du SYFAL. D&rsquo;apr\u00e8s les chiffres communiqu\u00e9s par le syndicat, 10% de la population est touch\u00e9e par des allergies s\u00e9v\u00e8res.<\/p>\n<p>Les signes d&rsquo;alerte<\/p>\n<p>En amont de cette semaine de sensibilisation, les experts rappellent les signes qui doivent rapidement \u00eatre pris au s\u00e9rieux : une difficult\u00e9 \u00e0 respirer, une sensation d\u2019\u00e9touffement, un urticaire g\u00e9n\u00e9ralis\u00e9, des rougeurs, des d\u00e9mangeaisons, un gonflement des l\u00e8vres ou de la langue, un malaise, des vertiges, une chute de tension, des naus\u00e9es, des vomissements, des douleurs abdominales ou un sentiment de mort imminente. Autant de signes d&rsquo;alerte qui doivent imm\u00e9diatement pousser \u00e0 contacter les secours. Car \u00ab\u00a0l\u2019anaphylaxie est une r\u00e9action allergique qui peut \u00eatre mortelle en moins de 15 minutes\u00a0\u00bb, pr\u00e9cise l\u2019<a data-i13n=\"cpos:3;pos:1\" href=\"https:\/\/allergyasthmanetwork.org\/anaphylaxis\/\" rel=\"nofollow noopener\" target=\"_blank\" data-ylk=\"slk:Allergy &amp; Asthma Network;cpos:3;pos:1;elm:context_link;itc:0;sec:content-canvas\" class=\"link \">Allergy &amp; Asthma Network<\/a>.<\/p>\n<p><strong>LIRE AUSSI &gt;&gt;<\/strong> <a data-i13n=\"cpos:4;pos:1\" href=\"https:\/\/fr.news.yahoo.com\/elle-pensait-avoir-une-allergie-a-l%C5%93il-elle-souffrait-dun-trouble-neurologique-165639584.html\" data-ylk=\"slk:Elle pensait avoir une allergie \u00e0 l&#039;\u0153il, elle souffrait d&#039;un trouble neurologique;cpos:4;pos:1;elm:context_link;itc:0;sec:content-canvas;outcm:mb_qualified_link;_E:mb_qualified_link;ct:story;\" class=\"link  yahoo-link\" rel=\"nofollow noopener\" target=\"_blank\">Elle pensait avoir une allergie \u00e0 l&rsquo;\u0153il, elle souffrait d&rsquo;un trouble neurologique<\/a><\/p>\n<p>Reconna\u00eetre les signaux permet d&rsquo;agir vite mais encore faut-il savoir utiliser un stylo auto-injecteur d\u2019adr\u00e9naline. Pour une r\u00e9action rapide, tous les patients \u00e0 risque doivent poss\u00e9der cet \u00e9quipement. Ce stylo \u00e0 usage unique est \u00e0 injecter dans la face ext\u00e9rieure de la cuisse pour une action rapide. Il est \u00e9galement indispensable de former ses proches \u00e0 l&rsquo;utilisation de ce stylo.<\/p>\n<p>\u00ab\u00a0L\u2019anaphylaxie peut survenir dans une cour d\u2019\u00e9cole, dans une cuisine, dans la rue, un jardin public\u2026 La formation du grand public est une priorit\u00e9 absolue\u00a0\u00bb, mart\u00e8le le Dr S\u00e9verine Fernandez, pr\u00e9sidente du SYFAL. Aujourd&rsquo;hui, les cas d&rsquo;anaphylaxie sont en augmentation avec entre 1,5 et 7,9 cas pour 100 000 personnes par an.<\/p>\n","protected":false},"excerpt":{"rendered":"L\u2019anaphylaxie peut \u00eatre mortelle. Cette r\u00e9action allergique est au c\u0153ur de la Semaine mondiale de l&rsquo;allergie qui se&hellip;\n","protected":false},"author":2,"featured_media":158675,"comment_status":"","ping_status":"","sticky":false,"template":"","format":"standard","meta":{"footnotes":""},"categories":[10],"tags":[1011,27,72,25564,71,28968],"class_list":{"0":"post-158674","1":"post","2":"type-post","3":"status-publish","4":"format-standard","5":"has-post-thumbnail","7":"category-sante","8":"tag-fr","9":"tag-france","10":"tag-health","11":"tag-les-experts","12":"tag-sante","13":"tag-trouble-neurologique"},"share_on_mastodon":{"url":"https:\/\/pubeurope.com\/@fr\/114642711010320410","error":""},"_links":{"self":[{"href":"https:\/\/www.europesays.com\/fr\/wp-json\/wp\/v2\/posts\/158674","targetHints":{"allow":["GET"]}}],"collection":[{"href":"https:\/\/www.europesays.com\/fr\/wp-json\/wp\/v2\/posts"}],"about":[{"href":"https:\/\/www.europesays.com\/fr\/wp-json\/wp\/v2\/types\/post"}],"author":[{"embeddable":true,"href":"https:\/\/www.europesays.com\/fr\/wp-json\/wp\/v2\/users\/2"}],"replies":[{"embeddable":true,"href":"https:\/\/www.europesays.com\/fr\/wp-json\/wp\/v2\/comments?post=158674"}],"version-history":[{"count":0,"href":"https:\/\/www.europesays.com\/fr\/wp-json\/wp\/v2\/posts\/158674\/revisions"}],"wp:featuredmedia":[{"embeddable":true,"href":"https:\/\/www.europesays.com\/fr\/wp-json\/wp\/v2\/media\/158675"}],"wp:attachment":[{"href":"https:\/\/www.europesays.com\/fr\/wp-json\/wp\/v2\/media?parent=158674"}],"wp:term":[{"taxonomy":"category","embeddable":true,"href":"https:\/\/www.europesays.com\/fr\/wp-json\/wp\/v2\/categories?post=158674"},{"taxonomy":"post_tag","embeddable":true,"href":"https:\/\/www.europesays.com\/fr\/wp-json\/wp\/v2\/tags?post=158674"}],"curies":[{"name":"wp","href":"https:\/\/api.w.org\/{rel}","templated":true}]}}