{"id":158690,"date":"2025-06-07T15:15:22","date_gmt":"2025-06-07T15:15:22","guid":{"rendered":"https:\/\/www.europesays.com\/fr\/158690\/"},"modified":"2025-06-07T15:15:22","modified_gmt":"2025-06-07T15:15:22","slug":"un-dentiste-condamne-pour-harcelement","status":"publish","type":"post","link":"https:\/\/www.europesays.com\/fr\/158690\/","title":{"rendered":"un dentiste condamn\u00e9 pour harc\u00e8lement"},"content":{"rendered":"<p>La pr\u00e9sidente\u00a0: \u00ab\u00a0\u00c7a ne vous interroge pas, d\u2019avoir une salari\u00e9e en larmes\u00a0?\u00a0\u00bb Le pr\u00e9venu\u00a0: \u00ab\u00a0Elle ne pleurait pas devant moi\u2026\u00a0\u00bb.<\/p>\n<p>Tarek Medjenah, dentiste install\u00e9 \u00e0 Saint-Priest-en-Jarez, a bien l\u2019intention de se d\u00e9fendre face aux accusations de harc\u00e8lement moral dont il doit r\u00e9pondre.<\/p>\n<p>Le dentiste \u00ab\u00a0lui parlait comme \u00e0 un chien\u00a0\u00bb<\/p>\n<p>C\u2019est son ancienne salari\u00e9e qui l\u2019a tra\u00een\u00e9 devant le tribunal correctionnel. La dame, pr\u00e9sente \u00e0 l\u2019audience et visiblement&#8230;<\/p>\n","protected":false},"excerpt":{"rendered":"La pr\u00e9sidente\u00a0: \u00ab\u00a0\u00c7a ne vous interroge pas, d\u2019avoir une salari\u00e9e en larmes\u00a0?\u00a0\u00bb Le pr\u00e9venu\u00a0: \u00ab\u00a0Elle ne pleurait pas&hellip;\n","protected":false},"author":2,"featured_media":158691,"comment_status":"","ping_status":"","sticky":false,"template":"","format":"standard","meta":{"footnotes":""},"categories":[9653],"tags":[1111,11,2430,7539,1777,674,274,107,1011,27,3367,12,25,4001,9664,15696],"class_list":{"0":"post-158690","1":"post","2":"type-post","3":"status-publish","4":"format-standard","5":"has-post-thumbnail","7":"category-saint-etienne","8":"tag-actu","9":"tag-actualites","10":"tag-auvergne-rhone-alpes","11":"tag-edition-loire-sud","12":"tag-eu","13":"tag-europe","14":"tag-faits-divers-justice","15":"tag-fil-info","16":"tag-fr","17":"tag-france","18":"tag-loire","19":"tag-news","20":"tag-republique-francaise","21":"tag-saint-etienne","22":"tag-saint-etienne-bassin","23":"tag-saint-priest-en-jarez"},"share_on_mastodon":{"url":"https:\/\/pubeurope.com\/@fr\/114642742403313454","error":""},"_links":{"self":[{"href":"https:\/\/www.europesays.com\/fr\/wp-json\/wp\/v2\/posts\/158690","targetHints":{"allow":["GET"]}}],"collection":[{"href":"https:\/\/www.europesays.com\/fr\/wp-json\/wp\/v2\/posts"}],"about":[{"href":"https:\/\/www.europesays.com\/fr\/wp-json\/wp\/v2\/types\/post"}],"author":[{"embeddable":true,"href":"https:\/\/www.europesays.com\/fr\/wp-json\/wp\/v2\/users\/2"}],"replies":[{"embeddable":true,"href":"https:\/\/www.europesays.com\/fr\/wp-json\/wp\/v2\/comments?post=158690"}],"version-history":[{"count":0,"href":"https:\/\/www.europesays.com\/fr\/wp-json\/wp\/v2\/posts\/158690\/revisions"}],"wp:featuredmedia":[{"embeddable":true,"href":"https:\/\/www.europesays.com\/fr\/wp-json\/wp\/v2\/media\/158691"}],"wp:attachment":[{"href":"https:\/\/www.europesays.com\/fr\/wp-json\/wp\/v2\/media?parent=158690"}],"wp:term":[{"taxonomy":"category","embeddable":true,"href":"https:\/\/www.europesays.com\/fr\/wp-json\/wp\/v2\/categories?post=158690"},{"taxonomy":"post_tag","embeddable":true,"href":"https:\/\/www.europesays.com\/fr\/wp-json\/wp\/v2\/tags?post=158690"}],"curies":[{"name":"wp","href":"https:\/\/api.w.org\/{rel}","templated":true}]}}