{"id":158692,"date":"2025-06-07T15:16:18","date_gmt":"2025-06-07T15:16:18","guid":{"rendered":"https:\/\/www.europesays.com\/fr\/158692\/"},"modified":"2025-06-07T15:16:18","modified_gmt":"2025-06-07T15:16:18","slug":"alexane-gery-quitte-les-vertes-pour-une-nouvelle-aventure","status":"publish","type":"post","link":"https:\/\/www.europesays.com\/fr\/158692\/","title":{"rendered":"Alexane G\u00e9ry quitte les vertes pour une nouvelle aventure."},"content":{"rendered":"<p><strong>Apr\u00e8s neuf ann\u00e9es pass\u00e9es au sein de l&rsquo;AS Saint-\u00c9tienne F\u00e9minin, la gardienne de but Alexane Gery quitte le club<\/strong>.<\/p>\n<p>Form\u00e9e chez les Vertes, elle a marqu\u00e9 l\u2019histoire de l\u2019\u00e9quipe par son engagement et son talent. le club \u00e0 l&rsquo;annonce de son d\u00e9part lui a souhait\u00e9\u00a0des v\u0153ux de succ\u00e8s pour la suite de sa carri\u00e8re.<\/p>\n<p>\u00a0 \u00a0 \u00a0 \u00a0\u00ab L&rsquo;ensemble du club te souhaite le meilleur, Alexane ! \u00a0\u00bb, a d\u00e9clar\u00e9 le club sur son compte officiel.<\/p>\n<p>Ce d\u00e9part cl\u00f4t une belle page pour la joueuse et l\u2019ASSE, qui continue de pr\u00e9parer la saison prochaineen premi\u00e8re ligue Arkema.<\/p>\n<p>\u00a0<\/p>\n<p>\u00a0 \u00a0 \u00a0 \u00a0 \u00a0 \u00a0 \u00a0 \u00a0 Kossigan AGAMAKOU\u00a0<\/p>\n<p>                                                                            (function(d, s, id) {<br \/>\n            var js, fjs = d.getElementsByTagName(s)[0];<br \/>\n            if (d.getElementById(id)) return;<br \/>\n            js = d.createElement(s); js.id = id;<br \/>\n            js.src = \u00ab\u00a0\/\/connect.facebook.net\/fr_FR\/sdk.js#xfbml=1&#038;version=v2.8\u00a0\u00bb;<br \/>\n            fjs.parentNode.insertBefore(js, fjs);<br \/>\n        }(document, &lsquo;script&rsquo;, &lsquo;facebook-jssdk&rsquo;));<\/p>\n","protected":false},"excerpt":{"rendered":"Apr\u00e8s neuf ann\u00e9es pass\u00e9es au sein de l&rsquo;AS Saint-\u00c9tienne F\u00e9minin, la gardienne de but Alexane Gery quitte le&hellip;\n","protected":false},"author":2,"featured_media":158693,"comment_status":"","ping_status":"","sticky":false,"template":"","format":"standard","meta":{"footnotes":""},"categories":[9653],"tags":[1111,11,28971,461,2430,1777,674,1011,27,12,25,4001],"class_list":{"0":"post-158692","1":"post","2":"type-post","3":"status-publish","4":"format-standard","5":"has-post-thumbnail","7":"category-saint-etienne","8":"tag-actu","9":"tag-actualites","10":"tag-alexane-gery","11":"tag-asse","12":"tag-auvergne-rhone-alpes","13":"tag-eu","14":"tag-europe","15":"tag-fr","16":"tag-france","17":"tag-news","18":"tag-republique-francaise","19":"tag-saint-etienne"},"share_on_mastodon":{"url":"https:\/\/pubeurope.com\/@fr\/114642746307073591","error":""},"_links":{"self":[{"href":"https:\/\/www.europesays.com\/fr\/wp-json\/wp\/v2\/posts\/158692","targetHints":{"allow":["GET"]}}],"collection":[{"href":"https:\/\/www.europesays.com\/fr\/wp-json\/wp\/v2\/posts"}],"about":[{"href":"https:\/\/www.europesays.com\/fr\/wp-json\/wp\/v2\/types\/post"}],"author":[{"embeddable":true,"href":"https:\/\/www.europesays.com\/fr\/wp-json\/wp\/v2\/users\/2"}],"replies":[{"embeddable":true,"href":"https:\/\/www.europesays.com\/fr\/wp-json\/wp\/v2\/comments?post=158692"}],"version-history":[{"count":0,"href":"https:\/\/www.europesays.com\/fr\/wp-json\/wp\/v2\/posts\/158692\/revisions"}],"wp:featuredmedia":[{"embeddable":true,"href":"https:\/\/www.europesays.com\/fr\/wp-json\/wp\/v2\/media\/158693"}],"wp:attachment":[{"href":"https:\/\/www.europesays.com\/fr\/wp-json\/wp\/v2\/media?parent=158692"}],"wp:term":[{"taxonomy":"category","embeddable":true,"href":"https:\/\/www.europesays.com\/fr\/wp-json\/wp\/v2\/categories?post=158692"},{"taxonomy":"post_tag","embeddable":true,"href":"https:\/\/www.europesays.com\/fr\/wp-json\/wp\/v2\/tags?post=158692"}],"curies":[{"name":"wp","href":"https:\/\/api.w.org\/{rel}","templated":true}]}}