{"id":158700,"date":"2025-06-07T15:20:14","date_gmt":"2025-06-07T15:20:14","guid":{"rendered":"https:\/\/www.europesays.com\/fr\/158700\/"},"modified":"2025-06-07T15:20:14","modified_gmt":"2025-06-07T15:20:14","slug":"21-jours-pour-un-bouclier","status":"publish","type":"post","link":"https:\/\/www.europesays.com\/fr\/158700\/","title":{"rendered":"21 jours pour un bouclier"},"content":{"rendered":"\n<p>Le compte \u00e0 rebours a commenc\u00e9 sur la Rade. Celui d\u2019une mission commando qui doit amener les joueurs du RCT au Stade de France le 28\u00a0juin pour la finale du Top 14, comme l\u2019esp\u00e8re Pierre Mignoni\u00a0: \u00ab\u00a0\u00c7a m\u2019excite. Quand il reste 23\u00a0jours pour aller au bout, t\u2019as envie d\u2019y \u00eatre. Et \u00e7a passe par tout ce qui va arriver \u00e0 partir de maintenant.\u00a0\u00bb 21\u00a0jours chrono, d\u00e9sormais. Et il y a fort \u00e0 parier que l\u2019entra\u00eeneur toulonnais, ma\u00eetre du jeu et du temps, saura le rappeler \u00e0 ses joueurs, parmi lesquels certains hommes forts (Wainiqolo, Le Corvec, Fainga\u2019anuku&#8230;) quitteront le navire \u00e0 cette \u00e9ch\u00e9ance.<\/p>\n<p>Au rang des d\u00e9barquements les plus \u00e9mouvants, celui de Facundo Isa arrive forc\u00e9ment en haut de la pile. \u00ab\u00a0Je l\u2019ai vu arriver \u00e0 19\u00a0ans \u00e0 Toulon. Je l\u2019avais ensuite r\u00e9cup\u00e9r\u00e9 \u00e0 Lyon une demi-saison. On a une relation particuli\u00e8re, mais je ne veux pas trop \u00eatre dans l\u2019affect du moment\u00a0\u00bb, mart\u00e8le Mignoni, appuy\u00e9 par le principal int\u00e9ress\u00e9\u00a0: \u00ab\u00a0Depuis quelques mois c\u2019est particulier. Je ne r\u00e9alise pas encore mon d\u00e9part, mais c\u2019est comme \u00e7a. J\u2019essaie de ne pas me mettre la pression, de faire le mieux pour l\u2019\u00e9quipe jusqu\u2019au bout.\u00a0\u00bb<\/p>\n<p> \u00ab\u00a0Un premier match<br \/>\n               <br \/>de phase finale\u00a0\u00bb\n              <\/p>\n<p>21\u00a0jours, \u00e0 commencer par le premier, ce samedi, \u00e0 Bayonne, o\u00f9 l\u2019espoir d\u2019une qualification directe pour les demi-finales, \u00e0 la condition de prendre au moins un point de plus que Bordeaux-B\u00e8gles (qui re\u00e7oit la lanterne rouge, Vannes, en lutte pour sa survie), reste encore permis.<\/p>\n<p>M\u00eame si dans le camp toulonnais, on ne se berce plus vraiment d\u2019illusions, faute d\u2019avoir su prendre le point du bonus face \u00e0 ces m\u00eames Girondins dimanche dernier (27-10)\u00a0: \u00ab\u00a0La 2e place ne d\u00e9pend pas que de nous. Tant pis, on avait l\u2019opportunit\u00e9, on ne l\u2019a pas prise. On va essayer de prendre ce match par le bon bout. On est tr\u00e8s attendu. \u00c7a va \u00eatre un gros match de pr\u00e9paration pour les phases finales\u00a0\u00bb, pr\u00e9voit Pierre Mignoni.<\/p>\n<p>Apr\u00e8s trois d\u00e9faites de rang, cette victoire a cepndant fait du bien dans les t\u00eates\u00a0: \u00ab\u00a0\u00c7a a \u00e9t\u00e9 compliqu\u00e9 avec les d\u00e9faites, mais on savait qu\u2019on n\u2019\u00e9tait pas \u00e0 l\u2019ouest, \u00e0 part peut-\u00eatre contre Toulouse. Avec cette victoire, on ne s\u2019assure pas un match tranquille \u00e0 Bayonne, car on a envie de gagner, mais on s\u2019est assur\u00e9 de jouer un match de barrage \u00e0 domicile\u00a0\u00bb, positive Gabin Villi\u00e8re, qui voit cette rencontre face \u00e0 Bayonne comme \u00ab\u00a0un premier match de phase finale\u00a0\u00bb.<\/p>\n<p>\u00ab\u00a0Je suis content des intentions, moins de la r\u00e9alisation, ce qui fait qu\u2019on n\u2019a pas pris le bonus aussi. Ce n\u2019\u00e9tait pas le match de l\u2019ann\u00e9e, mais au moins on a vu des choses, des passes apr\u00e8s contact, on a fait vivre le ballon&#8230; Il y a eu du d\u00e9chet mais le ballon commence \u00e0 glisser, avec la sueur et les soir\u00e9es humides. On ne va jouer qu\u2019\u00e0 21h d\u00e9sormais, on essaie de s\u2019habituer aux conditions. J\u2019esp\u00e8re qu\u2019on va continuer \u00e0 avoir des intentions, du rythme\u00a0\u00bb, analyse Pierre Mignoni, pr\u00e9voyant.<\/p>\n<p>21\u00a0heures, 21\u00a0jours&#8230; que des triples 7 pour porter la bonne \u00e9toile aux Rouge et Noir. Jusqu\u2019au bouclier\u00a0?<\/p>\n<p>Bayonne \u2013 Toulon <\/p>\n<p><b>26e journ\u00e9e de Top 14 &#8211; <\/b>Samedi 7 juin, 21h05<\/p>\n<p>Stade Jean-Dauger, Bayonne<\/p>\n<p>Arbitres : M. Bralley assist\u00e9 de MM. Bru et Mallet, et M. Bonhoure (vid\u00e9o)<\/p>\n<p><b>Bayonne :<\/b> Tiberghien ; T. Spring, Maqala, M. Tuilagi, Carreras ; Segonds, Rouet ; Chouzenoux, Cassiem, Bruni ; Moon, Iturria (c) ; Tagi, Bosch, Cormenier.<\/p>\n<p><b>Toulon :<\/b> Jaminet ; Wainiqolo, Fainga\u2019anuku, Nonu, Villi\u00e8re ; Garbisi, White ; Coulon, Isa, Ludlam ; Alainu\u2019uese, Ribbans (c) ; Gigashvili, Ivaldi, Priso.<\/p>\n<p><b>Nonu sort du bois<\/b><\/p>\n<p>Son retour au RCT avait fait grand bruit. Depuis, Ma\u2019a Nonu n\u2019a pass\u00e9 que 35 minutes sur le terrain. Mais la l\u00e9gende des All Blacks devrait enfin pouvoir s\u2019exprimer samedi : \u00ab Ma\u2019a a un r\u00f4le moteur que vous ne voyez pas car vous l\u2019avez peu vu sur le terrain. La capacit\u00e9 d\u2019impact qu\u2019il a sur les autres, par les actes, c\u2019est impressionnant. En termes de rugby, il est en train de retrouver un niveau qui fait que j\u2019ai h\u00e9sit\u00e9 \u00e0 le faire jouer r\u00e9cemment, mais il a eu une blessure. Il a fallu le faire revenir. Il commence \u00e0 avoir faim, c\u2019est un comp\u00e9titeur \u00bb, appuie Pierre Mignoni.<\/p>\n<p><b>Quatre absents, Garbisi de retour.<\/b><\/p>\n<p>Plusieurs joueurs manqueront \u00e0 l\u2019appel pour ce d\u00e9placement en terre basque : Enzo Herv\u00e9 (ischio), Sinzelle (cheville), Sma\u00efli (r\u00e9athl\u00e9tisation) et Dr\u00e9an (raisons personnelles), en plus des bless\u00e9s de longue date (Ollivon, Fritsch et Lucchesi). En revanche, Garbisi fait son retour dans le groupe, remis de sa commotion subie face \u00e0 Toulouse le 10 mai dernier.<\/p>\n","protected":false},"excerpt":{"rendered":"Le compte \u00e0 rebours a commenc\u00e9 sur la Rade. Celui d\u2019une mission commando qui doit amener les joueurs&hellip;\n","protected":false},"author":2,"featured_media":158701,"comment_status":"","ping_status":"","sticky":false,"template":"","format":"standard","meta":{"footnotes":""},"categories":[9619],"tags":[1111,11,12125,1777,674,1011,27,12,882,25,2310],"class_list":{"0":"post-158700","1":"post","2":"type-post","3":"status-publish","4":"format-standard","5":"has-post-thumbnail","7":"category-toulon","8":"tag-actu","9":"tag-actualites","10":"tag-adam-benhammouda","11":"tag-eu","12":"tag-europe","13":"tag-fr","14":"tag-france","15":"tag-news","16":"tag-provence-alpes-cote-dazur","17":"tag-republique-francaise","18":"tag-toulon"},"share_on_mastodon":{"url":"https:\/\/pubeurope.com\/@fr\/114642762041910744","error":""},"_links":{"self":[{"href":"https:\/\/www.europesays.com\/fr\/wp-json\/wp\/v2\/posts\/158700","targetHints":{"allow":["GET"]}}],"collection":[{"href":"https:\/\/www.europesays.com\/fr\/wp-json\/wp\/v2\/posts"}],"about":[{"href":"https:\/\/www.europesays.com\/fr\/wp-json\/wp\/v2\/types\/post"}],"author":[{"embeddable":true,"href":"https:\/\/www.europesays.com\/fr\/wp-json\/wp\/v2\/users\/2"}],"replies":[{"embeddable":true,"href":"https:\/\/www.europesays.com\/fr\/wp-json\/wp\/v2\/comments?post=158700"}],"version-history":[{"count":0,"href":"https:\/\/www.europesays.com\/fr\/wp-json\/wp\/v2\/posts\/158700\/revisions"}],"wp:featuredmedia":[{"embeddable":true,"href":"https:\/\/www.europesays.com\/fr\/wp-json\/wp\/v2\/media\/158701"}],"wp:attachment":[{"href":"https:\/\/www.europesays.com\/fr\/wp-json\/wp\/v2\/media?parent=158700"}],"wp:term":[{"taxonomy":"category","embeddable":true,"href":"https:\/\/www.europesays.com\/fr\/wp-json\/wp\/v2\/categories?post=158700"},{"taxonomy":"post_tag","embeddable":true,"href":"https:\/\/www.europesays.com\/fr\/wp-json\/wp\/v2\/tags?post=158700"}],"curies":[{"name":"wp","href":"https:\/\/api.w.org\/{rel}","templated":true}]}}