{"id":158704,"date":"2025-06-07T15:22:18","date_gmt":"2025-06-07T15:22:18","guid":{"rendered":"https:\/\/www.europesays.com\/fr\/158704\/"},"modified":"2025-06-07T15:22:18","modified_gmt":"2025-06-07T15:22:18","slug":"mercato-un-defenseur-central-prolonge-au-montpellier-hsc-un-autre-quitte-rodez","status":"publish","type":"post","link":"https:\/\/www.europesays.com\/fr\/158704\/","title":{"rendered":"Mercato &#8211; Un d\u00e9fenseur central prolonge au Montpellier HSC, un autre quitte Rodez"},"content":{"rendered":"<p style=\"text-align: justify;\">Une signature de plus pour <strong>Montpellier<\/strong> apr\u00e8s sa rel\u00e9gation en <strong>Ligue 2<\/strong> !\u00a0Comme nous l\u2019\u00e9crivions derni\u00e8rement, le MHSC va pouvoir compter sur des joueurs d\u2019exp\u00e9rience en d\u00e9fense centrale la saison prochaine, \u00e0 commencer par <strong>Christopher Jullien<\/strong>, qui \u00e9paulera Julien Laporte apr\u00e8s avoir prolong\u00e9 son contrat dans l\u2019H\u00e9rault ! Le d\u00e9fenseur de 32 ans avait impressionn\u00e9 lors de son dernier passage dans la division, avec de nombreux buts inscrits sur coups de pied arr\u00eat\u00e9s du c\u00f4t\u00e9 de Dijon.<\/p>\n<p style=\"text-align: justify;\">\u00c0 lire aussi &gt;&gt;\u00a0<a href=\"https:\/\/maligue2.fr\/2025\/06\/05\/mercato-le-montpellier-hsc-dessine-les-contours-de-sa-defense-avec-un-joueur-du-psg\/\" rel=\"nofollow noopener\" target=\"_blank\">Mercato \u2013 Le Montpellier HSC dessine les contours de sa d\u00e9fense\u2026 avec un joueur du PSG ?<\/a><\/p>\n<p><a href=\"https:\/\/mhscfoot.com\/articles\/2024-2025\/equipe-pro\/christopher-jullien-prolonge-laventure-au-mhsc\/\" rel=\"nofollow noopener\" target=\"_blank\"><strong>Le communiqu\u00e9 du MHSC : mhscfoot.com<\/strong><\/a><\/p>\n<blockquote class=\"twitter-tweet\">\n<p dir=\"ltr\" lang=\"da\">\u270d\ufe0f Christopher Jullien reste <\/p>\n<p> <a href=\"https:\/\/t.co\/BlNh4XLlqS\" rel=\"nofollow\">https:\/\/t.co\/BlNh4XLlqS<\/a> <a href=\"https:\/\/t.co\/ENdxG5FlIU\" rel=\"nofollow\">pic.twitter.com\/ENdxG5FlIU<\/a><\/p>\n<p>\u2014 MHSC (@MontpellierHSC) <a href=\"https:\/\/twitter.com\/MontpellierHSC\/status\/1931245393355964862?ref_src=twsrc%5Etfw\" rel=\"nofollow noopener\" target=\"_blank\">June 7, 2025<\/a><\/p>\n<\/blockquote>\n<p style=\"text-align: justify;\">De son c\u00f4t\u00e9, le club de <strong>Rodez<\/strong> voit \u00e0 nouveau un joueur le quitter, apr\u00e8s Cibois, Bentayeb ou encore Abdallah. <strong>Stone Mambo,<\/strong> d\u00e9fenseur central arriv\u00e9 deux ans auparavant (41 matchs) en provenance d\u2019Orl\u00e9ans a fait ses valises et va se diriger vers un nouveau d\u00e9fi, \u00e0 d\u00e9sormais 26 ans. Le congolais pass\u00e9 par l\u2019ESTAC compte d\u00e9sormais 58 matchs en <strong>Ligue 2<\/strong> dans sa carri\u00e8re et va sans doute pouvoir la poursuivre dans notre championnat.<\/p>\n<p><strong>Le communiqu\u00e9 de Rodez :<\/strong><\/p>\n<blockquote class=\"twitter-tweet\">\n<p dir=\"ltr\" lang=\"fr\">    !<\/p>\n<p>Deux ans apr\u00e8s son arriv\u00e9e au RAF, il quitte le club au terme de son contrat.<\/p>\n<p>Gros travailleur, pers\u00e9v\u00e9rant et tr\u00e8s humble, il aura marqu\u00e9 son passage par   \u0301 <\/p>\n<p>Nous le remercions et lui souhaitons le\u2026 <a href=\"https:\/\/t.co\/4YHiqt4byK\" rel=\"nofollow\">pic.twitter.com\/4YHiqt4byK<\/a><\/p>\n<p>\u2014 Rodez Aveyron Football (@OfficielRAF) <a href=\"https:\/\/twitter.com\/OfficielRAF\/status\/1931290042351354020?ref_src=twsrc%5Etfw\" rel=\"nofollow noopener\" target=\"_blank\">June 7, 2025<\/a><\/p>\n<\/blockquote>\n<p>Photo Sylvain Thomas\/FEP\/Icon Sport<\/p>\n<p>\t\t<script async src=\"https:\/\/platform.twitter.com\/widgets.js\" charset=\"utf-8\"><\/script><\/p>\n","protected":false},"excerpt":{"rendered":"Une signature de plus pour Montpellier apr\u00e8s sa rel\u00e9gation en Ligue 2 !\u00a0Comme nous l\u2019\u00e9crivions derni\u00e8rement, le MHSC&hellip;\n","protected":false},"author":2,"featured_media":158705,"comment_status":"","ping_status":"","sticky":false,"template":"","format":"standard","meta":{"footnotes":""},"categories":[9599],"tags":[1111,11,28974,1777,674,1011,27,2208,12,2680,25,26119,28975],"class_list":{"0":"post-158704","1":"post","2":"type-post","3":"status-publish","4":"format-standard","5":"has-post-thumbnail","7":"category-montpellier","8":"tag-actu","9":"tag-actualites","10":"tag-christopher-jullien","11":"tag-eu","12":"tag-europe","13":"tag-fr","14":"tag-france","15":"tag-montpellier","16":"tag-news","17":"tag-occitanie","18":"tag-republique-francaise","19":"tag-rodez","20":"tag-stone-muzalimoja-mambo"},"share_on_mastodon":{"url":"https:\/\/pubeurope.com\/@fr\/114642770031672155","error":""},"_links":{"self":[{"href":"https:\/\/www.europesays.com\/fr\/wp-json\/wp\/v2\/posts\/158704","targetHints":{"allow":["GET"]}}],"collection":[{"href":"https:\/\/www.europesays.com\/fr\/wp-json\/wp\/v2\/posts"}],"about":[{"href":"https:\/\/www.europesays.com\/fr\/wp-json\/wp\/v2\/types\/post"}],"author":[{"embeddable":true,"href":"https:\/\/www.europesays.com\/fr\/wp-json\/wp\/v2\/users\/2"}],"replies":[{"embeddable":true,"href":"https:\/\/www.europesays.com\/fr\/wp-json\/wp\/v2\/comments?post=158704"}],"version-history":[{"count":0,"href":"https:\/\/www.europesays.com\/fr\/wp-json\/wp\/v2\/posts\/158704\/revisions"}],"wp:featuredmedia":[{"embeddable":true,"href":"https:\/\/www.europesays.com\/fr\/wp-json\/wp\/v2\/media\/158705"}],"wp:attachment":[{"href":"https:\/\/www.europesays.com\/fr\/wp-json\/wp\/v2\/media?parent=158704"}],"wp:term":[{"taxonomy":"category","embeddable":true,"href":"https:\/\/www.europesays.com\/fr\/wp-json\/wp\/v2\/categories?post=158704"},{"taxonomy":"post_tag","embeddable":true,"href":"https:\/\/www.europesays.com\/fr\/wp-json\/wp\/v2\/tags?post=158704"}],"curies":[{"name":"wp","href":"https:\/\/api.w.org\/{rel}","templated":true}]}}