{"id":158706,"date":"2025-06-07T15:23:09","date_gmt":"2025-06-07T15:23:09","guid":{"rendered":"https:\/\/www.europesays.com\/fr\/158706\/"},"modified":"2025-06-07T15:23:09","modified_gmt":"2025-06-07T15:23:09","slug":"a-rouen-elles-proposent-des-ateliers-dart-pour-soutenir-les-victimes-de-violences-sexuelles","status":"publish","type":"post","link":"https:\/\/www.europesays.com\/fr\/158706\/","title":{"rendered":"\u00c0 Rouen, elles proposent des ateliers d&rsquo;art pour soutenir les victimes de violences sexuelles"},"content":{"rendered":"<p>            Par<br \/>\n        <strong><br \/>\n            <a href=\"https:\/\/actu.fr\/auteur\/jessie-leclerc\" title=\"Consulter tous les articles de Jessie Leclerc\" target=\"_blank\" rel=\"noopener\">Jessie Leclerc<\/a><br \/>\n        <\/strong><\/p>\n<p>        Publi\u00e9 le<\/p>\n<p>            7 juin 2025 \u00e0 17h10        <\/p>\n<p><strong>\u00ab\u2009Panser ses maux\u2009\u00bb<\/strong>, tout est dit dans le nom. Cette jeune association de <a href=\"https:\/\/actu.fr\/normandie\/rouen_76540\" target=\"_blank\" rel=\"noopener\">Rouen<\/a> aide les victimes de violences sexuelles, sexistes et de genre <a href=\"https:\/\/actu.fr\/normandie\/sainte-adresse_76552\/pres-du-havre-elle-propose-des-ateliers-de-couture-et-de-colorimetrie-pour-se-recoudre-entre-femmes_61258057.html\" target=\"_blank\" rel=\"noopener\">\u00e0 se reconstruire<\/a>. La d\u00e9marche est plut\u00f4t originale puisque c\u2019est \u00e0 travers l\u2019art que chacune peut s\u2019exprimer.<\/p>\n<p>Un besoin d\u2019urgence\u2026 et une amiti\u00e9<\/p>\n<p class=\" wall-content\">\u00ab\u2009On ne pensait pas que \u00e7a allait prendre cette forme-l\u00e0, mais d\u00e8s le premier atelier, quelque chose s\u2019est pass\u00e9.\u2009\u00bb C\u2019est ainsi que Johanna, d\u00e9crit les d\u00e9buts de l\u2019association, fond\u00e9e avec Lexane, une amie.<\/p>\n<p class=\" wall-content\"><strong>Toutes deux \u00e2g\u00e9es de 25\u00a0ans<\/strong>, les jeunes femmes sont devenues alli\u00e9es dans l\u2019adversit\u00e9, d\u00e9cid\u00e9es \u00e0 transformer leurs propres blessures en un moyen d\u2019aider les autres.<\/p>\n<p class=\" wall-content\">Officiellement active depuis avril\u00a02025, l\u2019association \u00e9tait en gestation depuis novembre\u00a02024. Et l\u2019id\u00e9e trottait m\u00eame dans la t\u00eate de Johanna depuis plus longtemps encore.<\/p>\n<p class=\" wall-content\">Pour elle, le projet r\u00e9pond \u00e0 \u00ab\u2009un besoin d\u2019urgence\u2009\u00bb, celui de cr\u00e9er un espace s\u00e9curisant, d\u2019\u00e9coute et <a href=\"https:\/\/actu.fr\/normandie\/rouen_76540\/psychologue-a-rouen-elle-deconstruit-les-stereotypes-sur-l-inceste-et-son-systeme-familial_62668684.html\" target=\"_blank\" rel=\"noopener\">d\u2019entraide pour les victimes<\/a>. Johanna insiste aussi sur <strong>la notion de genre<\/strong>\u2009: \u00ab\u2009On s\u2019adresse aussi aux victimes de violences de genre, notamment sur la transidentit\u00e9, c\u2019est important\u2009\u00bb.<\/p>\n<p>Passer par l\u2019art pour se reconstruire<\/p>\n<p class=\" wall-content\">Beaucoup de victimes vivent dans le silence apr\u00e8s une agression. Il faut dire qu\u2019en parler \u00e0 son entourage n\u2019est pas toujours chose simple.<\/p>\n<p>Vid\u00e9os : en ce moment sur Actu<\/p>\n<blockquote class=\"ac-article-quote wall-content\">\n<p>Avec Lexane, on a v\u00e9cu \u00e7a, on a ces blessures. On s&rsquo;est rendu compte que parler \u00e0 ses proches, c&rsquo;est parfois encore plus douloureux, car la personne en face ne r\u00e9agit pas toujours comme on l&rsquo;attend. <\/p>\n<p>    <strong>Johanna<\/strong><br \/>\n        Cofondatrice de l&rsquo;association Panser ses maux, \u00e0 Rouen.    <\/p><\/blockquote>\n<p class=\" wall-content\">Alors pourquoi ne pas proposer autre chose, qu\u2019un simple cercle de parole\u2009? C\u2019est justement l\u00e0 l\u2019id\u00e9e de l\u2019association. Une \u00ab\u00a0safe place\u00a0\u00bb o\u00f9 l\u2019on peut \u00ab\u2009panser ses maux\u2009\u00bb autrement.<\/p>\n<p>Des ateliers vari\u00e9s<\/p>\n<p class=\" wall-content\">L\u2019association a d\u00e9j\u00e0 organis\u00e9 plusieurs ateliers. Le premier, un <strong>atelier d\u2019\u00e9criture<\/strong> avec Charlotte Bellanger, po\u00e9tesse, a particuli\u00e8rement marqu\u00e9 Johanna. \u00ab\u2009Elles devaient \u00e9crire une lettre pour leur corps. Certaines ont lu la leur, c\u2019\u00e9tait super \u00e9mouvant. On s\u2019est toutes reconnues dans les mots des autres\u2009\u00bb, confie-t-elle. Un atelier journaling <a href=\"https:\/\/actu.fr\/normandie\/rouen_76540\/nouveau-a-rouen-cocoon-art-mele-salon-de-the-et-atelier-de-peinture_61467507.html\" target=\"_blank\" rel=\"noopener\">au Cocoon Art<\/a> a \u00e9galement eu lieu. \u00ab\u2009On a vu passer des femmes de 20 \u00e0 60 ans\u2009\u00bb s\u2019\u00e9tonne encore la cofondatrice.<\/p>\n<p class=\" wall-content\"><strong>Peinture, danse, th\u00e9\u00e2tre\u2026<\/strong> Les deux jeunes femmes ont encore bien des id\u00e9es. Le prochain en date, est <a href=\"https:\/\/actu.fr\/normandie\/rouen_76540\/a-rouen-elle-decode-les-secrets-des-relations-amoureuses-dans-ses-podcasts-c-est-un-sujet-infini_61883285.html\" target=\"_blank\" rel=\"noopener\">un atelier podcast<\/a> <strong>le 14\u00a0juin, lors de la Gay Pride<\/strong>.<\/p>\n<blockquote class=\"ac-article-quote wall-content\">\n<p>On voulait transformer nos traumas en quelque chose d&rsquo;utile. Pas oublier, car ce n&rsquo;est pas possible, mais mieux vivre avec.<\/p>\n<p>    <strong>Johanna<\/strong><br \/>\n        Cofondatrice de l&rsquo;association Panser ses maux, \u00e0 Rouen.    <\/p><\/blockquote>\n<p class=\" wall-content\">L\u2019<strong>atelier c\u00e9ramique<\/strong>, dont la premi\u00e8re s\u00e9ance aura lieu le 27 juin, est l\u2019un des rares \u00e0 \u00eatre payant (20 euros pour deux s\u00e9ances). Pour le reste, <strong>la participation est libre, le don aussi<\/strong>. Les organisatrices participent \u00e0 chaque rendez-vous. \u00ab\u2009On n\u2019est pas spectatrices\u2009\u00bb, tient \u00e0 pr\u00e9ciser Johanna.<\/p>\n<p>Accompagner les victimes<\/p>\n<p class=\" wall-content\">L\u2019association \u00e9change avec des structures comme la CDIFF (centre d\u2019information sur les droits des femmes et des familles) et d\u2019autres organismes d\u2019\u00c9tat pour <strong>orienter les personnes en danger<\/strong> vers les bons relais.<\/p>\n<p class=\" wall-content\">Panser ses maux collabore aussi avec une association de psychologues offrant 10 s\u00e9ances \u00e0 15 eurosl\u2019unit\u00e9, pour aller plus loin dans le processus de gu\u00e9rison.<\/p>\n<p>Retrouvez l\u2019association sur Instagram\u2009: <a href=\"https:\/\/www.instagram.com\/pansersesmaux_rouen\/\" target=\"_blank\" rel=\"noopener\">@pansersesmaux_rouen<\/a> ou par mail \u00e0\u2009: <a href=\"https:\/\/actu.fr\/cdn-cgi\/l\/email-protection\" class=\"__cf_email__\" data-cfemail=\"374756594452454452445a56424f77505a565e5b1954585a\" target=\"_blank\" rel=\"noopener\">[email\u00a0protected]<\/a>Suivez l\u2019actualit\u00e9 de Rouen <a href=\"https:\/\/www.whatsapp.com\/channel\/0029VaKfnf99hXF2ddApFB1D\" target=\"_blank\" rel=\"noopener\">sur notre cha\u00eene WhatsApp<\/a> et <a href=\"https:\/\/www.tiktok.com\/@76actu.fr?lang=fr\" target=\"_blank\" rel=\"noopener\">sur notre compte TikTok<\/a><\/p>\n<p class=\" wall-content\">Suivez toute l\u2019actualit\u00e9 de vos villes et m\u00e9dias favoris en vous inscrivant \u00e0 <a href=\"https:\/\/moncompte.actu.fr\" title=\"D\u00e9couvez Mon Actu\" rel=\"nofollow noopener\" data-trk=\"{&quot;cta&quot;:{&quot;action&quot;:&quot;https:\\\/\\\/moncompte.actu.fr&quot;,&quot;category&quot;:&quot;mon compte&quot;,&quot;from&quot;:&quot;article footer&quot;,&quot;name&quot;:&quot;Mon actu&quot;,&quot;type&quot;:&quot;cta&quot;}}\" target=\"_blank\">Mon Actu<\/a>.<\/p>\n<p>                    <script async src=\"\/\/www.instagram.com\/embed.js\"><\/script><script async src=\"\/\/www.tiktok.com\/embed.js\"><\/script><\/p>\n","protected":false},"excerpt":{"rendered":"Par Jessie Leclerc Publi\u00e9 le 7 juin 2025 \u00e0 17h10 \u00ab\u2009Panser ses maux\u2009\u00bb, tout est dit dans le&hellip;\n","protected":false},"author":2,"featured_media":158707,"comment_status":"","ping_status":"","sticky":false,"template":"","format":"standard","meta":{"footnotes":""},"categories":[9587],"tags":[1111,11,6121,1777,674,1011,27,12,5161,25,9590,104,3400,799],"class_list":{"0":"post-158706","1":"post","2":"type-post","3":"status-publish","4":"format-standard","5":"has-post-thumbnail","7":"category-rouen","8":"tag-actu","9":"tag-actualites","10":"tag-droits-des-femmes","11":"tag-eu","12":"tag-europe","13":"tag-fr","14":"tag-france","15":"tag-news","16":"tag-normandie","17":"tag-republique-francaise","18":"tag-rouen","19":"tag-societe","20":"tag-solidarite","21":"tag-violences-sexuelles"},"share_on_mastodon":{"url":"https:\/\/pubeurope.com\/@fr\/114642773814084237","error":""},"_links":{"self":[{"href":"https:\/\/www.europesays.com\/fr\/wp-json\/wp\/v2\/posts\/158706","targetHints":{"allow":["GET"]}}],"collection":[{"href":"https:\/\/www.europesays.com\/fr\/wp-json\/wp\/v2\/posts"}],"about":[{"href":"https:\/\/www.europesays.com\/fr\/wp-json\/wp\/v2\/types\/post"}],"author":[{"embeddable":true,"href":"https:\/\/www.europesays.com\/fr\/wp-json\/wp\/v2\/users\/2"}],"replies":[{"embeddable":true,"href":"https:\/\/www.europesays.com\/fr\/wp-json\/wp\/v2\/comments?post=158706"}],"version-history":[{"count":0,"href":"https:\/\/www.europesays.com\/fr\/wp-json\/wp\/v2\/posts\/158706\/revisions"}],"wp:featuredmedia":[{"embeddable":true,"href":"https:\/\/www.europesays.com\/fr\/wp-json\/wp\/v2\/media\/158707"}],"wp:attachment":[{"href":"https:\/\/www.europesays.com\/fr\/wp-json\/wp\/v2\/media?parent=158706"}],"wp:term":[{"taxonomy":"category","embeddable":true,"href":"https:\/\/www.europesays.com\/fr\/wp-json\/wp\/v2\/categories?post=158706"},{"taxonomy":"post_tag","embeddable":true,"href":"https:\/\/www.europesays.com\/fr\/wp-json\/wp\/v2\/tags?post=158706"}],"curies":[{"name":"wp","href":"https:\/\/api.w.org\/{rel}","templated":true}]}}