{"id":158716,"date":"2025-06-07T15:30:21","date_gmt":"2025-06-07T15:30:21","guid":{"rendered":"https:\/\/www.europesays.com\/fr\/158716\/"},"modified":"2025-06-07T15:30:21","modified_gmt":"2025-06-07T15:30:21","slug":"hooliganisme-saluts-nazis-enquete-sur-ces-supporters-du-stade-rennais-qui-ont-bascule-a-lextreme-droite","status":"publish","type":"post","link":"https:\/\/www.europesays.com\/fr\/158716\/","title":{"rendered":"Hooliganisme, saluts nazis : enqu\u00eate sur ces supporters du stade Rennais qui ont bascul\u00e9 \u00e0 l\u2019extr\u00eame droite"},"content":{"rendered":"<p>\u00ab Galette saucisse je t\u2019aime, j\u2019en mangerai des kilos, dans toute l\u2019Ille-et-Vilaine, avec du lait Ribot. \u00bb Vous l\u2019avez dans la t\u00eate ? Certains supporters du Stade rennais beaucoup moins. Ces derni\u00e8res ann\u00e9es, une partie de la tribune basse Ouest-France (ex-Mordelles), fief des ultras du Roazhon celtic kop (RCK) a pris un virage nettement moins bon enfant. Le dernier match Rennes\/Nantes, le 18 avril, en atteste.<\/p>\n<p><a class=\"tlg-kiosque tlg-kiosque-rennes gtm-kiosque-rennes\" href=\"https:\/\/www.lemensuel.com\/rennes\" target=\"_blank\" rel=\"nofollow noopener\"><img decoding=\"async\" src=\"https:\/\/www.europesays.com\/fr\/wp-content\/uploads\/2025\/06\/MDR_une_complete.png\" alt=\"Couverture Mensuel Rennes\"\/><\/p>\n<p>Le Mensuel de Rennes<\/p>\n<p>Magazine curieux et (im)pertinent !<\/p>\n<p>D\u00e9couvrez<\/a><\/p>\n<p>Premier acte \u00e0 la fin de la premi\u00e8re mi-temps de ce derby des capitales de la Bretagne. Une quinzaine d\u2019ultras espagnols, invit\u00e9s par des supporters rennais, v\u00eatus de noir, d\u00e9barquent en bas de la tribune. Sur les photos post\u00e9es sur les r\u00e9seaux sociaux, ils posent derri\u00e8re le blason des Ligallo ultras, un groupe espagnol class\u00e9 \u00e0 l\u2019extr\u00eame droite. Certains font le signe \u00e0 trois doigts &#8211; k\u00fchnen &#8211; une version moins ostentatoire du salut nazi, qui symbolise le troisi\u00e8me Reich.<\/p>\n<p>Boneheads<\/p>\n<p>Pourquoi le RCK a-t-il laiss\u00e9 entrer ces individus ? Dans un communiqu\u00e9, le groupe rennais parle de gestes \u00ab inacceptables \u00bb. Il indique que la tribune \u00e9tait alors quasiment vide et qu\u2019ils n\u2019ont eu connaissance des clich\u00e9s qu\u2019une semaine apr\u00e8s la rencontre. Les photos ont \u00e9t\u00e9 prises alors que les trav\u00e9es du Roazhon park \u00e9taient clairsem\u00e9es. Mais cela n\u2019explique pas comment des individus cochant toutes les cases des codes \u00ab boneheads \u00bb (cr\u00e2nes ras\u00e9s, cagoules, bombers\u2026) ont pu rester dans la tribune sans une once de protestation.<\/p>\n<p>Le deuxi\u00e8me acte se d\u00e9roule \u00e0 l\u2019issue du match. Un groupe d\u2019environ 120 individus rejoignent la cit\u00e9 des Ducs pour en d\u00e9coudre avec 70 supporters du groupe ultra-local de la Brigade Loire. Un combat d\u00e9s\u00e9quilibr\u00e9 qui tourne \u00e0 l\u2019avantage des Rennais, bien aid\u00e9s par leurs amis espagnols.<\/p>\n<blockquote><p>La matrice commune : le virilisme, incarn\u00e9 par le culte de la baston.<\/p><\/blockquote>\n<p>\u00c0 la buvette<\/p>\n<p>Qu\u2019en pensent les supporters rennais, plus habitu\u00e9s aux chansons potaches qu\u2019aux \u00ab fight \u00bb entre hooligans ? \u00c0 la buvette du groupe de supporters Allez Rennes, ce dernier fait d\u2019armes est consid\u00e9r\u00e9 comme un \u00e9ni\u00e8me \u00e9pisode de l\u2019\u00e9volution d\u2019une partie du kop : \u00ab Qui vend les billets pour entrer en tribunes ? Quand vous avez des brebis galeuses dans votre groupe, vous les d\u00e9gagez \u00bb, peste Marcel G\u00e9raux, pr\u00e9sident du groupe de supporters. Et un camarade d\u2019encha\u00eener : \u00ab Plusieurs anciens du RCK nous ont rejoints parce que la mentalit\u00e9 a chang\u00e9. \u00bb Une mentalit\u00e9 qui conjuguerait une id\u00e9ologie parfois proche de l\u2019extr\u00eame droite et une app\u00e9tence pour le hooliganisme. La matrice commune : le virilisme, incarn\u00e9 par le culte de la baston.<\/p>\n<p>ADN antifasciste<\/p>\n<p>Combien de personnes cette mouvance repr\u00e9sente-t-elle \u00e0 Rennes ? Selon plusieurs supporters d\u2019Allez Rennes, il y aurait une cinquantaine de \u00ab brebis galeuses \u00bb en tribune Mordelles &#8211; sur 500 supporters encart\u00e9s au RCK. L\u2019estimation est confirm\u00e9e par d\u2019autres sources au fait du sujet. Certes, des groupuscules d\u2019extr\u00eame-droite &#8211; Unvez Kelt, Breizh stourmers\u2026- ont toujours exist\u00e9. Ils \u00e9taient tol\u00e9r\u00e9s dans la tribune en raison de leur nombre n\u00e9gligeable, soit une quinzain ; mais ils ne mouftaient pas. Les Breizh stourmers ont m\u00eame \u00e9t\u00e9 d\u00e9gag\u00e9s du kop \u00e0 la fin des ann\u00e9es 2000.<\/p>\n<p>\u00c0 l\u2019\u00e9poque, l\u2019antifascisme \u00e9tait dans l\u2019ADN du RCK. Le groupe filait la parfaite idylle avec les Joyriders de Sochaux, estampill\u00e9s \u00e0 gauche, et la Horda de Metz, dont certains arboraient un look \u00ab redskin \u00bb, \u00e0 l\u2019oppos\u00e9 des skinheads d\u2019extr\u00eame droite. En 2011, \u00e0 l\u2019occasion de la r\u00e9ception du Celtic Glasgow, le RCK avait m\u00eame d\u00e9ploy\u00e9 une banderole \u00ab Celtic people against racism \u00bb. Afficher des convictions de droite \u00e9tait alors impossible dans le kop. \u00ab Je me souviens d\u2019un d\u00e9placement en bus vers le Stade de France en 2009 avec les supporters. L\u2019un d\u2019eux m\u2019a confi\u00e9 tr\u00e8s discr\u00e8tement avoir vot\u00e9 Sarkozy et m\u2019a dit de ne pas le r\u00e9p\u00e9ter comme s\u2019il avait honte \u00bb, sourit Benjamin Keltz, journaliste, supporter du Stade rennais et auteur d\u2019un livre sur le sujet.<\/p>\n<p>Futur candidat RN<\/p>\n<p>Il y a quinze ans, il n\u2019\u00e9tait pas rare de voir des ultras porter des fringues estampill\u00e9es Sankt-Pauli, le club de Hambourg \u00e0 l\u2019identit\u00e9 antifasciste et anticapitaliste, raconte le journaliste. Dans les ann\u00e9es 2010, difficile d\u2019imaginer alors, qu\u2019un futur candidat du RN aux l\u00e9gislatives 2024 \u00e0 Pontivy deviendra l\u2019un des piliers du kop. Pourtant, plusieurs photos montrent Antoine Oliviero animer la tribune Mordelles en 2018. Le militant affichait-il d\u00e9j\u00e0 ses opinions politiques ? Impossible \u00e0 v\u00e9rifier. Contact\u00e9, le RNJ56 n\u2019a pas donn\u00e9 suite.<\/p>\n<p>Quand une petite partie du kop a-t-elle commenc\u00e9 \u00e0 basculer ? La naissance du groupuscule Roazhon 1901, en 2016, semble avoir marqu\u00e9 un tournant. \u00c9tiquet\u00e9 \u00e0 l\u2019extr\u00eame droite par le m\u00e9dia en ligne Streetpress2, le groupe a impact\u00e9 la mentalit\u00e9 d\u2019une partie du kop, estiment toutes nos sources. \u00ab On voit le Roazhon 1901 comme une franchise qui a su se rapprocher et se rendre indispensable pour le RCK, d\u00e9crypte Fanch*, du groupe antifasciste Gwened antifa crew. Cela n\u2019a pas \u00e9t\u00e9 le cas pour les Unvez Kelt et les Breizh stourmers. L\u2019infiltration du Roazhon 1901 a bien mieux march\u00e9 que l\u2019opposition frontale des Breizh Stourmers. \u00bb<\/p>\n<p>Ratonnade rue de la soif<\/p>\n<p>Dans les ann\u00e9es 2000, ces derniers n\u2019ont eu de cesse de ridiculiser le RCK dans des vid\u00e9os publi\u00e9es sur des plateformes. Il \u00e9tait pr\u00e9sent\u00e9 comme incapable de rivaliser dans les \u00ab fight \u00bb contre les rivaux, notamment nantais. La convergence Roazhon 1901-RCK a-t-elle eu une vis\u00e9e \u00ab strat\u00e9gique \u00bb, pour \u00ab sauver l\u2019honneur \u00bb des Rennais ? \u00ab Il est \u00e9vident que certains ultras du RCK s\u2019appuient sur le Roazhon 1901 pour peser face aux supporters adverses \u00bb, tranche Yoann*, ancien sympathisant du RCK parti dans une autre tribune.<\/p>\n<p><img decoding=\"async\" src=\"https:\/\/www.europesays.com\/fr\/wp-content\/uploads\/2025\/06\/6842b107f8db91328006c2b4.1.jpeg\" width=\"480\" height=\"300\" class=\"web_golden_m\" loading=\"lazy\" alt=\"Quand une petite partie du kop a-t-elle commenc\u00e9 \u00e0 basculer\u00a0? La naissance du groupuscule Roazhon 1901, en 2016, semble avoir marqu\u00e9 un tournant.\"\/>Quand une petite partie du kop a-t-elle commenc\u00e9 \u00e0 basculer\u00a0? La naissance du groupuscule Roazhon 1901, en 2016, semble avoir marqu\u00e9 un tournant. (Nicolas Creach)<\/p>\n<p>\u00c0 Rennes, le premier fait majeur de violence se d\u00e9roule le 27 janvier 2017, \u00e0 la veille d\u2019un derby Rennes\/Nantes. Une quarantaine de personnes, dont des membres de l\u2019\u00e9ph\u00e9m\u00e8re groupe n\u00e9o-nazi du Gud Bretagne, orchestrent une ratonnade rue de la Soif. Saluts nazis, bastons \u00e0 coups de table. Leur cible ? Les noctambules de la rue Saint-Michel, consid\u00e9r\u00e9s comme des \u00ab gauchistes \u00bb.<\/p>\n<blockquote><p>Une chose est s\u00fbre, l\u2019\u00e9pisode a, pour la premi\u00e8re fois, sem\u00e9 l\u2019id\u00e9e que le RCK pouvait \u00e9voluer.<\/p><\/blockquote>\n<p>Des sympathisants du RCK \u00e9taient-ils pr\u00e9sents ? Si l\u2019hypoth\u00e8se n\u2019a jamais \u00e9t\u00e9 confirm\u00e9e, toutes les informations convergent pour pointer la participation de supporters du kop et d\u2019anciens Breizh stourmers. Une chose est s\u00fbre, l\u2019\u00e9pisode a, pour la premi\u00e8re fois, sem\u00e9 l\u2019id\u00e9e que le RCK pouvait \u00e9voluer. \u00ab L\u2019histoire change, conc\u00e9dait, fataliste, un ancien capo (animateur) du kop dans une enqu\u00eate du Mensuel, parue en avril 2017. Le milieu des supporters est un milieu de suiveurs. \u00bb<\/p>\n<p>Hooligans et influenceurs<\/p>\n<p>Huit ans apr\u00e8s, la bulle ne s\u2019est pas d\u00e9gonfl\u00e9e, au contraire. Apr\u00e8s la crise sanitaire, les hooligans rennais n\u2019ont cess\u00e9 de diffuser des images de combats sur les pages sp\u00e9cialis\u00e9es, parfois en compagnie de groupes n\u00e9o-nazis comme les ultras du Dynamo Kiev. Des figures d\u2019\u00ab influenceurs \u00bb ont \u00e9merg\u00e9, tel que Maxime Bellamy, alias Orsu Corsu. Ouvertement n\u00e9o-nazi, ce militaire de son \u00e9tat est r\u00e9put\u00e9 dans les milieux du freefight et identitaire. Ancien militant \u00e0 l\u2019Action fran\u00e7aise Rennes \u2013 devenue Oriflamme \u2014, il est suivi par plus de 36 000 personnes sur Instagram. Il y raconte notamment avoir fait ses armes avec les \u00ab hooligans du Stade rennais \u00bb du Roazhon 1901.<\/p>\n<p><img decoding=\"async\" src=\"https:\/\/www.europesays.com\/fr\/wp-content\/uploads\/2025\/06\/6842b10775d77cacd10d8734.1.jpeg\" width=\"480\" height=\"300\" class=\"web_golden_m\" loading=\"lazy\" alt=\"Derri\u00e8re l\u2019officine Roazhon 1901 se cachent plusieurs groupuscules ind\u00e9pendants dont les liens avec l\u2019extr\u00eame droite sont av\u00e9r\u00e9s.\"\/>Derri\u00e8re l\u2019officine Roazhon 1901 se cachent plusieurs groupuscules ind\u00e9pendants dont les liens avec l\u2019extr\u00eame droite sont av\u00e9r\u00e9s. (Nicolas Creach)<\/p>\n<p>Derri\u00e8re l\u2019officine Roazhon 1901 se cachent plusieurs groupuscules ind\u00e9pendants dont les liens avec l\u2019extr\u00eame droite sont av\u00e9r\u00e9s : Jeunesse Roazhon, Celtic brothers, Gwad Roazhon\u2026 Chacun revendique, dans ses visuels, une filiation avec le RCK. Ainsi, plusieurs stickers de Gwad Roazhon, proche, selon plusieurs sources concordantes, de l\u2019Oriflamme, sont affich\u00e9s sur le fronton du local du groupe ultra, sans que les cadres de ce dernier ne trouvent \u00e0 y redire. Bon an mal an, le RCK se borne \u00e0 revendiquer son \u00ab apolitisme \u00bb. Un positionnement syst\u00e9matiquement brandi par d\u2019autres groupes de supporters proches de l\u2019extr\u00eame droite tels que les Bad Gones \u00e0 Lyon. Certes, il reste \u00ab beaucoup de gens de gauche dans le kop, nuance Yoann. Une personne racis\u00e9e peut venir sans probl\u00e8me en Mordelles. Nous ne sommes pas \u00e0 Lyon \u00bb.<\/p>\n<p>Miroir d\u00e9formant<\/p>\n<p>Reste que le ph\u00e9nom\u00e8ne touche de plus en plus de stades, dont certains, comme Rennes, que l\u2018on pensait imperm\u00e9ables aux id\u00e9ologies identitaires. \u00ab Les stades sont un miroir d\u00e9formant de notre soci\u00e9t\u00e9, analyse S\u00e9bastien Louis, historien et sociologue dans So Foot (mai 2025). Il y a d\u2019ailleurs quelque chose d\u2019assez paradoxal \u00e0 observer l\u2019indignation que peuvent susciter les d\u00e9rapages racistes dans les stades, quand, dans le m\u00eame temps, la soci\u00e9t\u00e9 tol\u00e8re de plus en plus la diffusion d\u2019id\u00e9es ouvertement x\u00e9nophobes dans l\u2019espace public. \u00bb Des id\u00e9es qui prosp\u00e8rent particuli\u00e8rement chez les jeunes. \u00ab \u00c0 Rennes, qui reste une ville clairement marqu\u00e9e \u00e0 gauche, le changement de g\u00e9n\u00e9ration op\u00e9r\u00e9 au sein du RCK dans les ann\u00e9es 2010 a semble-t-il ouvert la voie \u00e0 des individus proches de la mouvance identitaire \u00bb, poursuit l\u2019universitaire.<\/p>\n<p>Leur motivation ? Selon plusieurs supporters interrog\u00e9s, certains jeunes auraient bascul\u00e9 car ils ne supportaient plus que leur ville soit saccag\u00e9e par des militants d\u2019extr\u00eame gauche en manifs. De quoi inqui\u00e9ter le Stade rennais ? Le club a en tout cas vivement condamn\u00e9 les \u00e9v\u00e9nements d\u2019avril et ouvert une enqu\u00eate. Il faudra bien \u00e7a \u2013 et quelques galettes saucisses \u2014 pour redorer le blason des Rouge et noir.<\/p>\n","protected":false},"excerpt":{"rendered":"\u00ab Galette saucisse je t\u2019aime, j\u2019en mangerai des kilos, dans toute l\u2019Ille-et-Vilaine, avec du lait Ribot. \u00bb Vous&hellip;\n","protected":false},"author":2,"featured_media":158717,"comment_status":"","ping_status":"","sticky":false,"template":"","format":"standard","meta":{"footnotes":""},"categories":[2821],"tags":[1111,11,829,1777,674,1011,27,12,584,25,3087],"class_list":{"0":"post-158716","1":"post","2":"type-post","3":"status-publish","4":"format-standard","5":"has-post-thumbnail","7":"category-rennes","8":"tag-actu","9":"tag-actualites","10":"tag-bretagne","11":"tag-eu","12":"tag-europe","13":"tag-fr","14":"tag-france","15":"tag-news","16":"tag-rennes","17":"tag-republique-francaise","18":"tag-stade-rennais"},"share_on_mastodon":{"url":"https:\/\/pubeurope.com\/@fr\/114642801717470389","error":""},"_links":{"self":[{"href":"https:\/\/www.europesays.com\/fr\/wp-json\/wp\/v2\/posts\/158716","targetHints":{"allow":["GET"]}}],"collection":[{"href":"https:\/\/www.europesays.com\/fr\/wp-json\/wp\/v2\/posts"}],"about":[{"href":"https:\/\/www.europesays.com\/fr\/wp-json\/wp\/v2\/types\/post"}],"author":[{"embeddable":true,"href":"https:\/\/www.europesays.com\/fr\/wp-json\/wp\/v2\/users\/2"}],"replies":[{"embeddable":true,"href":"https:\/\/www.europesays.com\/fr\/wp-json\/wp\/v2\/comments?post=158716"}],"version-history":[{"count":0,"href":"https:\/\/www.europesays.com\/fr\/wp-json\/wp\/v2\/posts\/158716\/revisions"}],"wp:featuredmedia":[{"embeddable":true,"href":"https:\/\/www.europesays.com\/fr\/wp-json\/wp\/v2\/media\/158717"}],"wp:attachment":[{"href":"https:\/\/www.europesays.com\/fr\/wp-json\/wp\/v2\/media?parent=158716"}],"wp:term":[{"taxonomy":"category","embeddable":true,"href":"https:\/\/www.europesays.com\/fr\/wp-json\/wp\/v2\/categories?post=158716"},{"taxonomy":"post_tag","embeddable":true,"href":"https:\/\/www.europesays.com\/fr\/wp-json\/wp\/v2\/tags?post=158716"}],"curies":[{"name":"wp","href":"https:\/\/api.w.org\/{rel}","templated":true}]}}