{"id":158718,"date":"2025-06-07T15:31:27","date_gmt":"2025-06-07T15:31:27","guid":{"rendered":"https:\/\/www.europesays.com\/fr\/158718\/"},"modified":"2025-06-07T15:31:27","modified_gmt":"2025-06-07T15:31:27","slug":"il-est-encore-possible-de-sinscrire","status":"publish","type":"post","link":"https:\/\/www.europesays.com\/fr\/158718\/","title":{"rendered":"il est encore possible de s\u2019inscrire"},"content":{"rendered":"<p>Manifestation annuelle, les 24 heures de la biodiversit\u00e9 est organis\u00e9e par l\u2019Office des donn\u00e9es naturalistes (Odonat) du Grand Est qui regroupe 29 associations dans la r\u00e9gion.\u2003<\/p>\n<p>Durant ces 24 heures, l\u2019Odonat propose aux naturalistes b\u00e9n\u00e9voles de toutes sp\u00e9cialit\u00e9s de r\u00e9aliser des inventaires de la faune, flore et fonge durant un week-end de printemps, pendant au moins 24 heures.<\/p>\n<p>  Sp\u00e9cialistes ou d\u00e9butants, membres ou non d\u2019associations<\/p>\n<p>Cette manifestation a pour but d\u2019accro\u00eetre les connaissances naturalistes dans de nombreux domaines\u00a0: entomologie, ornithologie, botanique, herp\u00e9tologie, mammalogie, mycologie\u2026, sur un territoire peu \u00e9tudi\u00e9. Cette ann\u00e9e le secteur de Still sera au centre de ces recherches.<\/p>\n<p>L\u2019op\u00e9ration vise aussi \u00e0 permettre la rencontre entre les naturalistes de toutes sp\u00e9cialit\u00e9s, d\u2019\u00e9changer et de profiter d\u2019un moment convivial lors de repas. Cette manifestation gratuite est ouverte \u00e0 tous les naturalistes b\u00e9n\u00e9voles, sp\u00e9cialistes ou d\u00e9butants, membres ou non des associations naturalistes.<\/p>\n<p>La participation d\u2019un maximum d\u2019associations ou de sp\u00e9cialistes est bien s\u00fbr souhait\u00e9e. Une inscription pr\u00e9alable est demand\u00e9e pour organiser au mieux l\u2019\u00e9v\u00e9nement. Les secteurs d\u2019inventaire sont partag\u00e9s entre de petites \u00e9quipes constitu\u00e9es en amont.<\/p>\n<p>Le secteur d\u2019\u00e9tude propos\u00e9 est consultable sur le site de l\u2019association\u00a0: il est possible \u00e0 ceux qui le souhaitent de participer librement et individuellement, selon le temps disponible, \u00e0 tout moment du week-end.<\/p>\n<p>  Consigner ses observations<\/p>\n<p>\u00c0 chacun (ou chaque \u00e9quipe), il est demand\u00e9 de consigner l\u2019ensemble de ses observations, puis de les transmettre \u00e0 chaque association sp\u00e9cialis\u00e9e, via la base de donn\u00e9es en ligne (www.faune-grandest.org) ou par courriel.\u2003<\/p>\n<p>L\u2019op\u00e9ration d\u00e9butera vendredi 13\u00a0juin \u00e0 20\u00a0h au camping de Still pour les premiers inventaires nocturnes puis se poursuivra le samedi et le dimanche.<\/p>\n<p class=\"note\">Programme d\u00e9taill\u00e9 de l\u2019\u00e9dition et inscription pr\u00e9alable\u00a0: <a title=\"urls.fr\" href=\"https:\/\/urls.fr\/cwW1_z\" target=\"_blank\" rel=\"noopener\">https:\/\/urls.fr\/cwW1_z.<\/a><\/p>\n","protected":false},"excerpt":{"rendered":"Manifestation annuelle, les 24 heures de la biodiversit\u00e9 est organis\u00e9e par l\u2019Office des donn\u00e9es naturalistes (Odonat) du Grand&hellip;\n","protected":false},"author":2,"featured_media":158719,"comment_status":"","ping_status":"","sticky":false,"template":"","format":"standard","meta":{"footnotes":""},"categories":[2820],"tags":[1111,11,6211,1687,24625,436,1777,674,1011,27,775,12,5486,25,24624,23213,640],"class_list":{"0":"post-158718","1":"post","2":"type-post","3":"status-publish","4":"format-standard","5":"has-post-thumbnail","7":"category-strasbourg","8":"tag-actu","9":"tag-actualites","10":"tag-conference","11":"tag-culture-loisirs","12":"tag-edition-molsheim-obernai","13":"tag-environnement","14":"tag-eu","15":"tag-europe","16":"tag-fr","17":"tag-france","18":"tag-grand-est","19":"tag-news","20":"tag-rencontre","21":"tag-republique-francaise","22":"tag-secteur-de-molsheim","23":"tag-still","24":"tag-strasbourg"},"share_on_mastodon":{"url":"https:\/\/pubeurope.com\/@fr\/114642805406356504","error":""},"_links":{"self":[{"href":"https:\/\/www.europesays.com\/fr\/wp-json\/wp\/v2\/posts\/158718","targetHints":{"allow":["GET"]}}],"collection":[{"href":"https:\/\/www.europesays.com\/fr\/wp-json\/wp\/v2\/posts"}],"about":[{"href":"https:\/\/www.europesays.com\/fr\/wp-json\/wp\/v2\/types\/post"}],"author":[{"embeddable":true,"href":"https:\/\/www.europesays.com\/fr\/wp-json\/wp\/v2\/users\/2"}],"replies":[{"embeddable":true,"href":"https:\/\/www.europesays.com\/fr\/wp-json\/wp\/v2\/comments?post=158718"}],"version-history":[{"count":0,"href":"https:\/\/www.europesays.com\/fr\/wp-json\/wp\/v2\/posts\/158718\/revisions"}],"wp:featuredmedia":[{"embeddable":true,"href":"https:\/\/www.europesays.com\/fr\/wp-json\/wp\/v2\/media\/158719"}],"wp:attachment":[{"href":"https:\/\/www.europesays.com\/fr\/wp-json\/wp\/v2\/media?parent=158718"}],"wp:term":[{"taxonomy":"category","embeddable":true,"href":"https:\/\/www.europesays.com\/fr\/wp-json\/wp\/v2\/categories?post=158718"},{"taxonomy":"post_tag","embeddable":true,"href":"https:\/\/www.europesays.com\/fr\/wp-json\/wp\/v2\/tags?post=158718"}],"curies":[{"name":"wp","href":"https:\/\/api.w.org\/{rel}","templated":true}]}}