{"id":158726,"date":"2025-06-07T15:35:20","date_gmt":"2025-06-07T15:35:20","guid":{"rendered":"https:\/\/www.europesays.com\/fr\/158726\/"},"modified":"2025-06-07T15:35:20","modified_gmt":"2025-06-07T15:35:20","slug":"du-nouveau-pour-cette-start-up-nantaise","status":"publish","type":"post","link":"https:\/\/www.europesays.com\/fr\/158726\/","title":{"rendered":"Du nouveau pour cette start-up nantaise\u00a0"},"content":{"rendered":"<p>Dix ans d\u00e9j\u00e0 que la start-up Immodvisor a \u00e9t\u00e9 cr\u00e9\u00e9e \u00e0 <a href=\"https:\/\/nantes.maville.com\/pays-de-la-loire\/loire-atlantique\/carquefou\/\" target=\"_blank\" rel=\"noopener\">Carquefou<\/a> par Jean-Philippe Emeriau. La mise en ligne d\u2019un site web compl\u00e8tement repens\u00e9 a pour objectif de proposer une exp\u00e9rience utilisateur enrichie et de renforcer la transparence dans les relations entre professionnels et porteurs de projets immobiliers.<\/p>\n<p>A lire aussi :<\/p>\n<p><a href=\"https:\/\/nantes.maville.com\/actu\/actudet_--il-ne-faut-pas-compter-ses-heures-ludovic-est-a-la-tete-de-son-exploitation-depuis-ses-24-ans-_8-6840028_actu.Htm\" target=\"_blank\" rel=\"noopener\">\u00ab Il ne faut pas compter ses heures \u00bb : Ludovic est \u00e0 la t\u00eate de son exploitation depuis ses 24 ans<\/a><\/p>\n<p>La seule plateforme en France d\u00e9di\u00e9e exclusivement aux avis clients contr\u00f4l\u00e9s<\/p>\n<p>\u00a0La vocation initiale de notre plate-forme qui consistait \u00e0 h\u00e9berger des avis clients est toujours la m\u00eame. Nous agissons en tiers de confiance entre les particuliers et les professionnels. En faisant peau neuve, nous proposons aux particuliers de nouveaux services, une plate-forme plus adapt\u00e9e \u00e0 leurs besoins et \u00e0 leurs usages afin de d\u00e9couvrir les meilleurs professionnels pour leurs projets immobiliers. Par ricochet, nous offrons aux professionnels un puissant levier de visibilit\u00e9 et de mise en relation\u00a0, confie Jean-Philippe Emeriau. Poursuivant son d\u00e9veloppement, le leader fran\u00e7ais des avis clients dans l\u2019immobilier affiche 30\u00a0000\u00a0clients r\u00e9f\u00e9renc\u00e9s, plus d\u2019un million d\u2019avis d\u00e9pos\u00e9s et plus de 250\u00a0guides et conseils sur l\u2019immobilier.<\/p>\n<p>Selon une \u00e9tude, les projets immobiliers figurent parmi les moments les plus stressants de la vie. Acheter ou vendre son logement, serait plus stressant pour 54\u00a0% des Fran\u00e7ais que de passer un examen ou de prendre sa retraite (source\u00a0: Opinionway 2023 pour Casavo). Cette pression serait exacerb\u00e9e par la peur de faire le mauvais choix.<\/p>\n<p>La mise en relation est d\u00e9sormais plus fluide<\/p>\n<p>Contrairement aux plateformes d\u2019avis g\u00e9n\u00e9ralistes, Immodvisor est la seule plateforme en France d\u00e9di\u00e9e exclusivement aux avis clients contr\u00f4l\u00e9s. Gage de fiabilit\u00e9, les avis sont soumis \u00e0 mod\u00e9ration, garantissant une information authentique et pertinente. \u00a0Certifi\u00e9 NF Service par l\u2019Afnor Certification, Immodvisor.com respecte les exigences de la norme NF ISO 20488 qui encadre notre processus de mod\u00e9ration\u00a0.<\/p>\n<p>La mise en relation est d\u00e9sormais plus fluide\u00a0; les particuliers peuvent trouver rapidement un professionnel qualifi\u00e9 et prendre contact en toute confiance. \u00a0Les pages professionnelles ont \u00e9t\u00e9 repens\u00e9es et gr\u00e2ce au r\u00e9f\u00e9rencement naturel ainsi renforc\u00e9, Immodvisor devient un outil incontournable pour accro\u00eetre la visibilit\u00e9 des professionnels qui peuvent mieux capter des contacts qualifi\u00e9s\u00a0.<\/p>\n<p>Alors que tous les secteurs de l\u2019immobilier souffrent depuis quelques ann\u00e9es, la nouvelle arborescence et les nouvelles fonctionnalit\u00e9s mises en ligne fin avril par la start-up doivent contribuer \u00e0 instaurer un climat de confiance propice \u00e0 des projets r\u00e9ussis.<\/p>\n<p>https:\/\/www.immodvisor.com<\/p>\n<p>\u00a0<\/p>\n","protected":false},"excerpt":{"rendered":"Dix ans d\u00e9j\u00e0 que la start-up Immodvisor a \u00e9t\u00e9 cr\u00e9\u00e9e \u00e0 Carquefou par Jean-Philippe Emeriau. La mise en&hellip;\n","protected":false},"author":2,"featured_media":158727,"comment_status":"","ping_status":"","sticky":false,"template":"","format":"standard","meta":{"footnotes":""},"categories":[2818],"tags":[1111,11,1777,674,1011,27,7127,766,12,4565,2636,25,675],"class_list":{"0":"post-158726","1":"post","2":"type-post","3":"status-publish","4":"format-standard","5":"has-post-thumbnail","7":"category-nantes","8":"tag-actu","9":"tag-actualites","10":"tag-eu","11":"tag-europe","12":"tag-fr","13":"tag-france","14":"tag-nantaise","15":"tag-nantes","16":"tag-news","17":"tag-nouveau","18":"tag-pays-de-la-loire","19":"tag-republique-francaise","20":"tag-start-up"},"share_on_mastodon":{"url":"https:\/\/pubeurope.com\/@fr\/114642821053642450","error":""},"_links":{"self":[{"href":"https:\/\/www.europesays.com\/fr\/wp-json\/wp\/v2\/posts\/158726","targetHints":{"allow":["GET"]}}],"collection":[{"href":"https:\/\/www.europesays.com\/fr\/wp-json\/wp\/v2\/posts"}],"about":[{"href":"https:\/\/www.europesays.com\/fr\/wp-json\/wp\/v2\/types\/post"}],"author":[{"embeddable":true,"href":"https:\/\/www.europesays.com\/fr\/wp-json\/wp\/v2\/users\/2"}],"replies":[{"embeddable":true,"href":"https:\/\/www.europesays.com\/fr\/wp-json\/wp\/v2\/comments?post=158726"}],"version-history":[{"count":0,"href":"https:\/\/www.europesays.com\/fr\/wp-json\/wp\/v2\/posts\/158726\/revisions"}],"wp:featuredmedia":[{"embeddable":true,"href":"https:\/\/www.europesays.com\/fr\/wp-json\/wp\/v2\/media\/158727"}],"wp:attachment":[{"href":"https:\/\/www.europesays.com\/fr\/wp-json\/wp\/v2\/media?parent=158726"}],"wp:term":[{"taxonomy":"category","embeddable":true,"href":"https:\/\/www.europesays.com\/fr\/wp-json\/wp\/v2\/categories?post=158726"},{"taxonomy":"post_tag","embeddable":true,"href":"https:\/\/www.europesays.com\/fr\/wp-json\/wp\/v2\/tags?post=158726"}],"curies":[{"name":"wp","href":"https:\/\/api.w.org\/{rel}","templated":true}]}}