{"id":158733,"date":"2025-06-07T15:38:12","date_gmt":"2025-06-07T15:38:12","guid":{"rendered":"https:\/\/www.europesays.com\/fr\/158733\/"},"modified":"2025-06-07T15:38:12","modified_gmt":"2025-06-07T15:38:12","slug":"les-riverains-de-ce-futur-parc-de-bordeaux-accusent-la-mairie-ecologiste-de-jouer-un-double-jeu","status":"publish","type":"post","link":"https:\/\/www.europesays.com\/fr\/158733\/","title":{"rendered":"Les riverains de ce futur parc de Bordeaux accusent la mairie \u00e9cologiste de \u00ab\u00a0jouer un double jeu\u00a0\u00bb"},"content":{"rendered":"<p>            Par<br \/>\n        <strong><br \/>\n            <a href=\"https:\/\/actu.fr\/auteur\/juliette-cardinale\" title=\"Consulter tous les articles de Juliette Cardinale\" target=\"_blank\" rel=\"noopener\">Juliette Cardinale<\/a><br \/>\n        <\/strong><\/p>\n<p>        Publi\u00e9 le<\/p>\n<p>            7 juin 2025 \u00e0 17h32        <\/p>\n<p>C\u2019est une col\u00e8re qui gronde depuis quelques ann\u00e9es sur la rive droite <a href=\"https:\/\/actu.fr\/bordeaux\/\" target=\"_blank\" rel=\"noopener\">de Bordeaux.<\/a> Les riverains du parc-relais Galin sont vent debout contre la construction d\u2019un parking silo pour augmenter la capacit\u00e9 de stationnement sur un terrain d\u2019un hectare. <a href=\"https:\/\/actu.fr\/nouvelle-aquitaine\/bordeaux_33063\/ces-habitants-de-bordeaux-revent-d-un-parc-public-la-metropole-leur-pond-un-projet-de-parking-geant_60154428.html\" target=\"_blank\" rel=\"noopener\">Ils d\u00e9plorent un \u00ab\u2009non-sens\u2009\u00bb contre l\u2019air du temps,<\/a> notamment avec une <strong>p\u00e9tition qui circule en ligne<\/strong> depuis deux ans. Alors que la moiti\u00e9 du terrain doit \u00eatre consacr\u00e9e \u00e0 un parc, des habitants s\u2019offusquent du \u00ab\u2009double jeu de la mairie\u2009\u00bb \u00e9cologiste qui ne s\u2019oppose pas \u00e0 la b\u00e9tonisation et ne se bat pas pour r\u00e9cup\u00e9rer toute la parcelle. Mais l\u2019\u00e9quipe de Pierre Hurmic s\u2019en d\u00e9fend formellement.<\/p>\n<p>Un projet de la M\u00e9tropole<\/p>\n<p class=\" wall-content\">La construction du parking, un am\u00e9nagement urbain, n\u2019est <strong>pas du ressort de la mairie,<\/strong> mais de Bordeaux M\u00e9tropole. Et le projet d\u2019agrandir la capacit\u00e9 de stationnement du parc-relais Galin, situ\u00e9 le long de l\u2019avenue Thiers, en construisant un parking silo n\u2019est pas nouveau.<\/p>\n<p class=\" wall-content\">\u00ab\u2009On est <strong>arriv\u00e9s trop tard\u2009\u00bb,<\/strong> d\u00e9plore Didier Jeanjean, adjoint au maire charg\u00e9 de la nature en ville et des quartiers apais\u00e9s. Car les d\u00e9cisions ont \u00e9t\u00e9 prises lors de la mandature pr\u00e9c\u00e9dente, alors que l\u2019\u00e9quipe de Pierre Hurmic n\u2019\u00e9tait pas encore aux manettes.<\/p>\n<p class=\" wall-content\">\u00ab\u2009La mairie joue-t-elle <strong>un double jeu\u2009\u00bb,<\/strong> \u00e9cologiste d\u2019un c\u00f4t\u00e9 mais soutenant la cr\u00e9ation d\u2019un parking (et donc la b\u00e9tonisation de l\u2019espace) de l\u2019autre, s\u2019interroge aupr\u00e8s d\u2019actu Bordeaux l\u2019un des riverains \u00e0 l\u2019origine <a href=\"https:\/\/www.change.org\/p\/une-nouvelle-zone-a-forte-emission-de-co2-a-bordeaux\" target=\"_blank\" rel=\"noopener\">de la p\u00e9tition.<\/a> Au c\u0153ur de leurs griefs\u2009: un projet \u00ab\u2009\u00e0 contre-courant de l\u2019Histoire\u2009\u00bb face au d\u00e9fi du r\u00e9chauffement climatique, une pollution et un trafic accrus, une surcharge de la ligne A du tramway\u2026 Et un projet \u00e9tablit sans concertation des riverains.<\/p>\n<p class=\" wall-content\">L\u2019\u00e9quipe de Pierre Hurmic n\u2019est pas rest\u00e9e les bras crois\u00e9s. \u00ab\u2009On a n\u00e9goci\u00e9 avec la M\u00e9tropole <strong>au maximum de ce qu\u2019on avait le droit de faire\u2009\u00bb,<\/strong> affirme Didier Jeanjean. R\u00e9sultat\u2009: la moiti\u00e9 du terrain qui devait initialement voir se construire des logements deviendra un parc. \u00ab\u2009C\u2019est act\u00e9, sinon on n\u2019aurait pas lanc\u00e9 la phase de concertation pour l\u2019am\u00e9nagement.\u2009\u00bb<\/p>\n<p class=\" wall-content\">La Ville a organis\u00e9 des r\u00e9unions avec les commer\u00e7ants, les \u00e9l\u00e8ves et les riverains du secteur. La derni\u00e8re a eu lieu le 17\u00a0avril. \u00ab\u2009On a rassembl\u00e9 toutes les envies, toutes les demandes. On va les <strong>transmettre au bureau d\u2019\u00e9tudes<\/strong> qui va \u00e9tablir un projet de parc\u2009\u00bb, d\u00e9taille l\u2019\u00e9lu. La r\u00e9union de pr\u00e9sentation du projet est pr\u00e9vue pour la fin d\u2019ann\u00e9e.<\/p>\n<p class=\" wall-content\">Autre point de n\u00e9gociation\u2009: \u00ab\u2009La physionomie du parking.\u2009\u00bb Le dernier \u00e9tage sera affubl\u00e9 de panneaux solaires, les barri\u00e8res naturelles existantes resteront en place et le rez-de-chauss\u00e9e sera construit de mani\u00e8re \u00e0 pouvoir accueillir des locaux. <strong>Commerciaux ou associatifs,<\/strong> rien n\u2019est s\u00fbr, mais la possibilit\u00e9 sera l\u00e0 \u00e0 la livraison du b\u00e2timent. \u00ab\u2009Si on ne trouve personne pour les occuper, ils pourront \u00eatre utilis\u00e9s en parking\u2009\u00bb, nuance toutefois Didier Jeanjean.\u00a0Pour rappel, outre l\u2019utilisation du <strong>terrain entier pour un parc,<\/strong> les riverains demandaient notamment dans leur p\u00e9tition des locaux associatifs.<\/p>\n<p class=\" wall-content\">\u00ab\u2009Ce n\u2019est pas toujours facile de comprendre <strong>le temps des administrations<\/strong> quand on n\u2019en a pas l\u2019exp\u00e9rience\u2009\u00bb, admet Didier Jeanjean. \u00ab\u2009On ne verra pas tout de suite le r\u00e9sultat de notre action.\u2009\u00bb<\/p>\n<p>Pas avant 2028\u2026 si tout va bien<\/p>\n<p class=\" wall-content\">\u00ab\u2009Pendant les travaux du parking, la base de vie est install\u00e9e sur la parcelle du futur parc\u2009\u00bb, d\u00e9taille Didier Jeanjean. Les travaux n\u2019auront lieu <strong>qu\u2019apr\u00e8s ceux du parking,<\/strong> dont la livraison est esp\u00e9r\u00e9e en 2026. Pour le parc, il faudra donc patienter jusqu\u2019en 2028\u2026 Si l\u2019\u00e9quipe municipale \u00e9lue l\u2019an prochain ne change pas d\u2019avis.<\/p>\n<p class=\" wall-content\">\u00ab\u2009On n\u2019a aucun promoteur sur le projet, mais engag\u00e9 des frais de la ville\u2009\u00bb, souligne l\u2019adjoint au maire. \u00ab\u2009Si une <strong>autre \u00e9quipe veut faire du logement ou autre,<\/strong> juridiquement et l\u00e9galement elle pourra.\u2009\u00bb<\/p>\n<p class=\" wall-content\">Mais Didier Jeanjean relativise, une telle d\u00e9cision se frotterait \u00e0 l\u2019opposition des riverains. \u00ab\u2009On voit une <strong>r\u00e9elle sensibilit\u00e9 des habitants<\/strong> qui veulent du vert et des espaces de repos de qualit\u00e9. C\u2019est tr\u00e8s positif car notre vision correspond aux attentes des citoyens, on n\u2019est pas sur une lubie dogmatique \u00e0 c\u00f4t\u00e9 de la plaque.\u2009\u00bb<\/p>\n<p class=\" wall-content\">En attendant 2028, les habitants du quartier <strong>en mal d\u2019espaces verts<\/strong> devront prendre leur mal en patience. La <a href=\"https:\/\/www.bordeaux-metropole.fr\/metropole\/projets-en-cours\/amenagement-territoire\/grands-projets-damenagement\/projets-nature-3\" target=\"_blank\" rel=\"noopener\">Brazzaligne, projet de la M\u00e9tropole,<\/a> doit arriver au c\u0153ur du quartier dans les ann\u00e9es \u00e0 venir. Mais \u00e0 part le futur \u00ab\u00a0parc Galin\u00a0\u00bb, l\u2019avenir n\u2019est pas vert. \u00ab\u2009Un demi-hectare disponible comme \u00e7a, c\u2019est une chance. Il n\u2019y a pas d\u2019autre foncier pour cr\u00e9er un grand parc \u00e0 Galin\u2009\u00bb, d\u00e9plore l\u2019\u00e9lu.<\/p>\n<p>Malgr\u00e9 nos sollicitations, Bordeaux M\u00e9tropole n\u2019a pas r\u00e9pondu avant la parution de l\u2019article.<\/p>\n<p class=\" wall-content\">Suivez toute l\u2019actualit\u00e9 de vos villes et m\u00e9dias favoris en vous inscrivant \u00e0 <a href=\"https:\/\/moncompte.actu.fr\" title=\"D\u00e9couvez Mon Actu\" rel=\"nofollow noopener\" data-trk=\"{&quot;cta&quot;:{&quot;action&quot;:&quot;https:\\\/\\\/moncompte.actu.fr&quot;,&quot;category&quot;:&quot;mon compte&quot;,&quot;from&quot;:&quot;article footer&quot;,&quot;name&quot;:&quot;Mon actu&quot;,&quot;type&quot;:&quot;cta&quot;}}\" target=\"_blank\">Mon Actu<\/a>.<\/p>\n<ul class=\"ac-article-tag wall-content\">\n<li><a href=\"https:\/\/actu.fr\/tag\/bordeaux-metropole\" data-trk=\"{&quot;cta&quot;:{&quot;action&quot;:&quot;Bordeaux M\\u00e9tropole&quot;,&quot;category&quot;:&quot;tag&quot;,&quot;from&quot;:&quot;article footer&quot;,&quot;name&quot;:&quot;Bordeaux M\\u00e9tropole&quot;,&quot;type&quot;:&quot;cta&quot;}}\" target=\"_blank\" rel=\"noopener\">#Bordeaux M\u00e9tropole<\/a><\/li>\n<li><a href=\"https:\/\/actu.fr\/tag\/europe-ecologie-les-verts-eelv\" data-trk=\"{&quot;cta&quot;:{&quot;action&quot;:&quot;Europe Ecologie Les Verts (EELV)&quot;,&quot;category&quot;:&quot;tag&quot;,&quot;from&quot;:&quot;article footer&quot;,&quot;name&quot;:&quot;Europe Ecologie Les Verts (EELV)&quot;,&quot;type&quot;:&quot;cta&quot;}}\" target=\"_blank\" rel=\"noopener\">#Europe Ecologie Les Verts (EELV)<\/a><\/li>\n<\/ul>\n","protected":false},"excerpt":{"rendered":"Par Juliette Cardinale Publi\u00e9 le 7 juin 2025 \u00e0 17h32 C\u2019est une col\u00e8re qui gronde depuis quelques ann\u00e9es&hellip;\n","protected":false},"author":2,"featured_media":158734,"comment_status":"","ping_status":"","sticky":false,"template":"","format":"standard","meta":{"footnotes":""},"categories":[2817],"tags":[1111,11,1997,2904,1777,674,7430,1011,27,12,2219,25,104],"class_list":{"0":"post-158733","1":"post","2":"type-post","3":"status-publish","4":"format-standard","5":"has-post-thumbnail","7":"category-bordeaux","8":"tag-actu","9":"tag-actualites","10":"tag-bordeaux","11":"tag-bordeaux-metropole","12":"tag-eu","13":"tag-europe","14":"tag-europe-ecologie-les-verts-eelv","15":"tag-fr","16":"tag-france","17":"tag-news","18":"tag-nouvelle-aquitaine","19":"tag-republique-francaise","20":"tag-societe"},"share_on_mastodon":{"url":"https:\/\/pubeurope.com\/@fr\/114642832860164250","error":""},"_links":{"self":[{"href":"https:\/\/www.europesays.com\/fr\/wp-json\/wp\/v2\/posts\/158733","targetHints":{"allow":["GET"]}}],"collection":[{"href":"https:\/\/www.europesays.com\/fr\/wp-json\/wp\/v2\/posts"}],"about":[{"href":"https:\/\/www.europesays.com\/fr\/wp-json\/wp\/v2\/types\/post"}],"author":[{"embeddable":true,"href":"https:\/\/www.europesays.com\/fr\/wp-json\/wp\/v2\/users\/2"}],"replies":[{"embeddable":true,"href":"https:\/\/www.europesays.com\/fr\/wp-json\/wp\/v2\/comments?post=158733"}],"version-history":[{"count":0,"href":"https:\/\/www.europesays.com\/fr\/wp-json\/wp\/v2\/posts\/158733\/revisions"}],"wp:featuredmedia":[{"embeddable":true,"href":"https:\/\/www.europesays.com\/fr\/wp-json\/wp\/v2\/media\/158734"}],"wp:attachment":[{"href":"https:\/\/www.europesays.com\/fr\/wp-json\/wp\/v2\/media?parent=158733"}],"wp:term":[{"taxonomy":"category","embeddable":true,"href":"https:\/\/www.europesays.com\/fr\/wp-json\/wp\/v2\/categories?post=158733"},{"taxonomy":"post_tag","embeddable":true,"href":"https:\/\/www.europesays.com\/fr\/wp-json\/wp\/v2\/tags?post=158733"}],"curies":[{"name":"wp","href":"https:\/\/api.w.org\/{rel}","templated":true}]}}