{"id":158735,"date":"2025-06-07T15:39:10","date_gmt":"2025-06-07T15:39:10","guid":{"rendered":"https:\/\/www.europesays.com\/fr\/158735\/"},"modified":"2025-06-07T15:39:10","modified_gmt":"2025-06-07T15:39:10","slug":"une-nouvelle-expo-de-street-art-demarre","status":"publish","type":"post","link":"https:\/\/www.europesays.com\/fr\/158735\/","title":{"rendered":"une nouvelle expo de street art d\u00e9marre"},"content":{"rendered":"<p>            Par<br \/>\n        <strong><br \/>\n            <a href=\"https:\/\/actu.fr\/auteur\/ancelin-emeryhenriot\" title=\"Consulter tous les articles de Ancelin Emery-Henriot\" rel=\"nofollow noopener\" target=\"_blank\">Ancelin Emery-Henriot<\/a><br \/>\n        <\/strong><\/p>\n<p>        Publi\u00e9 le<\/p>\n<p>            7 juin 2025 \u00e0 14h32        <\/p>\n<p>Une fois n\u2019est pas coutume, la <strong>culture urbaine<\/strong> va de nouveau \u00eatre mise sur le devant de la sc\u00e8ne \u00e0 <a href=\"https:\/\/actu.fr\/toulouse\/\" rel=\"nofollow noopener\" target=\"_blank\">Toulouse<\/a>. <strong>L\u2019association \u201cLa Garonne expose\u201d<\/strong> proposera, ce dimanche 8\u00a0juin 2025 au Jardin Monplaisir, un \u00e9v\u00e9nement tourn\u00e9 autour de cette derni\u00e8re. <strong>Peintres<\/strong>, <strong>street-artistes<\/strong>, <strong>sculpteurs<\/strong>, <strong>photographes<\/strong>, amateurs passionn\u00e9s et pros confirm\u00e9s seront l\u00e0 \u201cpour pr\u00e9senter leurs univers.\u201d<\/p>\n<p>Toulouse mise sur la culture urbaine<\/p>\n<p class=\" wall-content\">Et de telles manifestations sont de plus en plus fr\u00e9quentes dans la ville. Entre autres, l\u2019exposition Layup est un carton cette ann\u00e9e, avec 4\u2009000 entr\u00e9es rien que le soir du vernissage. Les championnats de France de breakdance ont pos\u00e9 pour la premi\u00e8re fois leurs valises \u00e0 Toulouse le 31\u00a0mai dernier. Le festival Latino Graff \u201cmonte en puissance\u201d selon <strong>Djillali Lahiani<\/strong>,<strong> adjoint au maire charg\u00e9 de la culture urbaine.<\/strong> Un constat peut alors \u00eatre fait\u2009: le street art conna\u00eet <strong>un \u00e2ge d\u2019or<\/strong> dans la Ville rose.<\/p>\n<p>\u00ab\u2009Instaurer une dynamique\u2009\u00bb avec 90 fresques \u00e0 Toulouse<\/p>\n<p class=\" wall-content\">C\u2019est tout du moins ce pourquoi se bat la mairie. \u201cIl nous tient \u00e0 c\u0153ur <strong>d\u2019appuyer ces \u00e9v\u00e9nements<\/strong>\u201d, argumente l\u2019\u00e9lu. C\u2019est d\u2019ailleurs pour cela que <strong>Jean-Luc Moudenc, le maire de Toulouse, <\/strong>a mis en place une fonction d\u00e9di\u00e9e \u00e0 la culture urbaine. Toulouse est, parmi les 10 villes les plus peupl\u00e9es de France, la seule \u00e0 \u00eatre dot\u00e9e d\u2019un tel adjoint. Un choix qui s\u2019inscrit, selon Djillali Lahiani, dans une \u201cvolont\u00e9 de cr\u00e9er une dynamique autour de l\u2019art de rue.\u201d Et il semble payer. \u201cSi on regarde en arri\u00e8re, entre\u00a02014 et\u00a02024, le bilan est excellent\u201d, conclut-il.<\/p>\n<p>    <img   decoding=\"async\" loading=\"lazy\" src=\"https:\/\/www.europesays.com\/fr\/wp-content\/uploads\/2025\/06\/art-fresques-toit-toulouse-960x640.jpg\" alt=\"La fresque se d\u00e9couvre sur le toit du parking des Carmes, au 7e \u00e9tage.\" width=\"960\" height=\"640\"\/><br \/>\n    La fresque sur le toit du parking des Carmes est l\u2019une des oeuvres qui fait la grandeur du street-art toulousain. (\u00a9Marie Lamarque \/ Actu Toulouse)<\/p>\n<p class=\" wall-content\">Preuve \u00e0 l\u2019appui, le street art conna\u00eet une <strong>forte croissance<\/strong>. \u201cSur ces 10 derni\u00e8res ann\u00e9es, il y a une \u00e9mergence de talents toulousains qui s\u2019expriment avec une diversit\u00e9 impressionnante\u201d, t\u00e9moigne l\u2019adjoint au maire. Et cela touche aussi les \u201cconsommateurs\u201d. Il compl\u00e8te\u2009: \u201cLa culture urbaine attire de plus en plus les foyers. Lors des \u00e9v\u00e9nements, on voit des jeunes, mais aussi leurs parents, par exemple.\u201d<\/p>\n<p>Vid\u00e9os : en ce moment sur Actu<\/p>\n<p class=\" wall-content\">Plus encore, un chiffre peut illustrer cet apog\u00e9e. L\u00e0 o\u00f9 une trentaine de fresques \u00e9taient inaugur\u00e9es en moyenne sur les anciens mandats, celui en cours en a d\u00e9j\u00e0 vu na\u00eetre 90.<\/p>\n<p>Des artistes \u00e0 port\u00e9e internationale<\/p>\n<p class=\" wall-content\">Et pour encore donner un coup de boost \u00e0 cette tendance, Toulouse peut compter sur des artistes qui d\u00e9passent les fronti\u00e8res de la ville, allant parfois jusqu\u2019\u00e0 une ampleur internationale. Reso, CEET Fouad, Abdul Djouhri\u2026 tant de noms qui font les lettres de noblesse de la Cit\u00e9 des violettes dans la discipline. Les deux derniers se sont d\u2019ailleurs illustr\u00e9s \u00e0 l\u2019\u00e9tranger, respectivement \u00e0 Hong Kong et New York. Et Djillali Lahiani ne manque pas de s\u2019en r\u00e9jouir\u2009: \u201cCela permet de faire briller la ville.\u201d<\/p>\n<p class=\" wall-content\">L\u2019\u00e9lu est d\u2019ailleurs optimiste pour l\u2019avenir du street art dans la Ville Rose. \u201cIl y a des choses formidables qui arrivent\u201d, se r\u00e9jouit-il. La derni\u00e8re en date\u2009: <a href=\"https:\/\/actu.fr\/occitanie\/toulouse_31555\/toulouse-une-fresque-monumentale-parmi-les-plus-grandes-de-la-ville-realisee-sur-ce-chateau-d-eau_62720854.html\" rel=\"nofollow noopener\" target=\"_blank\">une fresque colossale<\/a> des artistes Woizo et Op\u00e9ra, qui accueillera les cyclistes du Tour de France au sommet de Pech David.<\/p>\n<p>Nouvelle exposition d\u2019art urbain<br \/>Dimanche 8\u00a0juin 2025 au Jardin Monplaisir de Toulouse<br \/>De 10h \u00e0 21h<br \/>Gratuit<\/p>\n<p class=\" wall-content\">Suivez toute l\u2019actualit\u00e9 de vos villes et m\u00e9dias favoris en vous inscrivant \u00e0 <a href=\"https:\/\/moncompte.actu.fr\" title=\"D\u00e9couvez Mon Actu\" rel=\"nofollow noopener\" data-trk=\"{&quot;cta&quot;:{&quot;action&quot;:&quot;https:\\\/\\\/moncompte.actu.fr&quot;,&quot;category&quot;:&quot;mon compte&quot;,&quot;from&quot;:&quot;article footer&quot;,&quot;name&quot;:&quot;Mon actu&quot;,&quot;type&quot;:&quot;cta&quot;}}\" target=\"_blank\">Mon Actu<\/a>.<\/p>\n<ul class=\"ac-article-tag wall-content\">\n<li><a href=\"https:\/\/actu.fr\/tag\/sortir-a-toulouse\" data-trk=\"{&quot;cta&quot;:{&quot;action&quot;:&quot;Sortir \\u00e0 Toulouse&quot;,&quot;category&quot;:&quot;tag&quot;,&quot;from&quot;:&quot;article footer&quot;,&quot;name&quot;:&quot;Sortir \\u00e0 Toulouse&quot;,&quot;type&quot;:&quot;cta&quot;}}\" rel=\"nofollow noopener\" target=\"_blank\">#Sortir \u00e0 Toulouse<\/a><\/li>\n<li><a href=\"https:\/\/actu.fr\/tag\/street-art\" data-trk=\"{&quot;cta&quot;:{&quot;action&quot;:&quot;Street Art&quot;,&quot;category&quot;:&quot;tag&quot;,&quot;from&quot;:&quot;article footer&quot;,&quot;name&quot;:&quot;Street Art&quot;,&quot;type&quot;:&quot;cta&quot;}}\" rel=\"nofollow noopener\" target=\"_blank\">#Street Art<\/a><\/li>\n<\/ul>\n","protected":false},"excerpt":{"rendered":"Par Ancelin Emery-Henriot Publi\u00e9 le 7 juin 2025 \u00e0 14h32 Une fois n\u2019est pas coutume, la culture urbaine&hellip;\n","protected":false},"author":2,"featured_media":158736,"comment_status":"","ping_status":"","sticky":false,"template":"","format":"standard","meta":{"footnotes":""},"categories":[2816],"tags":[1111,11,1777,674,1349,1011,27,1652,12,2680,25,1341,7189,2312],"class_list":{"0":"post-158735","1":"post","2":"type-post","3":"status-publish","4":"format-standard","5":"has-post-thumbnail","7":"category-toulouse","8":"tag-actu","9":"tag-actualites","10":"tag-eu","11":"tag-europe","12":"tag-expositions","13":"tag-fr","14":"tag-france","15":"tag-loisirs-culture","16":"tag-news","17":"tag-occitanie","18":"tag-republique-francaise","19":"tag-sortir-a-toulouse","20":"tag-street-art","21":"tag-toulouse"},"share_on_mastodon":{"url":"https:\/\/pubeurope.com\/@fr\/114642836922293254","error":""},"_links":{"self":[{"href":"https:\/\/www.europesays.com\/fr\/wp-json\/wp\/v2\/posts\/158735","targetHints":{"allow":["GET"]}}],"collection":[{"href":"https:\/\/www.europesays.com\/fr\/wp-json\/wp\/v2\/posts"}],"about":[{"href":"https:\/\/www.europesays.com\/fr\/wp-json\/wp\/v2\/types\/post"}],"author":[{"embeddable":true,"href":"https:\/\/www.europesays.com\/fr\/wp-json\/wp\/v2\/users\/2"}],"replies":[{"embeddable":true,"href":"https:\/\/www.europesays.com\/fr\/wp-json\/wp\/v2\/comments?post=158735"}],"version-history":[{"count":0,"href":"https:\/\/www.europesays.com\/fr\/wp-json\/wp\/v2\/posts\/158735\/revisions"}],"wp:featuredmedia":[{"embeddable":true,"href":"https:\/\/www.europesays.com\/fr\/wp-json\/wp\/v2\/media\/158736"}],"wp:attachment":[{"href":"https:\/\/www.europesays.com\/fr\/wp-json\/wp\/v2\/media?parent=158735"}],"wp:term":[{"taxonomy":"category","embeddable":true,"href":"https:\/\/www.europesays.com\/fr\/wp-json\/wp\/v2\/categories?post=158735"},{"taxonomy":"post_tag","embeddable":true,"href":"https:\/\/www.europesays.com\/fr\/wp-json\/wp\/v2\/tags?post=158735"}],"curies":[{"name":"wp","href":"https:\/\/api.w.org\/{rel}","templated":true}]}}