{"id":158739,"date":"2025-06-07T15:41:17","date_gmt":"2025-06-07T15:41:17","guid":{"rendered":"https:\/\/www.europesays.com\/fr\/158739\/"},"modified":"2025-06-07T15:41:17","modified_gmt":"2025-06-07T15:41:17","slug":"hommage-au-couple-pieters-roubaixxl","status":"publish","type":"post","link":"https:\/\/www.europesays.com\/fr\/158739\/","title":{"rendered":"Hommage au couple Pieters &#8211; ROUBAIXXL"},"content":{"rendered":"<p class=\"introduction\">Ce jeudi 5 juin 2025, la ville de Roubaix a rendu un hommage solennel \u00e0 Marcelle et Edouard Pieters, un couple de r\u00e9sistants de la Seconde Guerre mondiale, en inaugurant des Stolpersteine devant leur dernier domicile connu. Ces pav\u00e9s de m\u00e9moire, cr\u00e9\u00e9s par l&rsquo;artiste allemand Gunter Demnig, visent \u00e0 honorer les victimes du nazisme en inscrivant leur souvenir dans le paysage urbain.<\/p>\n<p>Histoire des \u00e9poux Pieters<\/p>\n<p>\u00c9douard Pieters, n\u00e9 le 11 juin 1903 \u00e0 Roubaix, \u00e9tait n\u00e9gociant en tissu.<br \/>Mobilis\u00e9 en septembre 1939 comme sergent-chef au 511e r\u00e9giment de Metz, il participa activement \u00e0 la bataille de France avant d\u2019\u00eatre d\u00e9mobilis\u00e9 en juillet 1940. Il rejoignit alors son \u00e9pouse, Marcelle Reynaert, n\u00e9e le 3 janvier 1908 \u00e0 Roubaix, et leurs deux filles, \u00c9dith et Mona, qui s\u2019\u00e9taient r\u00e9fugi\u00e9es pr\u00e8s de Limoges. La famille retourna \u00e0 Roubaix en septembre 1940.<\/p>\n<p data-start=\"390\" data-end=\"628\">D\u00e8s leur retour, \u00c9douard et Marcelle s\u2019engag\u00e8rent activement dans la R\u00e9sistance. Ils organis\u00e8rent des passages en zone libre pour des soldats alli\u00e9s, des r\u00e9fractaires au Service du travail obligatoire (STO) et d\u2019autres personnes recherch\u00e9es par l\u2019occupant. Le couple participa \u00e9galement \u00e0 la reproduction et \u00e0 la distribution de tracts et journaux clandestins, contribuant ainsi \u00e0 l\u2019information et \u00e0 la mobilisation de la population contre l\u2019occupant nazi. Marcelle s\u2019\u00e9tait sp\u00e9cialis\u00e9e dans la reproduction de plans militaires, tandis qu\u2019\u00c9douard facilitait le passage en zone libre de nombreux \u00e9vad\u00e9s.<\/p>\n<p data-start=\"630\" data-end=\"868\">Le 15 avril 1941, \u00c9douard fut arr\u00eat\u00e9 \u00e0 son domicile par la Gestapo de Lille pour \u00ab intelligence avec l\u2019ennemi \u00bb. Accus\u00e9 d\u2019avoir facilit\u00e9 le passage en zone occup\u00e9e de ressortissants fran\u00e7ais, belges et britanniques, il fut d\u00e9f\u00e9r\u00e9 devant le tribunal militaire allemand FK 678 de Lille et condamn\u00e9 \u00e0 mort le 30 novembre 1941. Malgr\u00e9 une intervention en sa faveur de la D\u00e9l\u00e9gation g\u00e9n\u00e9rale du gouvernement fran\u00e7ais dans les territoires occup\u00e9s, son recours en gr\u00e2ce fut rejet\u00e9. \u00c9douard Pieters fut ex\u00e9cut\u00e9 le 23 avril 1942 au Fort du Vert-Galant \u00e0 Wambrechies et inhum\u00e9 \u00e0 Marquette.<\/p>\n<p data-start=\"870\" data-end=\"1028\">Marcelle, quant \u00e0 elle, fut arr\u00eat\u00e9e par la Gestapo le 21 octobre 1941. Incarc\u00e9r\u00e9e \u00e0 la prison de Loos, elle fut ensuite d\u00e9port\u00e9e en Allemagne, o\u00f9 elle d\u00e9c\u00e9da le 20 avril 1945 des suites des mauvais traitements subis.<\/p>\n","protected":false},"excerpt":{"rendered":"Ce jeudi 5 juin 2025, la ville de Roubaix a rendu un hommage solennel \u00e0 Marcelle et Edouard&hellip;\n","protected":false},"author":2,"featured_media":158740,"comment_status":"","ping_status":"","sticky":false,"template":"","format":"standard","meta":{"footnotes":""},"categories":[2815],"tags":[1111,11,24831,1777,674,1011,27,811,1307,12,2551,25],"class_list":{"0":"post-158739","1":"post","2":"type-post","3":"status-publish","4":"format-standard","5":"has-post-thumbnail","7":"category-lille","8":"tag-actu","9":"tag-actualites","10":"tag-devoir-de-memoire","11":"tag-eu","12":"tag-europe","13":"tag-fr","14":"tag-france","15":"tag-hauts-de-france","16":"tag-lille","17":"tag-news","18":"tag-patrimoine","19":"tag-republique-francaise"},"share_on_mastodon":{"url":"https:\/\/pubeurope.com\/@fr\/114642844782856320","error":""},"_links":{"self":[{"href":"https:\/\/www.europesays.com\/fr\/wp-json\/wp\/v2\/posts\/158739","targetHints":{"allow":["GET"]}}],"collection":[{"href":"https:\/\/www.europesays.com\/fr\/wp-json\/wp\/v2\/posts"}],"about":[{"href":"https:\/\/www.europesays.com\/fr\/wp-json\/wp\/v2\/types\/post"}],"author":[{"embeddable":true,"href":"https:\/\/www.europesays.com\/fr\/wp-json\/wp\/v2\/users\/2"}],"replies":[{"embeddable":true,"href":"https:\/\/www.europesays.com\/fr\/wp-json\/wp\/v2\/comments?post=158739"}],"version-history":[{"count":0,"href":"https:\/\/www.europesays.com\/fr\/wp-json\/wp\/v2\/posts\/158739\/revisions"}],"wp:featuredmedia":[{"embeddable":true,"href":"https:\/\/www.europesays.com\/fr\/wp-json\/wp\/v2\/media\/158740"}],"wp:attachment":[{"href":"https:\/\/www.europesays.com\/fr\/wp-json\/wp\/v2\/media?parent=158739"}],"wp:term":[{"taxonomy":"category","embeddable":true,"href":"https:\/\/www.europesays.com\/fr\/wp-json\/wp\/v2\/categories?post=158739"},{"taxonomy":"post_tag","embeddable":true,"href":"https:\/\/www.europesays.com\/fr\/wp-json\/wp\/v2\/tags?post=158739"}],"curies":[{"name":"wp","href":"https:\/\/api.w.org\/{rel}","templated":true}]}}