{"id":158743,"date":"2025-06-07T15:43:10","date_gmt":"2025-06-07T15:43:10","guid":{"rendered":"https:\/\/www.europesays.com\/fr\/158743\/"},"modified":"2025-06-07T15:43:10","modified_gmt":"2025-06-07T15:43:10","slug":"la-ligne-1-du-metro-perturbee-en-raison-de-la-presence-de-personnes-dans-le-tunnel-de-la-rose","status":"publish","type":"post","link":"https:\/\/www.europesays.com\/fr\/158743\/","title":{"rendered":"la ligne 1 du m\u00e9tro perturb\u00e9e en raison de la pr\u00e9sence de personnes dans le tunnel de la Rose"},"content":{"rendered":"<p>Dans un communiqu\u00e9 sur son site, la R\u00e9gie des transports M\u00e9tropolitains (RTM) pr\u00e9vient que la ligne 1 du m\u00e9tro \u00e0 Marseille est perturb\u00e9e ce samedi apr\u00e8s-midi. Et ce en raison de la pr\u00e9sence de personnes dans le tunnel de la station de la Rose.\u00a0 Ainsi, \u00ab\u00a0quatre stations sont non-desservies, \u00e0 savoir : la Rose ;Frais Vallon ; Malpass\u00e9 et Saint-Just.\u00a0\u00bb<\/p>\n<p>La ligne circule normalement uniquement entre les stations des <strong>Chartreux<\/strong>\u00a0et\u00a0<strong>La Fourrag\u00e8re<\/strong>. Elle sera pleinement r\u00e9tablie dans la cit\u00e9 phoc\u00e9enne \u00ab\u00a0d\u00e8s que les conditions le permettront\u00a0\u00bb, pr\u00e9cise la RTM dans sa missive.<\/p>\n","protected":false},"excerpt":{"rendered":"Dans un communiqu\u00e9 sur son site, la R\u00e9gie des transports M\u00e9tropolitains (RTM) pr\u00e9vient que la ligne 1 du&hellip;\n","protected":false},"author":2,"featured_media":158744,"comment_status":"","ping_status":"","sticky":false,"template":"","format":"standard","meta":{"footnotes":""},"categories":[2814],"tags":[17,1111,11,1777,674,1011,27,3052,884,4047,12,3744,7847,15492,882,13637,16,25],"class_list":{"0":"post-158743","1":"post","2":"type-post","3":"status-publish","4":"format-standard","5":"has-post-thumbnail","7":"category-marseille","8":"tag-17","9":"tag-actu","10":"tag-actualites","11":"tag-eu","12":"tag-europe","13":"tag-fr","14":"tag-france","15":"tag-ligne","16":"tag-marseille","17":"tag-metro","18":"tag-news","19":"tag-personnes","20":"tag-perturbee","21":"tag-presence","22":"tag-provence-alpes-cote-dazur","23":"tag-raison","24":"tag-region","25":"tag-republique-francaise"},"share_on_mastodon":{"url":"https:\/\/pubeurope.com\/@fr\/114642852468278288","error":""},"_links":{"self":[{"href":"https:\/\/www.europesays.com\/fr\/wp-json\/wp\/v2\/posts\/158743","targetHints":{"allow":["GET"]}}],"collection":[{"href":"https:\/\/www.europesays.com\/fr\/wp-json\/wp\/v2\/posts"}],"about":[{"href":"https:\/\/www.europesays.com\/fr\/wp-json\/wp\/v2\/types\/post"}],"author":[{"embeddable":true,"href":"https:\/\/www.europesays.com\/fr\/wp-json\/wp\/v2\/users\/2"}],"replies":[{"embeddable":true,"href":"https:\/\/www.europesays.com\/fr\/wp-json\/wp\/v2\/comments?post=158743"}],"version-history":[{"count":0,"href":"https:\/\/www.europesays.com\/fr\/wp-json\/wp\/v2\/posts\/158743\/revisions"}],"wp:featuredmedia":[{"embeddable":true,"href":"https:\/\/www.europesays.com\/fr\/wp-json\/wp\/v2\/media\/158744"}],"wp:attachment":[{"href":"https:\/\/www.europesays.com\/fr\/wp-json\/wp\/v2\/media?parent=158743"}],"wp:term":[{"taxonomy":"category","embeddable":true,"href":"https:\/\/www.europesays.com\/fr\/wp-json\/wp\/v2\/categories?post=158743"},{"taxonomy":"post_tag","embeddable":true,"href":"https:\/\/www.europesays.com\/fr\/wp-json\/wp\/v2\/tags?post=158743"}],"curies":[{"name":"wp","href":"https:\/\/api.w.org\/{rel}","templated":true}]}}