{"id":158745,"date":"2025-06-07T15:44:09","date_gmt":"2025-06-07T15:44:09","guid":{"rendered":"https:\/\/www.europesays.com\/fr\/158745\/"},"modified":"2025-06-07T15:44:09","modified_gmt":"2025-06-07T15:44:09","slug":"incendie-dune-remorque-sur-un-bateau-de-la-meridionale-qui-venait-daccoster-a-marseille-en-provenance-dajaccio-ce-samedi","status":"publish","type":"post","link":"https:\/\/www.europesays.com\/fr\/158745\/","title":{"rendered":"Incendie d&rsquo;une remorque sur un bateau de \u00ab\u00a0La M\u00e9ridionale\u00a0\u00bb qui venait d&rsquo;accoster \u00e0 Marseille en provenance d&rsquo;Ajaccio ce samedi"},"content":{"rendered":"<p>Les marins pompiers de Marseille sont intervenus ce samedi 7\u00a0juin, vers 8\u00a0heures, dans les garages du Piana, l&rsquo;un des bateaux de la compagnie La M\u00e9ridionale, afin d&rsquo;\u00e9teindre les flammes qui embrasaient une remorque, a indiqu\u00e9 le service de presse de CMA-CGM, propri\u00e9taire de l&rsquo;entreprise.<\/p>\n<p>Il aura fallu plus d&rsquo;une heure trente aux secours pour ma\u00eetriser le sinistre, qui n&rsquo;a pas fait de victimes. Les passagers avaient tous d\u00e9barqu\u00e9 ainsi que les v\u00e9hicules, lorsque la remorque s&rsquo;est embras\u00e9e pour une raison que l&rsquo;enqu\u00eate en cours devra d\u00e9terminer.<\/p>\n<p>Le Piana venait d&rsquo;effectuer la travers\u00e9e Marseille-Ajaccio apr\u00e8s \u00eatre parti de Corse la veille au soir.<\/p>\n<p>La travers\u00e9e Marseille-Ajaccio assur\u00e9e par le cargo mixte \u00ab\u00a0Kallist\u00e9\u00a0\u00bb<\/p>\n<p>Dans un communiqu\u00e9 CMA-CGM indique que, \u00ab\u00a0gr\u00e2ce \u00e0 la r\u00e9activit\u00e9 des \u00e9quipes de La M\u00e9ridionale et \u00e0 l&rsquo;intervention du bataillon des Marins-Pompiers de Marseille, l&rsquo;incendie a \u00e9t\u00e9 rapidement ma\u00eetris\u00e9. Aucun bless\u00e9, ni aucune pollution ne sont \u00e0 d\u00e9plorer. Une enqu\u00eate a \u00e9t\u00e9 diligent\u00e9e pour identifier l&rsquo;origine du sinistre. La M\u00e9ridionale s&rsquo;excuse pour les d\u00e9sagr\u00e9ments caus\u00e9s par cet incident ind\u00e9pendant de sa volont\u00e9 et reste pleinement engag\u00e9e aupr\u00e8s de ses clients\u00a0\u00bb.<\/p>\n<p>C&rsquo;est le cargo mixte Kallist\u00e9 qui appareillera de Marseille \u00e0 la place du Piana, ce samedi, \u00e0 destination d&rsquo;Ajaccio indique le service de presse de CMA-CGM.<\/p>\n","protected":false},"excerpt":{"rendered":"Les marins pompiers de Marseille sont intervenus ce samedi 7\u00a0juin, vers 8\u00a0heures, dans les garages du Piana, l&rsquo;un&hellip;\n","protected":false},"author":2,"featured_media":158746,"comment_status":"","ping_status":"","sticky":false,"template":"","format":"standard","meta":{"footnotes":""},"categories":[2814],"tags":[17,1111,11,5160,1102,28977,1777,674,274,1011,27,1310,884,28979,12,882,28978,25,3356,96],"class_list":{"0":"post-158745","1":"post","2":"type-post","3":"status-publish","4":"format-standard","5":"has-post-thumbnail","7":"category-marseille","8":"tag-17","9":"tag-actu","10":"tag-actualites","11":"tag-bateau","12":"tag-breakingnews","13":"tag-embrase","14":"tag-eu","15":"tag-europe","16":"tag-faits-divers-justice","17":"tag-fr","18":"tag-france","19":"tag-incendie","20":"tag-marseille","21":"tag-meridionale","22":"tag-news","23":"tag-provence-alpes-cote-dazur","24":"tag-remorque","25":"tag-republique-francaise","26":"tag-sur","27":"tag-une"},"share_on_mastodon":{"url":"https:\/\/pubeurope.com\/@fr\/114642856441741246","error":""},"_links":{"self":[{"href":"https:\/\/www.europesays.com\/fr\/wp-json\/wp\/v2\/posts\/158745","targetHints":{"allow":["GET"]}}],"collection":[{"href":"https:\/\/www.europesays.com\/fr\/wp-json\/wp\/v2\/posts"}],"about":[{"href":"https:\/\/www.europesays.com\/fr\/wp-json\/wp\/v2\/types\/post"}],"author":[{"embeddable":true,"href":"https:\/\/www.europesays.com\/fr\/wp-json\/wp\/v2\/users\/2"}],"replies":[{"embeddable":true,"href":"https:\/\/www.europesays.com\/fr\/wp-json\/wp\/v2\/comments?post=158745"}],"version-history":[{"count":0,"href":"https:\/\/www.europesays.com\/fr\/wp-json\/wp\/v2\/posts\/158745\/revisions"}],"wp:featuredmedia":[{"embeddable":true,"href":"https:\/\/www.europesays.com\/fr\/wp-json\/wp\/v2\/media\/158746"}],"wp:attachment":[{"href":"https:\/\/www.europesays.com\/fr\/wp-json\/wp\/v2\/media?parent=158745"}],"wp:term":[{"taxonomy":"category","embeddable":true,"href":"https:\/\/www.europesays.com\/fr\/wp-json\/wp\/v2\/categories?post=158745"},{"taxonomy":"post_tag","embeddable":true,"href":"https:\/\/www.europesays.com\/fr\/wp-json\/wp\/v2\/tags?post=158745"}],"curies":[{"name":"wp","href":"https:\/\/api.w.org\/{rel}","templated":true}]}}