{"id":158749,"date":"2025-06-07T15:46:14","date_gmt":"2025-06-07T15:46:14","guid":{"rendered":"https:\/\/www.europesays.com\/fr\/158749\/"},"modified":"2025-06-07T15:46:14","modified_gmt":"2025-06-07T15:46:14","slug":"rhone-la-gendarmes-empechent-une-rave-party-au-nord-de-lyon","status":"publish","type":"post","link":"https:\/\/www.europesays.com\/fr\/158749\/","title":{"rendered":"Rh\u00f4ne. La gendarmes emp\u00eachent une rave-party au nord de Lyon"},"content":{"rendered":"<p>Des f\u00eatards s\u2019appr\u00eataient \u00e0 se r\u00e9unir pour une rave-party sur un terrain privatif, \u00e0 Ranchal, au nord de Lyon, ce samedi 7\u00a0juin. Mais c\u2019\u00e9tait sans compter sur l\u2019intervention des gendarmes.<\/p>\n<p><strong>Il n\u2019\u00e9taient que&#8230; 5<\/strong><\/p>\n<p>Face aux risques li\u00e9s \u00e0 l\u2019afflux de personnes, les militaires se sont d\u00e9plac\u00e9s pour les inviter \u00e0 partir. Ils n\u2019\u00e9taient alors que cinq sur les lieux \u00e0 pr\u00e9parer la soir\u00e9e.<\/p>\n<p>En fin d\u2019apr\u00e8s-midi, les organisateurs ont \u00e9teint et commenc\u00e9 \u00e0 ranger leur mat\u00e9riel sous la surveillance d\u2019une petite dizaine de gendarmes.<\/p>\n<p>Pour rappel, en mars dernier, la fin d\u2019une <a href=\"https:\/\/www.leprogres.fr\/faits-divers-justice\/2025\/03\/16\/fin-de-rave-party-a-feyzin-une-personne-en-urgence-absolue-et-cinq-policiers-blesses\" target=\"_blank\" rel=\"noopener\">rave-party \u00e0 Feyzin<\/a> avait fait un bless\u00e9 grave parmi les participants et cinq policiers plus l\u00e9g\u00e8rement.<\/p>\n","protected":false},"excerpt":{"rendered":"Des f\u00eatards s\u2019appr\u00eataient \u00e0 se r\u00e9unir pour une rave-party sur un terrain privatif, \u00e0 Ranchal, au nord de&hellip;\n","protected":false},"author":2,"featured_media":158750,"comment_status":"","ping_status":"","sticky":false,"template":"","format":"standard","meta":{"footnotes":""},"categories":[1889],"tags":[1111,11,2430,3155,1777,674,274,1011,27,2428,12,28980,25,2429,28981],"class_list":{"0":"post-158749","1":"post","2":"type-post","3":"status-publish","4":"format-standard","5":"has-post-thumbnail","7":"category-lyon","8":"tag-actu","9":"tag-actualites","10":"tag-auvergne-rhone-alpes","11":"tag-edition-tarare","12":"tag-eu","13":"tag-europe","14":"tag-faits-divers-justice","15":"tag-fr","16":"tag-france","17":"tag-lyon","18":"tag-news","19":"tag-ranchal","20":"tag-republique-francaise","21":"tag-rhone","22":"tag-thizy-les-bourgs-bassin"},"share_on_mastodon":{"url":"https:\/\/pubeurope.com\/@fr\/114642864197682005","error":""},"_links":{"self":[{"href":"https:\/\/www.europesays.com\/fr\/wp-json\/wp\/v2\/posts\/158749","targetHints":{"allow":["GET"]}}],"collection":[{"href":"https:\/\/www.europesays.com\/fr\/wp-json\/wp\/v2\/posts"}],"about":[{"href":"https:\/\/www.europesays.com\/fr\/wp-json\/wp\/v2\/types\/post"}],"author":[{"embeddable":true,"href":"https:\/\/www.europesays.com\/fr\/wp-json\/wp\/v2\/users\/2"}],"replies":[{"embeddable":true,"href":"https:\/\/www.europesays.com\/fr\/wp-json\/wp\/v2\/comments?post=158749"}],"version-history":[{"count":0,"href":"https:\/\/www.europesays.com\/fr\/wp-json\/wp\/v2\/posts\/158749\/revisions"}],"wp:featuredmedia":[{"embeddable":true,"href":"https:\/\/www.europesays.com\/fr\/wp-json\/wp\/v2\/media\/158750"}],"wp:attachment":[{"href":"https:\/\/www.europesays.com\/fr\/wp-json\/wp\/v2\/media?parent=158749"}],"wp:term":[{"taxonomy":"category","embeddable":true,"href":"https:\/\/www.europesays.com\/fr\/wp-json\/wp\/v2\/categories?post=158749"},{"taxonomy":"post_tag","embeddable":true,"href":"https:\/\/www.europesays.com\/fr\/wp-json\/wp\/v2\/tags?post=158749"}],"curies":[{"name":"wp","href":"https:\/\/api.w.org\/{rel}","templated":true}]}}