{"id":158753,"date":"2025-06-07T15:49:12","date_gmt":"2025-06-07T15:49:12","guid":{"rendered":"https:\/\/www.europesays.com\/fr\/158753\/"},"modified":"2025-06-07T15:49:12","modified_gmt":"2025-06-07T15:49:12","slug":"paul-gustard-sinscrit-dans-la-duree-au-stade-francais","status":"publish","type":"post","link":"https:\/\/www.europesays.com\/fr\/158753\/","title":{"rendered":"Paul Gustard s\u2019inscrit dans la dur\u00e9e au Stade Fran\u00e7ais"},"content":{"rendered":"<p>L\u2019entra\u00eeneur en chef du Stade Fran\u00e7ais a, selon L\u2019Equipe, prolong\u00e9 son contrat pour deux saisons suppl\u00e9mentaires et une troisi\u00e8me en option.<\/p>\n<p class=\"fig-paragraph\">Partira, partira pas&#8230;\u00a0<a href=\"http:\/\/www.lefigaro.fr\/sports\/rugby\/top-14\/top-14-catastrophique-manque-d-energie-d-envie-paul-gustard-stade-francais-desabuse-apres-la-defaite-a-montpellier-20250329\" data-fig-type=\"NewsFlash\" data-gtm-custom-categorie=\"navigation\" data-gtm-custom-action=\"crossclick\" data-gtm-custom-label=\"Contextuel\" data-gtm-event=\"customEventSPE\" data-fig-domain=\"LEFIGARO\" rel=\"nofollow noopener\" target=\"_blank\">Paul Gustard<\/a>\u00a0avait, dans un premier temps, demand\u00e9 \u00e0 \u00eatre lib\u00e9r\u00e9 de sa derni\u00e8re ann\u00e9e de contrat pour rejoindre Leicester. Il n\u2019en sera rien. L\u2019entra\u00eeneur en chef du\u00a0<a href=\"http:\/\/www.lefigaro.fr\/sports\/rugby\/top-14\/top-14-le-stade-francais-refuse-d-envisager-le-pire-20250607\" data-fig-type=\"NewsFlash\" data-gtm-custom-categorie=\"navigation\" data-gtm-custom-action=\"crossclick\" data-gtm-custom-label=\"Contextuel\" data-gtm-event=\"customEventSPE\" data-fig-domain=\"LEFIGARO\" rel=\"nofollow noopener\" target=\"_blank\">Stade Fran\u00e7ais<\/a>\u00a0a finalement prolong\u00e9 son contrat pour deux saisons suppl\u00e9mentaires plus une en option d\u2019apr\u00e8s\u00a0<a href=\"https:\/\/www.lequipe.fr\/Rugby\/Actualites\/L-entraineur-en-chef-du-stade-francais-paul-gustard-a-prolonge-son-contrat-de-deux-saisons-supplementaires\/1568290\" target=\"_blank\" rel=\"nofollow noopener\" data-gtm-custom-categorie=\"navigation\" data-gtm-custom-action=\"crossclick\" data-gtm-custom-label=\"Contextuel\" data-gtm-event=\"customEventSPE\">L\u2019Equipe<\/a> .<\/p>\n<p class=\"fig-paragraph\">L\u2019Anglais de 49 ans avait d\u00e9barqu\u00e9 en 2022 avec le r\u00f4le d\u2019entra\u00eeneur de la d\u00e9fense. Gr\u00e2ce \u00e0 son expertise, il avait permis au club de la capitale de r\u00e9aliser une grande saison l\u2019an pass\u00e9 (demi-finale de Top 14). Cette saison, il avait repris les commandes apr\u00e8s l\u2019\u00e9viction de\u00a0<a href=\"http:\/\/www.lefigaro.fr\/sports\/rugby\/top-14\/top-14-ghezal-prolonge-au-lou-20250311\" data-fig-type=\"NewsFlash\" data-gtm-custom-categorie=\"navigation\" data-gtm-custom-action=\"crossclick\" data-gtm-custom-label=\"Contextuel\" data-gtm-event=\"customEventSPE\" data-fig-domain=\"LEFIGARO\" rel=\"nofollow noopener\" target=\"_blank\">Karim Ghezal<\/a>.<\/p>\n<p class=\"fig-paragraph\">Paul Gustard a maintenant une seule mission\u00a0: sauver le Stade Fran\u00e7ais de la rel\u00e9gation. Chose qui pourrait \u00eatre faite d\u00e8s ce samedi soir (21h05), en cas de victoire face \u00e0 Castres ou de\u00a0<a href=\"http:\/\/www.lefigaro.fr\/sports\/rugby\/top-14\/top-14-qualification-pour-la-phase-finale-et-course-au-maintien-les-scenarios-d-une-derniere-journee-qui-s-annonce-folle-20250603\" data-fig-type=\"NewsFlash\" data-gtm-custom-categorie=\"navigation\" data-gtm-custom-action=\"crossclick\" data-gtm-custom-label=\"Contextuel\" data-gtm-event=\"customEventSPE\" data-fig-domain=\"LEFIGARO\" rel=\"nofollow noopener\" target=\"_blank\">sc\u00e9nario favorable<\/a>.<\/p>\n","protected":false},"excerpt":{"rendered":"L\u2019entra\u00eeneur en chef du Stade Fran\u00e7ais a, selon L\u2019Equipe, prolong\u00e9 son contrat pour deux saisons suppl\u00e9mentaires et une&hellip;\n","protected":false},"author":2,"featured_media":158754,"comment_status":"","ping_status":"","sticky":false,"template":"","format":"standard","meta":{"footnotes":""},"categories":[1888],"tags":[1111,1928,11,1927,525,4590,1981,2313,814,1777,674,1011,27,955,12,1926,626,1925,4589,2311,25,1980,479,2259,2558,478,2310,2312],"class_list":{"0":"post-158753","1":"post","2":"type-post","3":"status-publish","4":"format-standard","5":"has-post-thumbnail","7":"category-paris","8":"tag-actu","9":"tag-actu-paris","10":"tag-actualites","11":"tag-actualites-paris","12":"tag-calendrier","13":"tag-championnat-france","14":"tag-classement","15":"tag-clermont","16":"tag-direct","17":"tag-eu","18":"tag-europe","19":"tag-fr","20":"tag-france","21":"tag-match","22":"tag-news","23":"tag-news-paris","24":"tag-paris","25":"tag-paris-news","26":"tag-phase-finale","27":"tag-racing","28":"tag-republique-francaise","29":"tag-resultats","30":"tag-rugby","31":"tag-score","32":"tag-stade-francais","33":"tag-top-14","34":"tag-toulon","35":"tag-toulouse"},"share_on_mastodon":{"url":"https:\/\/pubeurope.com\/@fr\/114642876361177285","error":""},"_links":{"self":[{"href":"https:\/\/www.europesays.com\/fr\/wp-json\/wp\/v2\/posts\/158753","targetHints":{"allow":["GET"]}}],"collection":[{"href":"https:\/\/www.europesays.com\/fr\/wp-json\/wp\/v2\/posts"}],"about":[{"href":"https:\/\/www.europesays.com\/fr\/wp-json\/wp\/v2\/types\/post"}],"author":[{"embeddable":true,"href":"https:\/\/www.europesays.com\/fr\/wp-json\/wp\/v2\/users\/2"}],"replies":[{"embeddable":true,"href":"https:\/\/www.europesays.com\/fr\/wp-json\/wp\/v2\/comments?post=158753"}],"version-history":[{"count":0,"href":"https:\/\/www.europesays.com\/fr\/wp-json\/wp\/v2\/posts\/158753\/revisions"}],"wp:featuredmedia":[{"embeddable":true,"href":"https:\/\/www.europesays.com\/fr\/wp-json\/wp\/v2\/media\/158754"}],"wp:attachment":[{"href":"https:\/\/www.europesays.com\/fr\/wp-json\/wp\/v2\/media?parent=158753"}],"wp:term":[{"taxonomy":"category","embeddable":true,"href":"https:\/\/www.europesays.com\/fr\/wp-json\/wp\/v2\/categories?post=158753"},{"taxonomy":"post_tag","embeddable":true,"href":"https:\/\/www.europesays.com\/fr\/wp-json\/wp\/v2\/tags?post=158753"}],"curies":[{"name":"wp","href":"https:\/\/api.w.org\/{rel}","templated":true}]}}