{"id":158759,"date":"2025-06-07T15:52:20","date_gmt":"2025-06-07T15:52:20","guid":{"rendered":"https:\/\/www.europesays.com\/fr\/158759\/"},"modified":"2025-06-07T15:52:20","modified_gmt":"2025-06-07T15:52:20","slug":"des-enseignants-diffusent-une-video-pour-gaza-des-elus-exigent-des-sanctions","status":"publish","type":"post","link":"https:\/\/www.europesays.com\/fr\/158759\/","title":{"rendered":"Des enseignants diffusent une vid\u00e9o pour Gaza, des \u00e9lus exigent des sanctions"},"content":{"rendered":"<p><strong>Libert\u00e9 d\u2019expression &#8211; Cinq organisations syndicales parisiennes d\u00e9noncent les \u00ab pressions contre les voix qui demandent la paix, l\u2019arr\u00eat des massacres et affirment leur soutien au peuple palestinien et \u00e0 ses enfants affam\u00e9s \u00bb<\/strong><\/p>\n<p>\u00ab Nous, enseignants et personnels du coll\u00e8ge Flora Tristan, tenons \u00e0 exprimer notre indignation face au massacre des familles \u00e0 Gaza par le gouvernement isra\u00e9lien. \u00bb Dans une<a href=\"https:\/\/x.com\/CitizenMediaFR\/status\/1930335802623451256?at_medium=RSS%20feed&amp;at_campaign=ynews&amp;utm_source=yahoo&amp;utm_medium=rss&amp;utm_campaign=news_feed&amp;utm_content=in_article_link\" rel=\"nofollow noopener\" target=\"_blank\" data-ylk=\"slk:vid\u00e9o post\u00e9e sur les r\u00e9seaux sociaux,;elm:context_link;itc:0;sec:content-canvas\" class=\"link \"> vid\u00e9o post\u00e9e sur les r\u00e9seaux sociaux,<\/a> des professeurs et personnels du coll\u00e8ge Flora Tristan, dans le 20e \u00e0 Paris, ont interpell\u00e9 la ministre de l\u2019Education et les \u00ab responsables politiques fran\u00e7ais \u00bb concernant les \u00ab crimes de masse \u00bb commis \u00e0 Gaza. Une vid\u00e9o qui a provoqu\u00e9 l\u2019ire d\u2019une partie de la droite parisienne, qui appelle au \u00ab devoir de r\u00e9serve \u00bb des enseignants et r\u00e9clame des sanctions.<\/p>\n<p>\u00ab Certains enseignants du Coll\u00e8ge Flora Tristan \u00e0 Paris-20 sont clairement sortis de leur devoir de r\u00e9serve en prenant position sur le conflit \u00e0 Gaza dans une vid\u00e9o. C\u2019est inadmissible. Nos \u00e9coles ne sont pas des lieux de militantisme \u00bb, a comment\u00e9 Fran\u00e7ois-Marie Didier, conseiller du groupe Changer Paris. L\u2019\u00e9lu a publi\u00e9, avec sa coll\u00e8gue In\u00e8s de Raguenel, charg\u00e9e de l\u2019enseignement secondaire dans le 15e, un <a href=\"https:\/\/x.com\/fmdidier\/status\/1931036170625970669\/photo\/1?at_medium=RSS%20feed&amp;at_campaign=ynews&amp;utm_source=yahoo&amp;utm_medium=rss&amp;utm_campaign=news_feed&amp;utm_content=in_article_link\" rel=\"nofollow noopener\" target=\"_blank\" data-ylk=\"slk:communiqu\u00e9;elm:context_link;itc:0;sec:content-canvas\" class=\"link \">communiqu\u00e9 <\/a>exprimant sa \u00ab plus vive inqui\u00e9tude \u00bb, face \u00e0 ce qu\u2019il qualifie de \u00ab d\u00e9rive \u00bb. \u00ab O\u00f9 est pass\u00e9e leur neutralit\u00e9 ? Leur devoir de r\u00e9serve ? \u00bb <a href=\"https:\/\/x.com\/nizardisabelle\/status\/1931009468516479481?at_medium=RSS%20feed&amp;at_campaign=ynews&amp;utm_source=yahoo&amp;utm_medium=rss&amp;utm_campaign=news_feed&amp;utm_content=in_article_link\" rel=\"nofollow noopener\" target=\"_blank\" data-ylk=\"slk:d\u00e9nonce;elm:context_link;itc:0;sec:content-canvas\" class=\"link \">d\u00e9nonce <\/a>dans un message post\u00e9 sur ses r\u00e9seaux sociaux Isabelle Nizard, charg\u00e9e des affaires scolaires dans le 16e arrondissement.<\/p>\n<p>\u00ab Chasse aux sorci\u00e8res \u00bb<\/p>\n<p>De l\u2019autre c\u00f4t\u00e9 de l\u2019\u00e9chiquier politique, des \u00e9lus de gauche ont tenu \u00e0 apporter leur soutien \u00e0 cette initiative, de m\u00eame que des syndicats. \u00ab Bravo aux enseignant\u2022es et personnels du coll\u00e8ge Flora Tristan \u00bb (&#8230;)<\/p>\n<p><a href=\"https:\/\/www.20minutes.fr\/societe\/4157459-20250607-paris-enseignants-diffusent-video-gaza-elus-exigent-sanctions?at_medium=RSS%20feed&amp;at_campaign=ynews&amp;utm_source=yahoo&amp;utm_medium=rss&amp;utm_campaign=news_feed&amp;utm_content=read_more_link\" rel=\"nofollow noopener\" target=\"_blank\" data-ylk=\"slk:Lire la suite sur 20minutes;elm:context_link;itc:0;sec:content-canvas\" class=\"link \">Lire la suite sur 20minutes<\/a><\/p>\n<p>\u00c0 lire aussi :<br \/><a href=\"https:\/\/www.20minutes.fr\/societe\/4157177-20250605-gaza-prof-autorise-minute-silence-lycee-sens-ecope-blame?at_medium=RSS%20feed&amp;at_campaign=ynews&amp;utm_source=yahoo&amp;utm_medium=rss&amp;utm_campaign=news_feed&amp;utm_content=related_content_link\" rel=\"nofollow noopener\" target=\"_blank\" data-ylk=\"slk:Gaza : Une prof sanctionn\u00e9e pour avoir autoris\u00e9 une minute de silence;elm:context_link;itc:0;sec:content-canvas\" class=\"link \">Gaza : Une prof sanctionn\u00e9e pour avoir autoris\u00e9 une minute de silence<\/a><br \/><a href=\"https:\/\/www.20minutes.fr\/societe\/4154676-20250521-gaza-enseignante-suspendue-minute-silence-fin-cours?at_medium=RSS%20feed&amp;at_campaign=ynews&amp;utm_source=yahoo&amp;utm_medium=rss&amp;utm_campaign=news_feed&amp;utm_content=related_content_link\" rel=\"nofollow noopener\" target=\"_blank\" data-ylk=\"slk:Gaza : Une enseignante suspendue pour une minute de silence \u00e0 la fin de son cours;elm:context_link;itc:0;sec:content-canvas\" class=\"link \">Gaza : Une enseignante suspendue pour une minute de silence \u00e0 la fin de son cours<\/a><\/p>\n","protected":false},"excerpt":{"rendered":"Libert\u00e9 d\u2019expression &#8211; Cinq organisations syndicales parisiennes d\u00e9noncent les \u00ab pressions contre les voix qui demandent la paix,&hellip;\n","protected":false},"author":2,"featured_media":158760,"comment_status":"","ping_status":"","sticky":false,"template":"","format":"standard","meta":{"footnotes":""},"categories":[1888],"tags":[11,28984,11271,1777,674,28982,1011,27,665,474,12,626,25,28983],"class_list":{"0":"post-158759","1":"post","2":"type-post","3":"status-publish","4":"format-standard","5":"has-post-thumbnail","7":"category-paris","8":"tag-actualites","9":"tag-devoir-de-reserve","10":"tag-enseignants","11":"tag-eu","12":"tag-europe","13":"tag-flora-tristan","14":"tag-fr","15":"tag-france","16":"tag-gaza","17":"tag-liberte-dexpression","18":"tag-news","19":"tag-paris","20":"tag-republique-francaise","21":"tag-soutien-au-peuple-palestinien"},"share_on_mastodon":{"url":"https:\/\/pubeurope.com\/@fr\/114642888011692367","error":""},"_links":{"self":[{"href":"https:\/\/www.europesays.com\/fr\/wp-json\/wp\/v2\/posts\/158759","targetHints":{"allow":["GET"]}}],"collection":[{"href":"https:\/\/www.europesays.com\/fr\/wp-json\/wp\/v2\/posts"}],"about":[{"href":"https:\/\/www.europesays.com\/fr\/wp-json\/wp\/v2\/types\/post"}],"author":[{"embeddable":true,"href":"https:\/\/www.europesays.com\/fr\/wp-json\/wp\/v2\/users\/2"}],"replies":[{"embeddable":true,"href":"https:\/\/www.europesays.com\/fr\/wp-json\/wp\/v2\/comments?post=158759"}],"version-history":[{"count":0,"href":"https:\/\/www.europesays.com\/fr\/wp-json\/wp\/v2\/posts\/158759\/revisions"}],"wp:featuredmedia":[{"embeddable":true,"href":"https:\/\/www.europesays.com\/fr\/wp-json\/wp\/v2\/media\/158760"}],"wp:attachment":[{"href":"https:\/\/www.europesays.com\/fr\/wp-json\/wp\/v2\/media?parent=158759"}],"wp:term":[{"taxonomy":"category","embeddable":true,"href":"https:\/\/www.europesays.com\/fr\/wp-json\/wp\/v2\/categories?post=158759"},{"taxonomy":"post_tag","embeddable":true,"href":"https:\/\/www.europesays.com\/fr\/wp-json\/wp\/v2\/tags?post=158759"}],"curies":[{"name":"wp","href":"https:\/\/api.w.org\/{rel}","templated":true}]}}