{"id":158768,"date":"2025-06-07T15:57:10","date_gmt":"2025-06-07T15:57:10","guid":{"rendered":"https:\/\/www.europesays.com\/fr\/158768\/"},"modified":"2025-06-07T15:57:10","modified_gmt":"2025-06-07T15:57:10","slug":"la-france-doit-chasser-les-doutes-face-a-lallemagne","status":"publish","type":"post","link":"https:\/\/www.europesays.com\/fr\/158768\/","title":{"rendered":"la France doit chasser les doutes face \u00e0 l\u2019Allemagne"},"content":{"rendered":"<p><strong>Allemagne\u00a0&#8211; France<\/strong><\/p>\n<p>Malgr\u00e9 les quatre buts inscrits en fin de rencontre, ce sont surtout les errements de l\u2019arri\u00e8re-garde fran\u00e7aise qui ont marqu\u00e9 les esprits jeudi en demi-finales, laissant un sentiment \u00ab\u00a0mitig\u00e9\u00a0\u00bb au s\u00e9lectionneur Didier Deschamps.<\/p>\n<p>Trois jours apr\u00e8s <a target=\"_self\" href=\"https:\/\/www.lanouvellerepublique.fr\/a-la-une\/ligue-des-nations-les-bleus-elimines-par-l-espagne-apres-un-scenario-fou-1749159482\" rel=\"nofollow noopener\">sa d\u00e9route d\u00e9fensive face \u00e0 l\u2019Espagne (5-4)<\/a>, l&rsquo;\u00e9quipe de France d\u00e9fie l\u2019Allemagne lors du match pour la troisi\u00e8me place de la Ligue des nations, dimanche 8\u00a0juin 2025 \u00e0 Stuttgart. Les Bleus vont devoir corriger leurs erreurs pour terminer la saison sur une note positive et emp\u00eacher le doute s\u2019installer \u00e0 un an du Mondial 2026.<\/p>\n<p>Le test ne sera pas anodin<\/p>\n<p>Les retrouvailles avec le vieux rival allemand auront pour cadre une partie sans r\u00e9el enjeu sportif. Mais elles tombent donc \u00e0 point nomm\u00e9 en offrant aux Bleus une belle occasion de se racheter contre un adversaire prestigieux. De quoi \u00e9viter de sombrer totalement dans la sinistrose avant le d\u00e9but, en septembre, des qualifications pour la prochaine Coupe du monde.<\/p>\n<p>Le test ne sera pas anodin devant le public allemand et face aux hommes de Julian Nagelsmann qui seront s\u00fbrement revanchards apr\u00e8s avoir subi <a target=\"_self\" href=\"https:\/\/www.lanouvellerepublique.fr\/sports\/ligue-des-nations-le-portugal-renverse-l-allemagne-et-se-qualifie-en-finale-1749072845\" rel=\"nofollow noopener\">la loi des Portugais sur leur sol (2-1)<\/a>, jeudi \u00e0 Munich. Une formation allemande qui avait surclass\u00e9 les vice-champions du monde le 23\u00a0mars 2024 en amical \u00e0 Lyon (2-0). Ce revers contre l\u2019Allemagne a \u00e9t\u00e9 le pr\u00e9lude d\u2019une p\u00e9riode gu\u00e8re enthousiasmante pour la France qui a encha\u00een\u00e9 depuis les prestations sans grande saveur malgr\u00e9 un rang de demi-finaliste \u00e0 l\u2019Euro\u00a02024.<\/p>\n<p>Un sursaut serait le bienvenu pour aborder sans turbulences le dernier exercice de Deschamps \u00e0 la t\u00eate des Bleus et la qu\u00eate d\u2019un billet pour le Mondial 2026 aux \u00c9tats-Unis, au Mexique et au Canada, le principal objectif de l\u2019ann\u00e9e.<\/p>\n<p>Chasser les nuages<\/p>\n<p>Mais avant de se frotter \u00e0 l\u2019Ukraine, \u00e0 l\u2019Islande et \u00e0 l\u2019Azerba\u00efdjan, il y a une confiance \u00e0 retrouver et des nuages \u00e0 chasser, m\u00eame si le s\u00e9lectionneur va encore devoir bricoler pour composer son onze de d\u00e9part. En d\u00e9fense, les absences pour ce rassemblement de trois titulaires (Dayot Upamecano, William Saliba, Jules Kound\u00e9) ont pes\u00e9 tr\u00e8s lourd face aux champions d\u2019Europe espagnols. \u00c0 ces indisponibilit\u00e9s s\u2019est ajout\u00e9e celle de Cl\u00e9ment Lenglet (hanche), en grande difficult\u00e9 jeudi.<\/p>\n<p>Plus probl\u00e9matique, Deschamps a enregistr\u00e9 vendredi les forfaits des deux attaquants parisiens Ousmane Demb\u00e9l\u00e9 (cuisse) et Bradley Barcola (genou), remis \u00e0 la disposition du PSG \u00e0 un peu plus d\u2019une semaine de l\u2019entr\u00e9e en lice des vainqueurs de la Ligue des champions au Mondial des clubs, le 15\u00a0juin contre l\u2019Atl\u00e9tico Madrid.<\/p>\n<p>Rayan Cherki devrait ainsi logiquement avoir de nouveau sa chance apr\u00e8s son entr\u00e9e en jeu fracassante en fin de match face \u00e0 la Roja pour sa premi\u00e8re s\u00e9lection. Le jeune Lyonnais (21\u00a0ans), auteur d\u2019un but magnifique et d\u2019une passe d\u00e9cisive, va tenter de bousculer la hi\u00e9rarchie dans le secteur offensif o\u00f9 les talents ne manquent pas, contrairement \u00e0 la d\u00e9fense au faible r\u00e9servoir.<\/p>\n<p>\u00ab\u00a0Beaucoup de changements\u00a0\u00bb<\/p>\n<p>Pour le reste, Deschamps a annonc\u00e9 samedi qu\u2019il effectuerait \u00ab\u00a0beaucoup de changements\u00a0\u00bb pour une rencontre qui rev\u00eat un \u00ab\u00a0int\u00e9r\u00eat relatif\u00a0\u00bb \u00e0 ses yeux malgr\u00e9 le p\u00e9digr\u00e9e de l\u2019opposition. Il faudra surtout observer si le s\u00e9lectionneur maintient une organisation avec quatre joueurs \u00e0 vocation offensive comme sur les deux derni\u00e8res sorties des Bleus, une option en 4-2-3-1 qui ne lui a pas trop r\u00e9ussi contre les co\u00e9quipiers de Lamine Yamal.<\/p>\n<p>\u00ab\u00a0Je ne me suis jamais priv\u00e9 des joueurs offensifs. On a eu \u00e9norm\u00e9ment d\u2019occasions contre l\u2019Espagne, mais on a aussi pris cinq buts. C\u2019est une question d\u2019\u00e9quilibre. Ce sont pour la plupart des jeunes joueurs. Je ne vais pas me plaindre d\u2019avoir beaucoup d\u2019offensifs mais \u00e7a demande confirmation\u00a0\u00bb, a-t-il d\u00e9clar\u00e9.<\/p>\n<p>Une chose est s\u00fbre, la superstar et capitaine Kylian Mbapp\u00e9, toujours \u00e0 la recherche d\u2019une performance convaincante depuis plus d\u2019un an en bleu, continuera d\u2019\u00e9voluer au poste d\u2019avant-centre, comme il le fait au Real Madrid.<\/p>\n<p>\u00ab\u00a0Il est habitu\u00e9 \u00e0 jouer dans ce positionnement o\u00f9 il est tr\u00e8s efficace, il n\u2019est pas meilleur buteur europ\u00e9en pour rien (Soulier d\u2019Or). Il a jou\u00e9 toute la saison dans l\u2019axe. Il n\u2019a pas le registre de Giroud mais je consid\u00e8re que la meilleure position pour lui et pour nous c\u2019est l\u2019axe\u00a0\u00bb, a expliqu\u00e9 le s\u00e9lectionneur.<\/p>\n<p>Ce dimanche 8\u00a0juin 2025 \u00e0 15\u00a0h sur TF1.<\/p>\n","protected":false},"excerpt":{"rendered":"Allemagne\u00a0&#8211; France Malgr\u00e9 les quatre buts inscrits en fin de rencontre, ce sont surtout les errements de l\u2019arri\u00e8re-garde&hellip;\n","protected":false},"author":2,"featured_media":158769,"comment_status":"","ping_status":"","sticky":false,"template":"","format":"standard","meta":{"footnotes":""},"categories":[1587],"tags":[11,672,1804,1805,1803,1777,674,63,27,1801,20533,23733,74,12,1802,60],"class_list":{"0":"post-158768","1":"post","2":"type-post","3":"status-publish","4":"format-standard","5":"has-post-thumbnail","7":"category-allemagne","8":"tag-actualites","9":"tag-allemagne","10":"tag-bundesrepublik-deutschland","11":"tag-de","12":"tag-deutschland","13":"tag-eu","14":"tag-europe","15":"tag-football","16":"tag-france","17":"tag-germany","18":"tag-les-bleus","19":"tag-ligue-des-nations","20":"tag-monde","21":"tag-news","22":"tag-republique-federale-dallemagne","23":"tag-sports"},"share_on_mastodon":{"url":"https:\/\/pubeurope.com\/@fr\/114642907491768388","error":""},"_links":{"self":[{"href":"https:\/\/www.europesays.com\/fr\/wp-json\/wp\/v2\/posts\/158768","targetHints":{"allow":["GET"]}}],"collection":[{"href":"https:\/\/www.europesays.com\/fr\/wp-json\/wp\/v2\/posts"}],"about":[{"href":"https:\/\/www.europesays.com\/fr\/wp-json\/wp\/v2\/types\/post"}],"author":[{"embeddable":true,"href":"https:\/\/www.europesays.com\/fr\/wp-json\/wp\/v2\/users\/2"}],"replies":[{"embeddable":true,"href":"https:\/\/www.europesays.com\/fr\/wp-json\/wp\/v2\/comments?post=158768"}],"version-history":[{"count":0,"href":"https:\/\/www.europesays.com\/fr\/wp-json\/wp\/v2\/posts\/158768\/revisions"}],"wp:featuredmedia":[{"embeddable":true,"href":"https:\/\/www.europesays.com\/fr\/wp-json\/wp\/v2\/media\/158769"}],"wp:attachment":[{"href":"https:\/\/www.europesays.com\/fr\/wp-json\/wp\/v2\/media?parent=158768"}],"wp:term":[{"taxonomy":"category","embeddable":true,"href":"https:\/\/www.europesays.com\/fr\/wp-json\/wp\/v2\/categories?post=158768"},{"taxonomy":"post_tag","embeddable":true,"href":"https:\/\/www.europesays.com\/fr\/wp-json\/wp\/v2\/tags?post=158768"}],"curies":[{"name":"wp","href":"https:\/\/api.w.org\/{rel}","templated":true}]}}