{"id":158772,"date":"2025-06-07T15:59:25","date_gmt":"2025-06-07T15:59:25","guid":{"rendered":"https:\/\/www.europesays.com\/fr\/158772\/"},"modified":"2025-06-07T15:59:25","modified_gmt":"2025-06-07T15:59:25","slug":"vers-un-accord-de-libre-echange-entre-lue-et-lindonesie-en-juin-selon-un-ministre","status":"publish","type":"post","link":"https:\/\/www.europesays.com\/fr\/158772\/","title":{"rendered":"Vers un accord de libre-\u00e9change entre l\u2019UE et l&rsquo;Indon\u00e9sie en juin, selon un ministre"},"content":{"rendered":"<p>Les deux parties n\u00e9gocient depuis 2016 cet accord commercial mais ont acc\u00e9l\u00e9r\u00e9 ces derni\u00e8res semaines avec l\u2019introduction des droits de douane am\u00e9ricains. Il sera conclu ce mois-ci, selon le ministre de l\u2019\u00c9conomie de Jakarta.<\/p>\n<p class=\"fig-paragraph\">L&rsquo;Indon\u00e9sie et l&rsquo;Union europ\u00e9enne devraient conclure ce mois-ci les n\u00e9gociations sur un\u00a0<a href=\"http:\/\/www.lefigaro.fr\/flash-eco\/l-ue-espere-un-pacte-commercial-avec-l-indonesie-d-ici-deux-ans-20220920\" data-fig-type=\"NewsFlash\" data-gtm-custom-categorie=\"navigation\" data-gtm-custom-action=\"crossclick\" data-gtm-custom-label=\"Contextuel\" data-gtm-event=\"customEventSPE\" data-fig-domain=\"LEFIGARO\" rel=\"nofollow noopener\" target=\"_blank\">accord de coop\u00e9ration \u00e9conomique<\/a>\u00a0visant \u00e0 assouplir les barri\u00e8res commerciales, a d\u00e9clar\u00e9 samedi le ministre indon\u00e9sien de l&rsquo;\u00c9conomie. La premi\u00e8re \u00e9conomie d&rsquo;Asie du Sud-Est et l&rsquo;UE n\u00e9gocient depuis 2016 cet accord commercial destin\u00e9 \u00e0 accro\u00eetre leurs \u00e9changes et d\u00e9velopper les investissements.<\/p>\n<p class=\"fig-paragraph\">Les liens entre les deux parties ont \u00e9t\u00e9 distendus par une proposition d&rsquo;interdiction d&rsquo;importation dans l&rsquo;UE de produits li\u00e9s \u00e0 la d\u00e9forestation, qui a suscit\u00e9 la col\u00e8re de l&rsquo;Indon\u00e9sie, premier exportateur d&rsquo;huile de palme. Le ministre de l&rsquo;\u00c9conomie de Jakarta, Airlangga Hartarto, a toutefois d\u00e9clar\u00e9 samedi lors d&rsquo;un point de presse en ligne que les n\u00e9gociations \u00e9taient sur le point d&rsquo;aboutir.<\/p>\n<p>\u00abTraitement sp\u00e9cial\u00bb<\/p>\n<p class=\"fig-paragraph\">\u00abNous sommes d\u00e9j\u00e0 entr\u00e9s dans la phase finale. Cela signifie que nous avons r\u00e9solu presque tous les probl\u00e8mes\u00bb, a d\u00e9clar\u00e9 Airlangga Hartarto aux journalistes lors d&rsquo;un point de presse en ligne samedi. Il a d\u00e9clar\u00e9 dans un communiqu\u00e9 plus t\u00f4t samedi que l&rsquo;Indon\u00e9sie et l&rsquo;UE annonceraient la conclusion des n\u00e9gociations d&rsquo;ici \u00e0 fin juin. Airlangga Hartarto a indiqu\u00e9 que la prochaine \u00e9tape consistait \u00e0 finaliser rapidement la r\u00e9daction des textes juridiques avant que les deux parties puissent ratifier l&rsquo;accord.<\/p>\n<p class=\"fig-paragraph\">L&rsquo;un des principaux points de l&rsquo;accord porte sur l&rsquo;\u00e9limination des barri\u00e8res non tarifaires et la r\u00e9duction des droits de douane afin de faciliter l&rsquo;acc\u00e8s aux deux march\u00e9s, a d\u00e9clar\u00e9 Airlangga Hartarto. \u00abL&rsquo;ouverture du march\u00e9 europ\u00e9en, jusqu&rsquo;\u00e0 pr\u00e9sent soumis \u00e0 des droits de douane et des droits d&rsquo;importation relativement plus \u00e9lev\u00e9s que ceux de nos pays voisins, constitue un avantage strat\u00e9gique pour l&rsquo;Indon\u00e9sie\u00bb, a-t-il ajout\u00e9.<\/p>\n<p class=\"fig-paragraph\">L&rsquo;UE accordera \u00e9galement un \u00abtraitement sp\u00e9cial\u00bb \u00e0 l&rsquo;Indon\u00e9sie sur ses principales exportations, notamment les produits forestiers, a pr\u00e9cis\u00e9 Airlangga Hartarto, sans plus de pr\u00e9cisions. L&rsquo;UE est le cinqui\u00e8me partenaire commercial de l&rsquo;Indon\u00e9sie, les\u00a0<a href=\"http:\/\/www.lefigaro.fr\/international\/emmanuel-macron-tente-de-rallier-l-indonesie-a-son-offensive-diplomatique-sur-la-palestine-20250529\" data-fig-type=\"Article\" data-gtm-custom-categorie=\"navigation\" data-gtm-custom-action=\"crossclick\" data-gtm-custom-label=\"Contextuel\" data-gtm-event=\"customEventSPE\" data-fig-domain=\"LEFIGARO\" rel=\"nofollow noopener\" target=\"_blank\">\u00e9changes bilat\u00e9raux<\/a>\u00a0entre les deux parties ayant atteint 30,1 milliards de dollars l&rsquo;ann\u00e9e derni\u00e8re, selon le communiqu\u00e9 de Airlangga Hartarto.<\/p>\n","protected":false},"excerpt":{"rendered":"Les deux parties n\u00e9gocient depuis 2016 cet accord commercial mais ont acc\u00e9l\u00e9r\u00e9 ces derni\u00e8res semaines avec l\u2019introduction des&hellip;\n","protected":false},"author":2,"featured_media":158773,"comment_status":"","ping_status":"","sticky":false,"template":"","format":"standard","meta":{"footnotes":""},"categories":[1586],"tags":[339,11,340,343,345,350,130,344,352,349,33,341,313,1777,674,1779,1011,27,346,342,25902,7715,353,351,347,12,348,25,1778,354,364],"class_list":{"0":"post-158772","1":"post","2":"type-post","3":"status-publish","4":"format-standard","5":"has-post-thumbnail","7":"category-europe","8":"tag-actualite-economique","9":"tag-actualites","10":"tag-bourse","11":"tag-cac-40","12":"tag-chef-dentreprise","13":"tag-concurrence","14":"tag-consommation","15":"tag-creation-dentreprise","16":"tag-crise","17":"tag-delocalisations","18":"tag-economie","19":"tag-emploi","20":"tag-entreprises","21":"tag-eu","22":"tag-europe","23":"tag-european-union","24":"tag-fr","25":"tag-france","26":"tag-grands-patrons","27":"tag-impots","28":"tag-indonesie","29":"tag-libre-echange","30":"tag-licenciements","31":"tag-monopole","32":"tag-multinationales","33":"tag-news","34":"tag-privatisation","35":"tag-republique-francaise","36":"tag-ue","37":"tag-unio","38":"tag-union-europeenne"},"share_on_mastodon":{"url":"https:\/\/pubeurope.com\/@fr\/114642915483628752","error":""},"_links":{"self":[{"href":"https:\/\/www.europesays.com\/fr\/wp-json\/wp\/v2\/posts\/158772","targetHints":{"allow":["GET"]}}],"collection":[{"href":"https:\/\/www.europesays.com\/fr\/wp-json\/wp\/v2\/posts"}],"about":[{"href":"https:\/\/www.europesays.com\/fr\/wp-json\/wp\/v2\/types\/post"}],"author":[{"embeddable":true,"href":"https:\/\/www.europesays.com\/fr\/wp-json\/wp\/v2\/users\/2"}],"replies":[{"embeddable":true,"href":"https:\/\/www.europesays.com\/fr\/wp-json\/wp\/v2\/comments?post=158772"}],"version-history":[{"count":0,"href":"https:\/\/www.europesays.com\/fr\/wp-json\/wp\/v2\/posts\/158772\/revisions"}],"wp:featuredmedia":[{"embeddable":true,"href":"https:\/\/www.europesays.com\/fr\/wp-json\/wp\/v2\/media\/158773"}],"wp:attachment":[{"href":"https:\/\/www.europesays.com\/fr\/wp-json\/wp\/v2\/media?parent=158772"}],"wp:term":[{"taxonomy":"category","embeddable":true,"href":"https:\/\/www.europesays.com\/fr\/wp-json\/wp\/v2\/categories?post=158772"},{"taxonomy":"post_tag","embeddable":true,"href":"https:\/\/www.europesays.com\/fr\/wp-json\/wp\/v2\/tags?post=158772"}],"curies":[{"name":"wp","href":"https:\/\/api.w.org\/{rel}","templated":true}]}}