{"id":158788,"date":"2025-06-07T16:09:10","date_gmt":"2025-06-07T16:09:10","guid":{"rendered":"https:\/\/www.europesays.com\/fr\/158788\/"},"modified":"2025-06-07T16:09:10","modified_gmt":"2025-06-07T16:09:10","slug":"rencontre-avec-le-francais-le-plus-titre-de-lhistoire-de-lapnee","status":"publish","type":"post","link":"https:\/\/www.europesays.com\/fr\/158788\/","title":{"rendered":"rencontre avec le Fran\u00e7ais le plus titr\u00e9 de l\u2019histoire de l\u2019apn\u00e9e"},"content":{"rendered":"<p><strong>PORTRAIT &#8211; <\/strong>Arthur Gu\u00e9rin-Bo\u00ebri d\u00e9tient huit records du monde. Sans oublier des plong\u00e9es en eaux glac\u00e9es \u00e0 vous couper le souffle. Il se confie sur cette passion qui, \u00e0 ses d\u00e9buts, s\u2019\u00e9tait impos\u00e9e \u00e0 lui comme une th\u00e9rapie.<\/p>\n<p class=\"fig-paragraph\">Entre Nice et Paris, son c\u0153ur balance. Depuis quarante ans, Arthur Gu\u00e9rin-Bo\u00ebri vit entre ces deux villes o\u00f9 il a grandi, et o\u00f9 il s\u2019est construit une destin\u00e9e peu commune. Son m\u00e8tre quatre-vingt-dix-sept et ses larges \u00e9paules lui donnent l\u2019allure d\u2019un rugbyman aux joues garnies d\u2019une barbe g\u00e9n\u00e9reuse. Arthur Gu\u00e9rin-Bo\u00ebri est pourtant plus \u00e0 l\u2019aise dans un bassin de nage que sur un terrain de stade. Cet\u00a0<a href=\"http:\/\/madame.lefigaro.fr\/societe\/portrait\/julie-gautier-ex-apneiste-je-ne-suis-pas-la-meme-que-quand-j-avais-20-ans-et-l-eau-y-est-pour-quelque-chose-20230529\" data-fig-type=\"Article\" data-gtm-custom-categorie=\"navigation\" data-gtm-custom-action=\"crossclick\" data-gtm-custom-label=\"Contextuel\" data-gtm-event=\"customEventSPE\" data-fig-domain=\"MADAME\" target=\"_blank\" rel=\"noopener\">apn\u00e9iste\u00a0<\/a>professionnel s\u2019est d\u00e9marqu\u00e9 en cumulant des records du monde. Il est le premier \u00e0 avoir parcouru \u00e0 la palme 300 m\u00e8tres en piscine sans respirer. Soit six allers-retours d\u2019un bassin olympique\u00a0!<\/p>\n<p class=\"fig-paragraph\">Sa discipline horizontale, intitul\u00e9e \u00ab apn\u00e9e dynamique\u00a0\u00bb, est moins connue que les prouesses verticales des apn\u00e9istes fran\u00e7ais\u00a0<a href=\"http:\/\/madame.lefigaro.fr\/bien-etre\/forme-detente\/guillaume-nery-je-travaille-sur-l-apnee-pour-soulager-certaines-pathologies-comme-le-stress-et-l-anxiete-20230528\" data-fig-type=\"Article\" data-gtm-custom-categorie=\"navigation\" data-gtm-custom-action=\"crossclick\" data-gtm-custom-label=\"Contextuel\" data-gtm-event=\"customEventSPE\" data-fig-domain=\"MADAME\" target=\"_blank\" rel=\"noopener\">Guillaume N\u00e9ry<\/a>, Alice Modolo et, plus r\u00e9cemment, Arnaud Jerald, qui visitent les profondeurs au-del\u00e0 de 100 m\u00e8tres. Ce qu\u2019Arthur Gu\u00e9rin-Bo\u00ebri a r\u00e9alis\u00e9 en 2021 et 2022 donne des frissons. Apr\u00e8s trois ann\u00e9es d\u2019entra\u00eenement intense, il a parcouru 120 m\u00e8tres\u2026<\/p>\n<p class=\"fig-premium-paywall__infos\">\n        Cet article est r\u00e9serv\u00e9 aux abonn\u00e9s.        Il vous reste 87% \u00e0 d\u00e9couvrir.\n    <\/p>\n<p>                <img  data- alt=\"Le Figaro\" class=\"fig-img--complete fig-img\"\/><\/p>\n<p class=\"fig-premium-paywall__title\">Vente Flash<\/p>\n<p class=\"fig-premium-paywall__subtitle\">3,99\u20ac par mois pendant 12 mois. Sans engagement.<\/p>\n<p class=\"fig-premium-paywall__connect\">\n                D\u00e9j\u00e0 abonn\u00e9\u00a0?                <a class=\"fig-premium-paywall__connect-link\" href=\"https:\/\/connect.lefigaro.fr\/login?client=horizon_web&amp;type=main&amp;redirect_uri=https%3A%2F%2Fwww.lefigaro.fr%2Fsports%2Fautres-sports%2F20-000-lieues-sous-les-glaces-rencontre-avec-le-francais-le-plus-titre-de-l-histoire-de-l-apnee-20250607\" data-js-gtm=\"{&quot;customCategorie&quot;: &quot;conversion&quot;, &quot;customAction&quot;: &quot;before_Landing_Connexion_paywall_auto&quot;, &quot;customLabel&quot;: &quot;bGVmaWdhcm8uZnJfXzFmMDQxZjA5LTFiYjYtNmEwNi1hMTBiLTk1NTk2NDYyMWMwM19fQXJ0aWNsZQ==_20.000 lieues sous les glaces\u00a0: rencontre avec le Fran\u00e7ais le plus titr\u00e9 de l\u2019histoire de l\u2019apn\u00e9e_387&quot;, &quot;customIDSPE&quot;: &quot;bGVmaWdhcm8uZnJfXzFmMDQxZjA5LTFiYjYtNmEwNi1hMTBiLTk1NTk2NDYyMWMwM19fQXJ0aWNsZQ==&quot;, &quot;event&quot;: &quot;customEventSPE&quot;}\" target=\"_blank\" rel=\"noopener\"><br \/>\n                    Connectez-vous<br \/>\n                <\/a>\n            <\/p>\n","protected":false},"excerpt":{"rendered":"PORTRAIT &#8211; Arthur Gu\u00e9rin-Bo\u00ebri d\u00e9tient huit records du monde. Sans oublier des plong\u00e9es en eaux glac\u00e9es \u00e0 vous&hellip;\n","protected":false},"author":2,"featured_media":158789,"comment_status":"","ping_status":"","sticky":false,"template":"","format":"standard","meta":{"footnotes":""},"categories":[1412],"tags":[2466,2465,2464,14870,1977,1981,451,207,2468,1451,63,1452,1453,1454,1455,1011,27,66,447,2467,1457,2182,1980,479,2259,60,1467],"class_list":{"0":"post-158788","1":"post","2":"type-post","3":"status-publish","4":"format-standard","5":"has-post-thumbnail","7":"category-f1","8":"tag-2466","9":"tag-actu-sport","10":"tag-actualite-sportive","11":"tag-apnee","12":"tag-auto","13":"tag-classement","14":"tag-coupe-du-monde","15":"tag-cyclisme","16":"tag-euro-foot","17":"tag-f1","18":"tag-football","19":"tag-formula-1","20":"tag-formula1","21":"tag-formule-1","22":"tag-formule1","23":"tag-fr","24":"tag-france","25":"tag-ligue-1","26":"tag-ligue-des-champions","27":"tag-live-sport","28":"tag-moto","29":"tag-nba","30":"tag-resultats","31":"tag-rugby","32":"tag-score","33":"tag-sports","34":"tag-tennis"},"share_on_mastodon":{"url":"https:\/\/pubeurope.com\/@fr\/114642954731115736","error":""},"_links":{"self":[{"href":"https:\/\/www.europesays.com\/fr\/wp-json\/wp\/v2\/posts\/158788","targetHints":{"allow":["GET"]}}],"collection":[{"href":"https:\/\/www.europesays.com\/fr\/wp-json\/wp\/v2\/posts"}],"about":[{"href":"https:\/\/www.europesays.com\/fr\/wp-json\/wp\/v2\/types\/post"}],"author":[{"embeddable":true,"href":"https:\/\/www.europesays.com\/fr\/wp-json\/wp\/v2\/users\/2"}],"replies":[{"embeddable":true,"href":"https:\/\/www.europesays.com\/fr\/wp-json\/wp\/v2\/comments?post=158788"}],"version-history":[{"count":0,"href":"https:\/\/www.europesays.com\/fr\/wp-json\/wp\/v2\/posts\/158788\/revisions"}],"wp:featuredmedia":[{"embeddable":true,"href":"https:\/\/www.europesays.com\/fr\/wp-json\/wp\/v2\/media\/158789"}],"wp:attachment":[{"href":"https:\/\/www.europesays.com\/fr\/wp-json\/wp\/v2\/media?parent=158788"}],"wp:term":[{"taxonomy":"category","embeddable":true,"href":"https:\/\/www.europesays.com\/fr\/wp-json\/wp\/v2\/categories?post=158788"},{"taxonomy":"post_tag","embeddable":true,"href":"https:\/\/www.europesays.com\/fr\/wp-json\/wp\/v2\/tags?post=158788"}],"curies":[{"name":"wp","href":"https:\/\/api.w.org\/{rel}","templated":true}]}}