{"id":158790,"date":"2025-06-07T16:10:10","date_gmt":"2025-06-07T16:10:10","guid":{"rendered":"https:\/\/www.europesays.com\/fr\/158790\/"},"modified":"2025-06-07T16:10:10","modified_gmt":"2025-06-07T16:10:10","slug":"cyclisme-fleche-de-heist-paul-magnier-retrouve-le-chemin-de-la-victoire-sur-heistse-pijl","status":"publish","type":"post","link":"https:\/\/www.europesays.com\/fr\/158790\/","title":{"rendered":"Cyclisme. Fl\u00e8che de Heist &#8211; Paul Magnier retrouve le chemin de la victoire sur Heistse Pijl"},"content":{"rendered":"<p>Apr\u00e8s des derniers mois difficiles, \u00e0 l&rsquo;image de son<strong> Giro d&rsquo;Italia <\/strong>relativement d\u00e9cevant et qu&rsquo;il a abandonn\u00e9 avant la derni\u00e8re semaine, <strong><a href=\"https:\/\/www.cyclismactu.net\/..\/news-tour-d-italie-route-paul-magnier-et-milan-fretin-quittent-giro-avant-3e-semaine-88057.html\" target=\"_blank\" rel=\"nofollow noopener\">Paul Magnier<\/a> <\/strong>a retrouv\u00e9 le chemin de la victoire ce samedi \u00e0 l&rsquo;occasion de la <strong>Fl\u00e8che de Heist<\/strong> (<strong>Heylen Vastgoed Heiste Pijl<\/strong> de son nom complet et original). Le Fran\u00e7ais de la <strong>Soudal Quick-Step<\/strong> s&rsquo;est impos\u00e9 au terme dans sprint serr\u00e9 devant <strong>Tobias Lund Andresen<\/strong> (Picnic PostNL) et <strong>Simon Dehairs<\/strong> (Alpecin-Deceuninck). Son premier succ\u00e8s depuis la une \u00e9tape de l&rsquo;<strong>\u00c9toile de Bess\u00e8ges<\/strong> d\u00e9but f\u00e9vrier.<\/p>\n<p>Vid\u00e9o &#8211; La derni\u00e8re victoire de Magnier&#8230; sur l&rsquo;\u00c9toile de Bess\u00e8ges Lire la suite de l&rsquo;article&#13;<\/p>\n<p>\u00a0<\/p>\n<p>&#13;<br \/>\nLe r\u00e9sum\u00e9&#13;<\/p>\n<p>Avec seulement 517 m\u00e8tres de d\u00e9nivel\u00e9 sur 189 km, la <strong>Heistse Pijl<\/strong> est l\u2019une des classiques belges les plus plates. Seule difficult\u00e9 : le\u00a0Heistse Berg (500 m \u00e0 4,6 %), \u00e0 franchir plusieurs fois, dont une ultime mont\u00e9e juste avant l\u2019arriv\u00e9e. Une \u00e9chapp\u00e9e de six coureurs, dont <strong>Donavan Grondin<\/strong> (Ark\u00e9a &#8211; B&amp;B Hotels) et <strong>Bram Dissel<\/strong> (BEAT Cycling), n\u2019a jamais obtenu plus de trois minutes d\u2019avance. Les \u00e9quipes de sprinters (<strong>Uno-X<\/strong>, <strong>Tudor<\/strong>, <strong>Soudal Quick-Step<\/strong>) ont toujours contr\u00f4l\u00e9 l\u2019\u00e9cart. Alors que les chutes se sont multipli\u00e9es dans le final \u2013 avec notamment <strong>Paul Magnier<\/strong>, <strong>Adrien Petit<\/strong> et <strong>Henri Uhlig<\/strong> au sol \u2013 la nervosit\u00e9 n\u2019a cess\u00e9 de cro\u00eetre, surtout \u00e0 l\u2019approche de la derni\u00e8re ascension sur des routes \u00e9troites.<\/p>\n<p>&#13;<\/p>\n<p><strong>Aldo Tailleu<\/strong> (Lotto) a tent\u00e9 une attaque solitaire mais a \u00e9t\u00e9 repris \u00e0 8 km de l\u2019arriv\u00e9e. Une ultime chute dans le peloton n\u2019a pas emp\u00each\u00e9 le sprint final d\u2019avoir lieu. <strong>Paul Magnier<\/strong>, pourtant tomb\u00e9 plus t\u00f4t, a parfaitement profit\u00e9 du travail de son \u00e9quipe\u00a0<strong>Soudal Quick-Step\u00a0<\/strong>sur les pav\u00e9s de la Heistse Berg, puis dans la derni\u00e8re ligne droite, pour remporter la victoire devant\u00a0<strong>Tobias Lund Andresen<\/strong> (Picnic PostNL) et <strong>Simon Dehairs<\/strong> (Alpecin-Deceuninck).<\/p>\n<p>Fleche de Heist &#8211; Classement g\u00e9n\u00e9ral<\/p>\n","protected":false},"excerpt":{"rendered":"Apr\u00e8s des derniers mois difficiles, \u00e0 l&rsquo;image de son Giro d&rsquo;Italia relativement d\u00e9cevant et qu&rsquo;il a abandonn\u00e9 avant&hellip;\n","protected":false},"author":2,"featured_media":158791,"comment_status":"","ping_status":"","sticky":false,"template":"","format":"standard","meta":{"footnotes":""},"categories":[1411],"tags":[1154,207,211,28985,1011,27,209,60,210,212,208,213],"class_list":{"0":"post-158790","1":"post","2":"type-post","3":"status-publish","4":"format-standard","5":"has-post-thumbnail","7":"category-cyclisme","8":"tag-cycling","9":"tag-cyclisme","10":"tag-ffc","11":"tag-fleche-de-heist","12":"tag-fr","13":"tag-france","14":"tag-route","15":"tag-sports","16":"tag-tour-de-france","17":"tag-uci","18":"tag-velo","19":"tag-world-tour"},"share_on_mastodon":{"url":"https:\/\/pubeurope.com\/@fr\/114642958649114371","error":""},"_links":{"self":[{"href":"https:\/\/www.europesays.com\/fr\/wp-json\/wp\/v2\/posts\/158790","targetHints":{"allow":["GET"]}}],"collection":[{"href":"https:\/\/www.europesays.com\/fr\/wp-json\/wp\/v2\/posts"}],"about":[{"href":"https:\/\/www.europesays.com\/fr\/wp-json\/wp\/v2\/types\/post"}],"author":[{"embeddable":true,"href":"https:\/\/www.europesays.com\/fr\/wp-json\/wp\/v2\/users\/2"}],"replies":[{"embeddable":true,"href":"https:\/\/www.europesays.com\/fr\/wp-json\/wp\/v2\/comments?post=158790"}],"version-history":[{"count":0,"href":"https:\/\/www.europesays.com\/fr\/wp-json\/wp\/v2\/posts\/158790\/revisions"}],"wp:featuredmedia":[{"embeddable":true,"href":"https:\/\/www.europesays.com\/fr\/wp-json\/wp\/v2\/media\/158791"}],"wp:attachment":[{"href":"https:\/\/www.europesays.com\/fr\/wp-json\/wp\/v2\/media?parent=158790"}],"wp:term":[{"taxonomy":"category","embeddable":true,"href":"https:\/\/www.europesays.com\/fr\/wp-json\/wp\/v2\/categories?post=158790"},{"taxonomy":"post_tag","embeddable":true,"href":"https:\/\/www.europesays.com\/fr\/wp-json\/wp\/v2\/tags?post=158790"}],"curies":[{"name":"wp","href":"https:\/\/api.w.org\/{rel}","templated":true}]}}