{"id":158795,"date":"2025-06-07T16:13:15","date_gmt":"2025-06-07T16:13:15","guid":{"rendered":"https:\/\/www.europesays.com\/fr\/158795\/"},"modified":"2025-06-07T16:13:15","modified_gmt":"2025-06-07T16:13:15","slug":"ain-loeil-de-notre-photographe-culte-par-pierre-yves-royet","status":"publish","type":"post","link":"https:\/\/www.europesays.com\/fr\/158795\/","title":{"rendered":"Ain. L&rsquo;oeil de notre photographe : \u00ab\u00a0Culte\u00a0\u00bb, par Pierre-Yves Royet"},"content":{"rendered":"<p>Samedi 31\u00a0mai. Reportage \u00e0 Ars-sur-Formans \u00e0 l\u2019occasion de la F\u00eate du centenaire de la canonisation de Jean-Marie Vianney, <a href=\"https:\/\/www.leprogres.fr\/societe\/2025\/05\/31\/le-cure-d-ars-jean-marie-vianney-fait-saint-depuis-100-ans\" target=\"_blank\" rel=\"nofollow noopener\">le \u00ab\u00a0cur\u00e9 d\u2019Ars\u00a0\u00bb<\/a>. Les c\u00e9l\u00e9brations durent deux jours en ce week-end de l\u2019Ascension.<a href=\"https:\/\/www.leprogres.fr\/societe\/2025\/05\/24\/100-apres-sa-canonisation-jean-marie-vianney-celebre-en-toute-humilite\" target=\"_blank\" rel=\"nofollow noopener\"> Des centaines de fid\u00e8les <\/a>ont fait le d\u00e9placement pour assister \u00e0 la messe donn\u00e9e au sein de l\u2019\u00e9glise Notre-Dame de la Mis\u00e9ricorde. Sur l\u2019autel, au beau milieu d\u2019un ch\u0153ur baign\u00e9 de lumi\u00e8re, un religieux allume des cierges. L\u2019office est sur le point de commencer. Photo culte en perspective\u00a0? Priorit\u00e9 \u00e0 l\u2019ouverture pour immortaliser l\u2019instant. Clic clac, c\u2019est dans la bo\u00eete.<\/p>\n<p class=\"note\">Photo prise avec un Nikon Z9 \u2013 200\u00a0mm F\/3,2 \u2013 4\u00a0000 ISO \u2013 1\/640e de seconde.<\/p>\n","protected":false},"excerpt":{"rendered":"Samedi 31\u00a0mai. Reportage \u00e0 Ars-sur-Formans \u00e0 l\u2019occasion de la F\u00eate du centenaire de la canonisation de Jean-Marie Vianney,&hellip;\n","protected":false},"author":2,"featured_media":158796,"comment_status":"","ping_status":"","sticky":false,"template":"","format":"standard","meta":{"footnotes":""},"categories":[1358],"tags":[2738,28986,1348,1384,1385,1386,58,59,1011,27,937,5889,104],"class_list":{"0":"post-158795","1":"post","2":"type-post","3":"status-publish","4":"format-standard","5":"has-post-thumbnail","7":"category-arts-et-design","8":"tag-ain","9":"tag-ars-sur-formans","10":"tag-arts","11":"tag-arts-and-design","12":"tag-arts-et-design","13":"tag-design","14":"tag-divertissement","15":"tag-entertainment","16":"tag-fr","17":"tag-france","18":"tag-histoire","19":"tag-religion-croyance","20":"tag-societe"},"share_on_mastodon":{"url":"https:\/\/pubeurope.com\/@fr\/114642970469982067","error":""},"_links":{"self":[{"href":"https:\/\/www.europesays.com\/fr\/wp-json\/wp\/v2\/posts\/158795","targetHints":{"allow":["GET"]}}],"collection":[{"href":"https:\/\/www.europesays.com\/fr\/wp-json\/wp\/v2\/posts"}],"about":[{"href":"https:\/\/www.europesays.com\/fr\/wp-json\/wp\/v2\/types\/post"}],"author":[{"embeddable":true,"href":"https:\/\/www.europesays.com\/fr\/wp-json\/wp\/v2\/users\/2"}],"replies":[{"embeddable":true,"href":"https:\/\/www.europesays.com\/fr\/wp-json\/wp\/v2\/comments?post=158795"}],"version-history":[{"count":0,"href":"https:\/\/www.europesays.com\/fr\/wp-json\/wp\/v2\/posts\/158795\/revisions"}],"wp:featuredmedia":[{"embeddable":true,"href":"https:\/\/www.europesays.com\/fr\/wp-json\/wp\/v2\/media\/158796"}],"wp:attachment":[{"href":"https:\/\/www.europesays.com\/fr\/wp-json\/wp\/v2\/media?parent=158795"}],"wp:term":[{"taxonomy":"category","embeddable":true,"href":"https:\/\/www.europesays.com\/fr\/wp-json\/wp\/v2\/categories?post=158795"},{"taxonomy":"post_tag","embeddable":true,"href":"https:\/\/www.europesays.com\/fr\/wp-json\/wp\/v2\/tags?post=158795"}],"curies":[{"name":"wp","href":"https:\/\/api.w.org\/{rel}","templated":true}]}}