{"id":158797,"date":"2025-06-07T16:14:15","date_gmt":"2025-06-07T16:14:15","guid":{"rendered":"https:\/\/www.europesays.com\/fr\/158797\/"},"modified":"2025-06-07T16:14:15","modified_gmt":"2025-06-07T16:14:15","slug":"a-cassis-danielle-milon-inaugure-le-37e-printemps-du-livre","status":"publish","type":"post","link":"https:\/\/www.europesays.com\/fr\/158797\/","title":{"rendered":"\u00e0 Cassis, Danielle Milon inaugure le 37e Printemps du livre"},"content":{"rendered":"<p>De la litt\u00e9rature, des photos, du cin\u00e9ma, de la musique de jazz, c&rsquo;est tout cela que propose l&rsquo;\u00e9dition du <a href=\"https:\/\/www.laprovence.com\/article\/region\/49088792554657\/le-37e-printemps-du-livre-de-cassis-sera-inaugure-par-la-maire-samedi-7-juin-en-presence-de-claire-chazal\" target=\"_blank\" rel=\"noopener\">Printemps du livre<\/a> 2025 de Cassis sur le th\u00e8me \u00ab\u00a0Eros\/Thanatos\u00a0\u00bb, symboles respectifs de l&rsquo;amour et de la mort. Cette manifestation a \u00e9t\u00e9 inaugur\u00e9e samedi 7 juin dans la cour d&rsquo;honneur de la mairie sous un beau soleil par Danielle Milon, <a href=\"https:\/\/www.laprovence.com\/article\/politique\/2697304762508514\/municipales-2026-a-cassis-elle-represente-un-vrai-danger-lopposition-etrille-la-maire-danielle-milon\" target=\"_blank\" rel=\"noopener\">maire de la ville<\/a>.<\/p>\n<p>L&rsquo;\u00e9dile a rappel\u00e9 l&rsquo;importance de la culture, et a d\u00e9clar\u00e9 : \u00ab\u00a0Elle nous nourrit, vous accompagne, vous fait grandir et r\u00e9v\u00e8le en vous toutes vos possibilit\u00e9s d&rsquo;adaptation \u00e0 la vie, au monde\u00a0\u00bb.<\/p>\n<p>Danielle Milon \u00e9tait entour\u00e9e de Claire Chazal ainsi que de nombreux \u00e9crivains, qui d\u00e9battront litt\u00e9rature dans le cadre magnifique de la <a href=\"https:\/\/www.laprovence.com\/article\/culture-loisirs\/1607475980914415\/avec-bon-entendeur-cassius-cerrone-cassis-en-scene-se-renouvelle-avec-le-delta-festival\" target=\"_blank\" rel=\"noopener\">promenade Aristide-Briand<\/a> baign\u00e9e par les embruns sous la tente berb\u00e8re. Le public a \u00e9t\u00e9 invit\u00e9 \u00e0 se rendre aux Salles Vout\u00e9es pour admirer \u00ab\u00a0Photogramme\u00a0\u00bb de Laurent Morlet, compos\u00e9 notamment des photos des plateaux de tournage et des affiches des films du r\u00e9alisateur et sc\u00e9nariste Henri Verneuil.<\/p>\n<p>Cette journ\u00e9e inaugurale se terminera \u00e0 19 h par la projection du documentaire Vie, mort et r\u00e9surrection d&rsquo;Henri Verneuil <a href=\"https:\/\/www.laprovence.com\/article\/region\/60464272565560\/cassis-les-soirees-jazz-sur-le-toit-de-loustau-calendal-reviennent-du-10-juillet-au-23-aout\" target=\"_blank\" rel=\"noopener\">\u00e0 l&rsquo;Oustau Calendal<\/a>. Dimanche 8 juin \u00e0 11 h, promenade Aristide-Briand, Patrick Malakian, fils d&rsquo;Henri Verneuil, animera une masterclass et l&rsquo;apr\u00e8s-midi &#8211; ainsi que le lundi de Pentec\u00f4te -, les rencontres litt\u00e9raires se poursuivront \u00e0 partir de 15 h toujours au m\u00eame endroit, les auteurs et les lecteurs pouvant \u00e9changer autour de leur passion du livre.<\/p>\n","protected":false},"excerpt":{"rendered":"De la litt\u00e9rature, des photos, du cin\u00e9ma, de la musique de jazz, c&rsquo;est tout cela que propose l&rsquo;\u00e9dition&hellip;\n","protected":false},"author":2,"featured_media":158798,"comment_status":"","ping_status":"","sticky":false,"template":"","format":"standard","meta":{"footnotes":""},"categories":[1357],"tags":[17,1379,251,58,59,21,1011,27,28987,4743,1380,17933,3946,16],"class_list":{"0":"post-158797","1":"post","2":"type-post","3":"status-publish","4":"format-standard","5":"has-post-thumbnail","7":"category-livres","8":"tag-17","9":"tag-books","10":"tag-culture","11":"tag-divertissement","12":"tag-entertainment","13":"tag-fait","14":"tag-fr","15":"tag-france","16":"tag-grandir","17":"tag-la","18":"tag-livres","19":"tag-nourrit","20":"tag-nous","21":"tag-region"},"share_on_mastodon":{"url":"https:\/\/pubeurope.com\/@fr\/114642974459705923","error":""},"_links":{"self":[{"href":"https:\/\/www.europesays.com\/fr\/wp-json\/wp\/v2\/posts\/158797","targetHints":{"allow":["GET"]}}],"collection":[{"href":"https:\/\/www.europesays.com\/fr\/wp-json\/wp\/v2\/posts"}],"about":[{"href":"https:\/\/www.europesays.com\/fr\/wp-json\/wp\/v2\/types\/post"}],"author":[{"embeddable":true,"href":"https:\/\/www.europesays.com\/fr\/wp-json\/wp\/v2\/users\/2"}],"replies":[{"embeddable":true,"href":"https:\/\/www.europesays.com\/fr\/wp-json\/wp\/v2\/comments?post=158797"}],"version-history":[{"count":0,"href":"https:\/\/www.europesays.com\/fr\/wp-json\/wp\/v2\/posts\/158797\/revisions"}],"wp:featuredmedia":[{"embeddable":true,"href":"https:\/\/www.europesays.com\/fr\/wp-json\/wp\/v2\/media\/158798"}],"wp:attachment":[{"href":"https:\/\/www.europesays.com\/fr\/wp-json\/wp\/v2\/media?parent=158797"}],"wp:term":[{"taxonomy":"category","embeddable":true,"href":"https:\/\/www.europesays.com\/fr\/wp-json\/wp\/v2\/categories?post=158797"},{"taxonomy":"post_tag","embeddable":true,"href":"https:\/\/www.europesays.com\/fr\/wp-json\/wp\/v2\/tags?post=158797"}],"curies":[{"name":"wp","href":"https:\/\/api.w.org\/{rel}","templated":true}]}}