{"id":158799,"date":"2025-06-07T16:15:10","date_gmt":"2025-06-07T16:15:10","guid":{"rendered":"https:\/\/www.europesays.com\/fr\/158799\/"},"modified":"2025-06-07T16:15:10","modified_gmt":"2025-06-07T16:15:10","slug":"jean-marc-morandini-sa-premiere-en-remplacement-de-cyril-hanouna-interroge-a-cause-dune-absence-de-taille","status":"publish","type":"post","link":"https:\/\/www.europesays.com\/fr\/158799\/","title":{"rendered":"Jean-Marc Morandini : sa premi\u00e8re en remplacement de Cyril Hanouna interroge \u00e0 cause d\u2019une absence de taille"},"content":{"rendered":"<p>Suite \u00e0 la disparition de C8 le vendredi 28 f\u00e9vrier 2025. Cyril<br \/>\nHanouna a perdu son \u00e9mission historique : Touche pas \u00e0 mon poste.<br \/>\nL\u00a0\u00bbanimateur va toutefois rebondir \u00e0 la rentr\u00e9e en pr\u00e9sentant deux<br \/>\nnouveaux rendez-vous sur les antennes du groupe M6. Mais pour<br \/>\nl&rsquo;instant, le pr\u00e9sentateur reste \u00e0 la t\u00eate de son talk-show<br \/>\nquotidien sur l&rsquo;antenne d&rsquo;Europe 1, baptis\u00e9 On marche sur la t\u00eate.<br \/>\nToutefois, <strong>il lui arrive d&rsquo;\u00eatre remplac\u00e9 de mani\u00e8re<br \/>\noccasionnelle<\/strong>.<\/p>\n<p>G\u00e9n\u00e9ralement, Cyril Hanouna confie les commandes de son \u00e9mission<br \/>\nradio \u00e0 son chroniqueur <a href=\"https:\/\/www.telestar.fr\/people\/gauthier-le-bret-bientot-papa-apres-la-bourde-de-cyril-hanouna-il-ne-casse-rien-de-son-bonheur-1725460\" target=\"_blank\" rel=\"noopener\"><br \/>\nGauthier Le Bret<\/a>. Mais il peut aussi arriver que les<br \/>\njournalistes de CNews Eliott Daval et Micka\u00ebl Dorian le remplacent<br \/>\nponctuellement. Ce ne fut cependant pas le cas le vendredi 6 juin<br \/>\n2025. En effet, c&rsquo;est <strong>Jean-Marc Morandini qui a pr\u00e9sent\u00e9 On<br \/>\nmarche sur la t\u00eate ce jour-l\u00e0.<\/strong> Comme l&rsquo;avait annonc\u00e9 Cyril<br \/>\nHanouna la veille sur Europe 1.<\/p>\n<p>Europe 1 : Jean-Marc Morandini priv\u00e9 d&rsquo;\u00e9changes avec les<br \/>\nauditeurs pour son retour<\/p>\n<p>Pour m\u00e9moire, le journaliste embl\u00e9matique de CNews connait<br \/>\nparfaitement Europe 1. Il a incarn\u00e9 de mani\u00e8re quotidienne<br \/>\nl&rsquo;\u00e9mission baptis\u00e9e Le Grand direct des m\u00e9dias sur la station par<br \/>\nle pass\u00e9. <strong>Il avait cependant \u00e9t\u00e9 \u00e9cart\u00e9 de l&rsquo;antenne en<br \/>\n2016,<\/strong> en raison des diverses accusations dont il faisait<br \/>\nl&rsquo;objet. L&rsquo;animateur avait finalement rejoint CNews et NRJ12 par la<br \/>\nsuite. Jean-Marc Morandini a donc effectu\u00e9 son grand retour sur<br \/>\nl&rsquo;antenne d&rsquo;Europe 1 apr\u00e8s neuf ann\u00e9es d&rsquo;absence.<\/p>\n<p>Pour sa grande premi\u00e8re aux commandes de l&rsquo;\u00e9mission de Cyril<br \/>\nHanouna. Jean-Marc Morandini a \u00e9t\u00e9 contraint de renoncer \u00e0 l&rsquo;un des<br \/>\nprincipaux ingr\u00e9dients qui font le succ\u00e8s du programme. En effet,<br \/>\nl&rsquo;animateur n&rsquo;a fait intervenir <strong>aucun auditeur en<br \/>\ndirect<\/strong> durant On marche sur la t\u00eate. Habituellement, Cyril<br \/>\nHanouna dialogue avec de nombreuses personnes au t\u00e9l\u00e9phone durant<br \/>\nl&rsquo;\u00e9mission.<\/p>\n<p>Cyril Hanouna laissera sa place \u00e0<br \/>\nPascal Praud sur Europe 1 la saison prochaine<\/p>\n<p>Il s&rsquo;agit peut-\u00eatre l\u00e0 <strong>d&rsquo;une pr\u00e9caution prise par la<br \/>\ndirection d&rsquo;Europe 1<\/strong>. Dans le but d&rsquo;\u00e9viter toute mention<br \/>\nintempestive des affaires judiciaires impliquant <a href=\"https:\/\/www.closermag.fr\/people\/jean-marc-morandini-condamne-tout-le-monde-a-ete-choque-par-cette-blague-sauf-lea-salame-3533685\" target=\"_blank\" rel=\"noopener\"><br \/>\nJean-Marc Morandini<\/a> \u00e0 l&rsquo;antenne. Pour rappel, Cyril Hanouna a<br \/>\nannonc\u00e9 que l&rsquo;animateur de CNews allait le remplacer chaque<br \/>\nvendredi sur Europe 1 jusqu&rsquo;\u00e0 la fin de la saison. En revanche, le<br \/>\njournaliste ne r\u00e9cup\u00e8rera pas la case de son confr\u00e8re la saison<br \/>\nprochaine.<\/p>\n<p>Effectivement, Europe 1 a choisi <strong>l&rsquo;un de ses animateurs<br \/>\nvedettes pour succ\u00e9der \u00e0 Cyril Hanouna<\/strong>. Ainsi, <a href=\"https:\/\/www.telestar.fr\/people\/pascal-praud-a-la-place-de-cyril-hanouna-sur-europe-1-et-cest-pour-tres-bientot-1725451\" target=\"_blank\" rel=\"noopener\"><br \/>\nPascal Praud<\/a> incarnera une \u00e9mission quotidienne entre 16h et<br \/>\n18h sur la station \u00e0 partir du 25 ao\u00fbt 2025. En fait, l&rsquo;\u00e9mission<br \/>\nque le journaliste pr\u00e9sente d\u00e9j\u00e0 chaque jour de 11h \u00e0 13h sera tout<br \/>\nsimplement transf\u00e9r\u00e9e en fin d&rsquo;apr\u00e8s-midi sur Europe 1.<\/p>\n","protected":false},"excerpt":{"rendered":"Suite \u00e0 la disparition de C8 le vendredi 28 f\u00e9vrier 2025. Cyril Hanouna a perdu son \u00e9mission historique&hellip;\n","protected":false},"author":2,"featured_media":158800,"comment_status":"","ping_status":"","sticky":false,"template":"","format":"standard","meta":{"footnotes":""},"categories":[1356],"tags":[548,58,59,1011,27,28917,252,1364],"class_list":{"0":"post-158799","1":"post","2":"type-post","3":"status-publish","4":"format-standard","5":"has-post-thumbnail","7":"category-television","8":"tag-article-simple","9":"tag-divertissement","10":"tag-entertainment","11":"tag-fr","12":"tag-france","13":"tag-jean-marc-morandini","14":"tag-television","15":"tag-tv"},"share_on_mastodon":{"url":"https:\/\/pubeurope.com\/@fr\/114642978370764217","error":""},"_links":{"self":[{"href":"https:\/\/www.europesays.com\/fr\/wp-json\/wp\/v2\/posts\/158799","targetHints":{"allow":["GET"]}}],"collection":[{"href":"https:\/\/www.europesays.com\/fr\/wp-json\/wp\/v2\/posts"}],"about":[{"href":"https:\/\/www.europesays.com\/fr\/wp-json\/wp\/v2\/types\/post"}],"author":[{"embeddable":true,"href":"https:\/\/www.europesays.com\/fr\/wp-json\/wp\/v2\/users\/2"}],"replies":[{"embeddable":true,"href":"https:\/\/www.europesays.com\/fr\/wp-json\/wp\/v2\/comments?post=158799"}],"version-history":[{"count":0,"href":"https:\/\/www.europesays.com\/fr\/wp-json\/wp\/v2\/posts\/158799\/revisions"}],"wp:featuredmedia":[{"embeddable":true,"href":"https:\/\/www.europesays.com\/fr\/wp-json\/wp\/v2\/media\/158800"}],"wp:attachment":[{"href":"https:\/\/www.europesays.com\/fr\/wp-json\/wp\/v2\/media?parent=158799"}],"wp:term":[{"taxonomy":"category","embeddable":true,"href":"https:\/\/www.europesays.com\/fr\/wp-json\/wp\/v2\/categories?post=158799"},{"taxonomy":"post_tag","embeddable":true,"href":"https:\/\/www.europesays.com\/fr\/wp-json\/wp\/v2\/tags?post=158799"}],"curies":[{"name":"wp","href":"https:\/\/api.w.org\/{rel}","templated":true}]}}