{"id":158801,"date":"2025-06-07T16:16:11","date_gmt":"2025-06-07T16:16:11","guid":{"rendered":"https:\/\/www.europesays.com\/fr\/158801\/"},"modified":"2025-06-07T16:16:11","modified_gmt":"2025-06-07T16:16:11","slug":"artiste-native-du-cotentin-charlotte-sort-un-nouvel-ep","status":"publish","type":"post","link":"https:\/\/www.europesays.com\/fr\/158801\/","title":{"rendered":"Artiste native du Cotentin, Charlotte sort un nouvel EP"},"content":{"rendered":"<p>            Par<br \/>\n        <strong><br \/>\n            <a href=\"https:\/\/actu.fr\/auteur\/redaction-pressemanche\" title=\"Consulter tous les articles de R\u00e9daction La Presse de la Manche\" rel=\"nofollow noopener\" target=\"_blank\">R\u00e9daction La Presse de la Manche<\/a><br \/>\n        <\/strong><\/p>\n<p>        Publi\u00e9 le<\/p>\n<p>            7 juin 2025 \u00e0 13h08        <\/p>\n<p>Charlotte Laigle est une <b>auteure-compositrice-interpr\u00e8te autodidacte<\/b> native de <a href=\"https:\/\/actu.fr\/normandie\/saint-sauveur-le-vicomte_50551\" rel=\"nofollow noopener\" target=\"_blank\">Saint-Sauveur-le-Vicomte<\/a> (Manche), dont <b>la musique <\/b>refl\u00e8te v\u00e9ritablement son \u00eatre. Depuis son <b>plus jeune \u00e2ge<\/b>, elle a \u00e9t\u00e9 attir\u00e9e par le<b> domaine artistique<\/b>.<\/p>\n<p class=\" wall-content\">Elle a toujours aim\u00e9 chanter, <b>une passion<\/b> qu\u2019elle a cultiv\u00e9e de mani\u00e8re autodidacte. Elle a pris quelques<b> cours de danse<\/b>, appris \u00e0 <b>jouer du piano<\/b> et de la <b>guitare <\/b>en autodidacte, et a commenc\u00e9 \u00e0 <b>\u00e9crire des chansons<\/b> <b>\u00e0 texte autobiographiques<\/b>.<\/p>\n<p>Sur sc\u00e8ne<\/p>\n<p class=\" wall-content\">\u00c0 l\u2019\u00e9poque, tout en poursuivant <b>ses \u00e9tudes universitaires<\/b> en <b>information et communication<\/b>, Charlotte a travaill\u00e9 comme <b>graphiste <\/b>dans une \u00e9cole musicale \u00e0 <a href=\"https:\/\/actu.fr\/paris\/\" rel=\"nofollow noopener\" target=\"_blank\">Paris<\/a>.<\/p>\n<p class=\" wall-content\">Cette exp\u00e9rience lui a permis de faire d\u00e9couvrir son <b>univers acoustique<\/b> et de rencontrer des <b>artistes professionnels<\/b>. Depuis quelques ann\u00e9es, elle <b>se produit sur sc\u00e8ne<\/b>, d\u2019abord en duo guitare-voix, puis en trio avec basse.<\/p>\n<p class=\" wall-content\"><b>En 2021<\/b>, elle a sorti son premier EP d\u00e9nomm\u00e9 Charlotte, qui met en avant <b>des instants de vie<\/b> empreints de <b>sinc\u00e9rit\u00e9 et d\u2019\u00e9motions<\/b>. Aujourd\u2019hui, elle choisit de mettre pleinement en avant le piano, son<b> instrument de pr\u00e9dilection<\/b>, pour porter ses compositions.<\/p>\n<p class=\" wall-content\">Ses textes autobiographiques explorent <b>l\u2019amour <\/b>sous toutes ses nuances, avec <b>une sensibilit\u00e9<\/b> \u00e0 fleur de peau. Chaque note, chaque mot r\u00e9sonne comme un fragment de son \u00e2me, cr\u00e9ant une connexion authentique avec celles et ceux qui l\u2019\u00e9coutent.<\/p>\n<p>Vid\u00e9os : en ce moment sur ActuUn nouvel EP<\/p>\n<p class=\" wall-content\"><b>Laur\u00e9ate <\/b>du <b>premier tremplin<\/b> musical organis\u00e9 par le <a href=\"https:\/\/www.instagram.com\/reseau.coda.by.pickup.label\/\" rel=\"nofollow noopener\" target=\"_blank\">r\u00e9seau Coda by Pickup Label<\/a>, Charlotte a b\u00e9n\u00e9fici\u00e9 d\u2019un accompagnement professionnel et d\u2019un <b>financement <\/b>qui lui ont permis de sortir son nouvel EP, Sans toi, soutenue \u00e9galement par <b>une cagnotte en ligne <\/b>r\u00e9unissant l\u2019appui de son <b>public<\/b>.<\/p>\n<p class=\" wall-content\">Enregistr\u00e9 en janvier\u00a02025 au studio Pickup \u00e0 <a href=\"https:\/\/actu.fr\/normandie\/caen_14118\" rel=\"nofollow noopener\" target=\"_blank\">Caen <\/a>(Calvados), Sans toi est un EP \u00e9pur\u00e9, port\u00e9 par le piano, la voix et le violoncelle. Il marque une <b>\u00e9tape essentielle <\/b>dans son parcours artistique et <b>l\u2019aboutissement d\u2019un r\u00eave<\/b>.<\/p>\n<p class=\" wall-content\"><a href=\"https:\/\/www.instagram.com\/p\/DJ8-OjhofVr\/embed\" title=\"Ouvrir le lien sur Instagram\" rel=\"nofollow noopener\" target=\"_blank\">Visualiser le contenu sur Instagram<\/a><\/p>\n<p class=\" wall-content\">Cet enregistrement repr\u00e9sente un <b>v\u00e9ritable \u00e9crin sonore<\/b> o\u00f9 \u00e9motions et harmonies s\u2019entrelacent, alliant fragilit\u00e9 et intensit\u00e9. R\u00e9cemment, le studio Pickup a \u00e9t\u00e9 repris par <a href=\"https:\/\/www.duchess.company\/\" rel=\"nofollow noopener\" target=\"_blank\">Duchess Publishing<\/a>, qui accompagne des artistes confirm\u00e9s. Charlotte raconte\u2009:<\/p>\n<blockquote class=\"ac-article-quote wall-content\">\n<p>Il m\u2019a fallu du temps pour oser me d\u00e9voiler ainsi, pour laisser le piano porter mes chansons comme je l\u2019ai toujours r\u00eav\u00e9. Cet EP est une part de moi, et j\u2019esp\u00e8re qu\u2019il trouvera un \u00e9cho en vous autant qu\u2019il vibre en moi.<\/p>\n<p>Charlotte Laigle<\/p><\/blockquote>\n<p class=\" wall-content\">L\u2019EP est disponible sur toutes les plateformes musicales (Spotify, Deezer, YouTube Music) depuis <b>le 29\u00a0mai 2025<\/b>. Lien pour l\u2019\u00e9couter\u2009: <a href=\"https:\/\/music.imusician.pro\/a\/SGx8wdWy\/\" rel=\"nofollow noopener\" target=\"_blank\">https:\/\/music.imusician.pro\/a\/SGx8wdWy\/<\/a><\/p>\n<p class=\" wall-content\"><b>De notre correspondant Jean-Yves PICHARD<\/b><\/p>\n<p>Contacts\u2009: <a href=\"http:\/\/actu.fr\/cdn-cgi\/l\/email-protection#ff9c90918b9e9c8bd19c979e8d93908b8b9a928a8c969cbf98929e9693d19c9092\" rel=\"nofollow noopener\" target=\"_blank\">[email\u00a0protected]<\/a>. T\u00e9l\u2009: 06\u200976\u200965\u200979\u200935.<\/p>\n<p class=\" wall-content\">Suivez toute l\u2019actualit\u00e9 de vos villes et m\u00e9dias favoris en vous inscrivant \u00e0 <a href=\"https:\/\/moncompte.actu.fr\" title=\"D\u00e9couvez Mon Actu\" rel=\"nofollow noopener\" data-trk=\"{&quot;cta&quot;:{&quot;action&quot;:&quot;https:\\\/\\\/moncompte.actu.fr&quot;,&quot;category&quot;:&quot;mon compte&quot;,&quot;from&quot;:&quot;article footer&quot;,&quot;name&quot;:&quot;Mon actu&quot;,&quot;type&quot;:&quot;cta&quot;}}\" target=\"_blank\">Mon Actu<\/a>.<\/p>\n<p>                    <script async src=\"\/\/www.instagram.com\/embed.js\"><\/script><\/p>\n","protected":false},"excerpt":{"rendered":"Par R\u00e9daction La Presse de la Manche Publi\u00e9 le 7 juin 2025 \u00e0 13h08 Charlotte Laigle est une&hellip;\n","protected":false},"author":2,"featured_media":158802,"comment_status":"","ping_status":"","sticky":false,"template":"","format":"standard","meta":{"footnotes":""},"categories":[1355],"tags":[3168,58,59,1011,27,1652,1361,873],"class_list":{"0":"post-158801","1":"post","2":"type-post","3":"status-publish","4":"format-standard","5":"has-post-thumbnail","7":"category-musique","8":"tag-cotentin","9":"tag-divertissement","10":"tag-entertainment","11":"tag-fr","12":"tag-france","13":"tag-loisirs-culture","14":"tag-music","15":"tag-musique"},"share_on_mastodon":{"url":"https:\/\/pubeurope.com\/@fr\/114642982493737355","error":""},"_links":{"self":[{"href":"https:\/\/www.europesays.com\/fr\/wp-json\/wp\/v2\/posts\/158801","targetHints":{"allow":["GET"]}}],"collection":[{"href":"https:\/\/www.europesays.com\/fr\/wp-json\/wp\/v2\/posts"}],"about":[{"href":"https:\/\/www.europesays.com\/fr\/wp-json\/wp\/v2\/types\/post"}],"author":[{"embeddable":true,"href":"https:\/\/www.europesays.com\/fr\/wp-json\/wp\/v2\/users\/2"}],"replies":[{"embeddable":true,"href":"https:\/\/www.europesays.com\/fr\/wp-json\/wp\/v2\/comments?post=158801"}],"version-history":[{"count":0,"href":"https:\/\/www.europesays.com\/fr\/wp-json\/wp\/v2\/posts\/158801\/revisions"}],"wp:featuredmedia":[{"embeddable":true,"href":"https:\/\/www.europesays.com\/fr\/wp-json\/wp\/v2\/media\/158802"}],"wp:attachment":[{"href":"https:\/\/www.europesays.com\/fr\/wp-json\/wp\/v2\/media?parent=158801"}],"wp:term":[{"taxonomy":"category","embeddable":true,"href":"https:\/\/www.europesays.com\/fr\/wp-json\/wp\/v2\/categories?post=158801"},{"taxonomy":"post_tag","embeddable":true,"href":"https:\/\/www.europesays.com\/fr\/wp-json\/wp\/v2\/tags?post=158801"}],"curies":[{"name":"wp","href":"https:\/\/api.w.org\/{rel}","templated":true}]}}