{"id":158805,"date":"2025-06-07T16:18:12","date_gmt":"2025-06-07T16:18:12","guid":{"rendered":"https:\/\/www.europesays.com\/fr\/158805\/"},"modified":"2025-06-07T16:18:12","modified_gmt":"2025-06-07T16:18:12","slug":"une-adolescente-decede-apres-une-tendance-virale-dangereuse","status":"publish","type":"post","link":"https:\/\/www.europesays.com\/fr\/158805\/","title":{"rendered":"Une adolescente d\u00e9c\u00e8de apr\u00e8s une tendance virale dangereuse"},"content":{"rendered":"<p class=\"post-excerpt\">Une jeune fille pleine de r\u00eaves s\u2019est \u00e9teinte brutalement, laissant une famille d\u00e9vast\u00e9e. Derri\u00e8re cette trag\u00e9die se cache une pratique virale inqui\u00e9tante, encore peu connue du grand public.<\/p>\n<p>Renna O\u00a0\u00bbRourke avait des r\u00eaves plein la t\u00eate, une voix qui illuminait la maison, et l\u2019envie farouche de se faire un nom. Cette <a href=\"https:\/\/www.aufeminin.com\/ados\/je-suis-adolescente-et-voici-ce-que-j-aimerais-que-nos-parents-sachent-a-propos-de-notre-relation-avec-nos-telephones-s4113777.html\" target=\"_blank\" rel=\"noopener\">adolescente<\/a> pleine de vie, connue pour sa passion du chant, r\u00e9p\u00e9tait souvent \u00e0 son p\u00e8re \u00ab\u00a0je vais devenir c\u00e9l\u00e8bre, papa\u00a0\u00bb selon <a href=\"https:\/\/people.com\/teen-dies-dusting-social-media-trend-11750050\" target=\"_blank\" rel=\"noopener\">People<\/a>. Malheureusement, ce d\u00e9sir d\u2019attention s\u2019est transform\u00e9 en drame, mettant en lumi\u00e8re une <a href=\"https:\/\/www.aufeminin.com\/actualites\/tendance-mid-girl-voici-pourquoi-ce-phenomene-peut-etre-dangereux-pour-la-sante-mentale-s4094423.html\" target=\"_blank\" rel=\"noopener\">tendance virale dangereuse<\/a> qui circule actuellement sur les r\u00e9seaux sociaux. <strong>Ce ph\u00e9nom\u00e8ne, devenu trop fr\u00e9quent, pousse certains jeunes \u00e0 se mettre en danger pour quelques instants de visibilit\u00e9.<\/strong> Derri\u00e8re <a href=\"https:\/\/www.aufeminin.com\/enfant\/enfants-journee-devant-ecrans-meilleure-decision-vie-education-s4106882.html\" target=\"_blank\" rel=\"noopener\">les \u00e9crans<\/a>, des d\u00e9fis absurdes se banalisent, sans que leurs cons\u00e9quences dramatiques ne soient toujours comprises.<\/p>\n<p>La disparition soudaine de Renna O&rsquo;Rourke a bris\u00e9 le quotidien de ses proches. Pour ses parents, la douleur est immense. <strong>Ce moment qu\u2019aucun parent ne devrait conna\u00eetre les oblige aujourd\u2019hui \u00e0 parler publiquement, esp\u00e9rant que d\u2019autres familles puissent \u00eatre \u00e9pargn\u00e9es.<\/strong> Leur t\u00e9moignage est \u00e0 la fois un cri du c\u0153ur et un avertissement. Ils souhaitent sensibiliser d\u2019autres parents sur ce qui peut se passer en quelques minutes, sans aucun signe avant-coureur. Ce n\u2019est pas seulement une trag\u00e9die personnelle, mais le reflet d\u2019un probl\u00e8me soci\u00e9tal plus large. <\/p>\n<p> Une tendance appel\u00e9e \u00ab\u00a0dusting\u00a0\u00bb a caus\u00e9 une perte irr\u00e9versible <\/p>\n<p>Ce qui a co\u00fbt\u00e9 la vie \u00e0 Renna O&rsquo;Rourke s\u2019appelle le \u00ab\u00a0dusting\u00a0\u00bb, \u00e9galement connu sous les noms de \u00ab\u00a0chroming\u00a0\u00bb ou \u00ab\u00a0huffing\u00a0\u00bb. <strong>Il s&rsquo;agit d&rsquo;une tendance o\u00f9 l\u2019on inhale volontairement le contenu d\u2019un a\u00e9rosol utilis\u00e9 pour nettoyer les claviers et appareils \u00e9lectroniques.<\/strong> Le but : obtenir un effet euphorisant temporaire, semblable \u00e0 une ivresse rapide. Ce genre de pratique attire des jeunes en qu\u00eate de sensations fortes ou d\u2019attention sur les r\u00e9seaux sociaux. Ce produit, facile \u00e0 se procurer et souvent inodore, est devenu une porte d\u2019entr\u00e9e vers un jeu dangereux.<\/p>\n<p>Le probl\u00e8me est que <strong>cette inhalation remplace l\u2019oxyg\u00e8ne dans le corps par des substances chimiques extr\u00eamement nocives.<\/strong> R\u00e9sultat : cela peut entra\u00eener une perte de conscience rapide, voire des d\u00e9faillances vitales. Dans ce cas tragique, la jeune fille n\u2019a jamais repris connaissance apr\u00e8s avoir tent\u00e9 l\u2019exp\u00e9rience. <strong>Diagnostiqu\u00e9e en \u00e9tat de mort c\u00e9r\u00e9brale, elle a succomb\u00e9 apr\u00e8s quatre jours en soins intensifs.<\/strong> Ce genre d\u2019accident pourrait arriver \u00e0 n\u2019importe quel adolescent, sans que les parents ne se doutent de quoi que ce soit. L\u2019histoire de cette jeune fille met en lumi\u00e8re les danger des tendances virales souvent sous-estim\u00e9s.\u00a0<img itemprop=\"thumbnailUrl\" decoding=\"async\" class=\"alignnone size-full wp-image-2598725 img-responsive  pinit-here\" src=\"https:\/\/www.europesays.com\/fr\/wp-content\/uploads\/2025\/06\/shutterstock_2155643597-2.jpg\" alt=\"&lt;p&gt;&lt;strong&gt;Une tendance appel\u00e9e \" dusting=\"\" a=\"\" caus=\"\" une=\"\" perte=\"\" irr=\"\"\/><\/p>\n<p>\u00a0\u00bb width=\u00a0\u00bb1024&Prime; height=\u00a0\u00bb684&Prime; data-pin-media=\u00a0\u00bbhttps:\/\/sf2.afcdn.com\/wp-content\/uploads\/aufeminin\/2025\/06\/shutterstock_2155643597-2-736&#215;492.jpg\u00a0\u00bb&gt; \u00a9  GBALLGIGGSPHOTO \/ Shutterstock Les parents brisent le silence pour alerter les familles sur ces pratiques dangereuses <\/p>\n<p>Face \u00e0 l\u2019incompr\u00e9hension, les parents de l\u2019adolescente ont d\u00e9cid\u00e9 de briser le silence. Leur message est clair : il est crucial de rester vigilant face aux comportements en ligne. Ils alertent notamment sur le fait que ce type de produit est en vente libre, bon march\u00e9 et ind\u00e9tectable dans les tests de d\u00e9pistage classiques. La facilit\u00e9 d\u2019acc\u00e8s rend ces produits particuli\u00e8rement inqui\u00e9tants. <strong>Les adolescents, souvent influenc\u00e9s par des vid\u00e9os virales, ignorent les effets d\u00e9vastateurs sur leur sant\u00e9.<\/strong><\/p>\n<p>Aujourd\u2019hui, cette famille souhaite transformer leur douleur en action. <strong>Gr\u00e2ce \u00e0 une collecte en ligne, ils esp\u00e8rent couvrir les frais m\u00e9dicaux et fun\u00e9raires, mais surtout financer des campagnes d&rsquo;information.<\/strong> Leur objectif est d\u2019\u00e9duquer le public sur les dangers de cette pratique trop souvent banalis\u00e9e. Ils veulent \u00e9viter que d\u2019autres jeunes suivent le m\u00eame chemin, par simple curiosit\u00e9 ou envie de reconnaissance. Leur combat, d\u00e9sormais, est de faire entendre la voix de leur fille pour sauver d&rsquo;autres vies.<\/p>\n","protected":false},"excerpt":{"rendered":"Une jeune fille pleine de r\u00eaves s\u2019est \u00e9teinte brutalement, laissant une famille d\u00e9vast\u00e9e. Derri\u00e8re cette trag\u00e9die se cache&hellip;\n","protected":false},"author":2,"featured_media":158806,"comment_status":"","ping_status":"","sticky":false,"template":"","format":"standard","meta":{"footnotes":""},"categories":[10],"tags":[5215,118,1011,27,72,938,71,104],"class_list":{"0":"post-158805","1":"post","2":"type-post","3":"status-publish","4":"format-standard","5":"has-post-thumbnail","7":"category-sante","8":"tag-adolescence","9":"tag-faits-divers","10":"tag-fr","11":"tag-france","12":"tag-health","13":"tag-reseaux-sociaux","14":"tag-sante","15":"tag-societe"},"share_on_mastodon":{"url":"https:\/\/pubeurope.com\/@fr\/114642990129974241","error":""},"_links":{"self":[{"href":"https:\/\/www.europesays.com\/fr\/wp-json\/wp\/v2\/posts\/158805","targetHints":{"allow":["GET"]}}],"collection":[{"href":"https:\/\/www.europesays.com\/fr\/wp-json\/wp\/v2\/posts"}],"about":[{"href":"https:\/\/www.europesays.com\/fr\/wp-json\/wp\/v2\/types\/post"}],"author":[{"embeddable":true,"href":"https:\/\/www.europesays.com\/fr\/wp-json\/wp\/v2\/users\/2"}],"replies":[{"embeddable":true,"href":"https:\/\/www.europesays.com\/fr\/wp-json\/wp\/v2\/comments?post=158805"}],"version-history":[{"count":0,"href":"https:\/\/www.europesays.com\/fr\/wp-json\/wp\/v2\/posts\/158805\/revisions"}],"wp:featuredmedia":[{"embeddable":true,"href":"https:\/\/www.europesays.com\/fr\/wp-json\/wp\/v2\/media\/158806"}],"wp:attachment":[{"href":"https:\/\/www.europesays.com\/fr\/wp-json\/wp\/v2\/media?parent=158805"}],"wp:term":[{"taxonomy":"category","embeddable":true,"href":"https:\/\/www.europesays.com\/fr\/wp-json\/wp\/v2\/categories?post=158805"},{"taxonomy":"post_tag","embeddable":true,"href":"https:\/\/www.europesays.com\/fr\/wp-json\/wp\/v2\/tags?post=158805"}],"curies":[{"name":"wp","href":"https:\/\/api.w.org\/{rel}","templated":true}]}}