{"id":15881,"date":"2025-04-10T21:20:11","date_gmt":"2025-04-10T21:20:11","guid":{"rendered":"https:\/\/www.europesays.com\/fr\/15881\/"},"modified":"2025-04-10T21:20:11","modified_gmt":"2025-04-10T21:20:11","slug":"adeline-blondieau-le-coup-de-fil-et-la-revelation-terrible-de-son-fils-en-plein-voyage-a-bali","status":"publish","type":"post","link":"https:\/\/www.europesays.com\/fr\/15881\/","title":{"rendered":"Adeline Blondieau : le coup de fil et la r\u00e9v\u00e9lation terrible de son fils en plein voyage \u00e0 Bali"},"content":{"rendered":"<p>      R\u00e9sum\u00e9<\/p>\n<p>Adeline Blondieau rend, ce 9 avril, un hommage touchant \u00e0 son ex-mari Sergio Temporelli. Cela fait un an, jour pour jour, que le papa de son fils a \u00e9t\u00e9 emport\u00e9 par une grave maladie.<\/p>\n<p>        Sommaire<\/p>\n<p><strong>Trois hommes<\/strong> ont principalement marqu\u00e9 la vie sentimentale d&rsquo;Adeline Blondieau. Il y a eu, d&rsquo;abord, sa relation et son mariage tr\u00e8s m\u00e9diatis\u00e9 avec <strong>Johnny Hallyday<\/strong> alors qu&rsquo;elle n&rsquo;avait que 19 ans. Puis, <a href=\"https:\/\/www.public.fr\/adeline-blondieau-harcelee-par-une-fan-son-calvaire-enfermee-dans-les-toilettes-dun-centre-commercial\" target=\"_blank\" rel=\"noopener\">la com\u00e9dienne<\/a> fera la rencontre <strong>de Sergio Temporelli. <\/strong>Mannequin argentin, ce dernier lui permettra de d\u00e9couvrir les joies de la maternit\u00e9. Ainsi, en 1999, tous les deux accueillent <strong>un gar\u00e7on pr\u00e9nomm\u00e9 A\u00eftor<\/strong>. Enfin, en 2011, elle donnera naissance \u00e0 <strong>une petite fille pr\u00e9nomm\u00e9 Wilona<\/strong>, fruit de son amour avec Laurent Hubert.<\/p>\n<p>Mais<strong> ce 9 avril est une sombre date<\/strong> pour <a href=\"https:\/\/www.public.fr\/benedicte-delmas-et-adeline-blondieau-violemment-critiquees-apres-une-photo-delles-au-naturel-face-a-lacharnement-la-riposte\" target=\"_blank\" rel=\"noopener\">l&rsquo;amie de Tonya Kinzinger <\/a>qui apparait toujours souriante publiquement. Et pour cause&#8230; Il y a un an, jour pour jour, <strong>le p\u00e8re de son fils qui souffrait d&rsquo;une grave maladie s&rsquo;en est all\u00e9.<\/strong> Tous les deux s&rsquo;\u00e9taient rencontr\u00e9s sur le plateau des Filles d&rsquo;\u00e0 c\u00f4t\u00e9 et, malgr\u00e9 leur s\u00e9paration, <strong>\u00e9taient rest\u00e9s bons amis<\/strong>. Ainsi, avait-elle fait part \u00e0 l&rsquo;\u00e9poque de son immense chagrin sur Instagram.<\/p>\n<p>\u00ab\u00a0<strong>Tristesse immense<\/strong>. Les mots s&rsquo;organisent mal. Sergio, le p\u00e8re d&rsquo;A\u00eftor, mon pr\u00e9cieux ami, s&rsquo;en est all\u00e9\u00a0\u00bb avait \u00e9crit <a href=\"https:\/\/www.public.fr\/adeline-blondieau-le-coup-de-gueule-de-son-fils-concernant-son-mariage-avec-johnny\" target=\"_blank\" rel=\"noopener\">l&rsquo;ancienne com\u00e9dienne de Sous le Soleil<\/a>. Un an apr\u00e8s,<a href=\"https:\/\/www.public.fr\/adeline-blondieau-rend-elle-aussi-hommage-a-alain-delon-mais-pas-comme-les-autres\" target=\"_blank\" rel=\"noopener\"> la m\u00e8re de famille <\/a>a d\u00e9voil\u00e9 \u00e0 ses abonn\u00e9s <strong>de nouvelles photos de famille<\/strong> afin de rendre un vibrant hommage \u00e0 celui qui lui a permis de devenir m\u00e8re pour la toute premi\u00e8re fois. <\/p>\n<p>Adeline Blondieau : ce 9 avril 2024 qu&rsquo;elle n&rsquo;oubliera jamais<\/p>\n<p>Dans ce post Instagram, <a href=\"https:\/\/www.google.com\/url?sa=t&amp;source=web&amp;rct=j&amp;opi=89978449&amp;url=https:\/\/vsd.fr\/63956-adeline-blondieau-brise-le-silence-sur-les-tournages-difficiles-de-la-serie-sous-le-soleil\/&amp;ved=2ahUKEwiKroak_sqMAxVXTUEAHfyvD4gQFnoECBYQAQ&amp;usg=AOvVaw2B4q8_hRiaALUQC4pPsk96\" target=\"_blank\" rel=\"noopener\">la jolie brune<\/a> a partag\u00e9 <strong>trois photos de son ex compagnon<\/strong> accompagn\u00e9 de son fils devenu un charmant jeune homme. Ainsi, d\u00e9taille-t-elle en l\u00e9gende sa terrible journ\u00e9e du 9 avril 2024. \u00ab\u00a0Il y a un an, nous passions notre premi\u00e8re journ\u00e9e \u00e0 Bali cheri-cheri, Wilo et moi. Une si belle journ\u00e9e, ce voyage tant attendu, il a beaucoup plu mais, j\u2019\u00e9tais si heureuse d\u2019\u00eatre l\u00e0 avec eux. Tout me semblait \u00e0 sa bonne place. <strong>Je pensais que rien n\u2019aurait pu me faire perdre mon sourire ce jour l\u00e0.<\/strong> On a fait mille choses\u00a0\u00bb commence par raconter<a href=\"https:\/\/www.google.com\/url?sa=t&amp;source=web&amp;rct=j&amp;opi=89978449&amp;url=https:\/\/vsd.fr\/29305-emotion-adeline-blondieau-se-confie-enfin-sur-la-mort-de-johnny-hallyday\/&amp;ved=2ahUKEwiKroak_sqMAxVXTUEAHfyvD4gQFnoECBQQAQ&amp;usg=AOvVaw2e8057O8G5Skmk1nAEpBTT\" target=\"_blank\" rel=\"noopener\"> l&rsquo;ex candidate de \u00ab\u00a0La Ferme C\u00e9l\u00e9brit\u00e9s en Afrique\u00a0\u00bb<\/a>.<\/p>\n<p>Sans wifi, c&rsquo;est en rentrant le soir dans son bungalow qu&rsquo;elle a d\u00e9couvert un <strong>nombre incalculable de messages <\/strong>et des appels en pagaille.  \u00ab\u00a0<strong>Beaucoup d\u2019appels en absence de mon fils. Trop. En l\u2019appelant, juste au son de sa voix j\u2019ai compris. <\/strong>Si loin de lui pour le prendre dans mes bras et adoucir le choc, si c\u2019est possible\u00a0\u00bb, a-t-elle ajout\u00e9. Alors, d\u00e8s le lendemain, elle est rentr\u00e9e \u00e0 Paris o\u00f9 elle a retrouv\u00e9 A\u00eftor et, <strong>ensemble, ils ont rejoint l&rsquo;Argentine. <\/strong>\u00ab\u00a0Je garde ton rire dans mon oreille et certaines de tes expression dans mon langage, on continu a parler de toi souvent, pour que tu restes encore un peu la. Merci d\u2019avoir travers\u00e9 ma vie\u00a0\u00bb a conclu <a href=\"https:\/\/www.google.com\/url?sa=t&amp;source=web&amp;rct=j&amp;opi=89978449&amp;url=https:\/\/vsd.fr\/26584-video-tres-emue-adeline-blondieau-se-confie-sur-la-mort-de-johnny-hallyday\/&amp;ved=2ahUKEwiKroak_sqMAxVXTUEAHfyvD4gQFnoECBsQAQ&amp;usg=AOvVaw2Suxomch84z2Z5hW0nvlZQ\" target=\"_blank\" rel=\"noopener\">l&rsquo;interpr\u00e8te de Caroline Drancourt<\/a> si proche de ses enfants.<\/p>\n<p><img loading=\"lazy\" decoding=\"async\" width=\"683\" height=\"1024\" src=\"data:image\/svg+xml,%3Csvg%20xmlns=\" http:=\"\" alt=\"Adeline Blondieau : le coup de fil et la r\u00e9v\u00e9lation terrible de son fils en plein voyage \u00e0 Bali\" data-lazy- data-lazy- data-lazy-src=\"https:\/\/www.europesays.com\/fr\/wp-content\/uploads\/2025\/04\/BESTIMAGE_00421969_0000071-683x1024.jpg\"\/><\/p>\n<p>\u00a9 C\u00e9dric Perrin\/Bestimage<\/p>\n<p>      Mentionn\u00e9s dans cet article<\/p>\n<p>\u00c0 lire aussi<\/p>\n","protected":false},"excerpt":{"rendered":"R\u00e9sum\u00e9 Adeline Blondieau rend, ce 9 avril, un hommage touchant \u00e0 son ex-mari Sergio Temporelli. Cela fait un&hellip;\n","protected":false},"author":2,"featured_media":15882,"comment_status":"","ping_status":"","sticky":false,"template":"","format":"standard","meta":{"footnotes":""},"categories":[1359],"tags":[6606,6607,2715,58,59,652,1011,27,2440,18,973,6552],"class_list":{"0":"post-15881","1":"post","2":"type-post","3":"status-publish","4":"format-standard","5":"has-post-thumbnail","7":"category-people","8":"tag-adeline-blondieau","9":"tag-bali","10":"tag-disparition","11":"tag-divertissement","12":"tag-entertainment","13":"tag-famille","14":"tag-fr","15":"tag-france","16":"tag-instagram","17":"tag-mort","18":"tag-people","19":"tag-pere"},"share_on_mastodon":{"url":"https:\/\/pubeurope.com\/@fr\/114315763584070435","error":""},"_links":{"self":[{"href":"https:\/\/www.europesays.com\/fr\/wp-json\/wp\/v2\/posts\/15881","targetHints":{"allow":["GET"]}}],"collection":[{"href":"https:\/\/www.europesays.com\/fr\/wp-json\/wp\/v2\/posts"}],"about":[{"href":"https:\/\/www.europesays.com\/fr\/wp-json\/wp\/v2\/types\/post"}],"author":[{"embeddable":true,"href":"https:\/\/www.europesays.com\/fr\/wp-json\/wp\/v2\/users\/2"}],"replies":[{"embeddable":true,"href":"https:\/\/www.europesays.com\/fr\/wp-json\/wp\/v2\/comments?post=15881"}],"version-history":[{"count":0,"href":"https:\/\/www.europesays.com\/fr\/wp-json\/wp\/v2\/posts\/15881\/revisions"}],"wp:featuredmedia":[{"embeddable":true,"href":"https:\/\/www.europesays.com\/fr\/wp-json\/wp\/v2\/media\/15882"}],"wp:attachment":[{"href":"https:\/\/www.europesays.com\/fr\/wp-json\/wp\/v2\/media?parent=15881"}],"wp:term":[{"taxonomy":"category","embeddable":true,"href":"https:\/\/www.europesays.com\/fr\/wp-json\/wp\/v2\/categories?post=15881"},{"taxonomy":"post_tag","embeddable":true,"href":"https:\/\/www.europesays.com\/fr\/wp-json\/wp\/v2\/tags?post=15881"}],"curies":[{"name":"wp","href":"https:\/\/api.w.org\/{rel}","templated":true}]}}