{"id":158818,"date":"2025-06-07T16:25:13","date_gmt":"2025-06-07T16:25:13","guid":{"rendered":"https:\/\/www.europesays.com\/fr\/158818\/"},"modified":"2025-06-07T16:25:13","modified_gmt":"2025-06-07T16:25:13","slug":"on-a-assiste-au-lancement-de-t18-la-nouvelle-chaine-de-la-tnt-liberation","status":"publish","type":"post","link":"https:\/\/www.europesays.com\/fr\/158818\/","title":{"rendered":"On a assist\u00e9 au lancement de T18, la nouvelle cha\u00eene de la TNT \u2013 Lib\u00e9ration"},"content":{"rendered":"<p class=\"sc-ksZaOG ehjQrN text-element\">A 19 h 45, ce vendredi soir, une rang\u00e9e de sourires un poil crisp\u00e9s accueille le t\u00e9l\u00e9spectateur pour lancer officiellement la derni\u00e8re n\u00e9e de la TNT. \u00abT18, c\u2019est parti !\u00bb Pas de gros bouton rouge pour la mise en orbite, mais une sorte de levier actionn\u00e9 \u00e0 trois, en r\u00e9gie, par tout l\u2019organigramme de la cha\u00eene : le pr\u00e9sident de T18, Christopher Baldelli, la patronne du groupe de presse qui la d\u00e9tient (CMI France), Val\u00e9rie Salomon, et le pr\u00e9sident du conseil de surveillance dudit groupe, Denis Olivennes (aussi PDG de la holding qui poss\u00e8de Lib\u00e9ration). En plateau, Laurent Ruquier a mis sa veste de gala pour l\u2019occasion, et pr\u00e9sente les deux autres visages que l\u2019on retrouvera r\u00e9guli\u00e8rement \u00e0 l\u2019antenne, les journalistes <a href=\"https:\/\/www.liberation.fr\/portraits\/matthieu-croissandeau-cest-son-soir-20250603_VFU3A5RRJZA2ND6RFGNUPOBOPA\/?redirected=1\" target=\"_blank\" rel=\"nofollow noopener\" title=\"https:\/\/www.liberation.fr\/portraits\/matthieu-croissandeau-cest-son-soir-20250603_VFU3A5RRJZA2ND6RFGNUPOBOPA\/?redirected=1\">Matthieu Croissandeau<\/a> et Ava Djamshidi. En coulisses, \u00e0 quelques m\u00e8tres de l\u00e0, une petite centaine d\u2019invit\u00e9s et de journalistes (dont Lib\u00e9ration) s\u2019est press\u00e9e pour ce lancement tout sauf clinquant &#8211; champagne et petits fours de circonstance, avec In\u00e8s de la Fressange et Rapha\u00ebl Enthoven dans l\u2019assistance. A l\u2019antenne, on est pr\u00e9cis\u00e9ment \u00e0 l\u2019oppos\u00e9 des ballets futuristes et du d\u00e9fil\u00e9 de stars de l\u2019inauguration rutilante de la Cinq de Berlusconi en 1986.<\/p>\n","protected":false},"excerpt":{"rendered":"A 19 h 45, ce vendredi soir, une rang\u00e9e de sourires un poil crisp\u00e9s accueille le t\u00e9l\u00e9spectateur pour&hellip;\n","protected":false},"author":2,"featured_media":158819,"comment_status":"","ping_status":"","sticky":false,"template":"","format":"standard","meta":{"footnotes":""},"categories":[2],"tags":[11,3057,1011,27,1227,8657,12,3058],"class_list":{"0":"post-158818","1":"post","2":"type-post","3":"status-publish","4":"format-standard","5":"has-post-thumbnail","7":"category-actualites","8":"tag-actualites","9":"tag-essential","10":"tag-fr","11":"tag-france","12":"tag-horizontal","13":"tag-management","14":"tag-news","15":"tag-topshots"},"share_on_mastodon":{"url":"https:\/\/pubeurope.com\/@fr\/114643017618816429","error":""},"_links":{"self":[{"href":"https:\/\/www.europesays.com\/fr\/wp-json\/wp\/v2\/posts\/158818","targetHints":{"allow":["GET"]}}],"collection":[{"href":"https:\/\/www.europesays.com\/fr\/wp-json\/wp\/v2\/posts"}],"about":[{"href":"https:\/\/www.europesays.com\/fr\/wp-json\/wp\/v2\/types\/post"}],"author":[{"embeddable":true,"href":"https:\/\/www.europesays.com\/fr\/wp-json\/wp\/v2\/users\/2"}],"replies":[{"embeddable":true,"href":"https:\/\/www.europesays.com\/fr\/wp-json\/wp\/v2\/comments?post=158818"}],"version-history":[{"count":0,"href":"https:\/\/www.europesays.com\/fr\/wp-json\/wp\/v2\/posts\/158818\/revisions"}],"wp:featuredmedia":[{"embeddable":true,"href":"https:\/\/www.europesays.com\/fr\/wp-json\/wp\/v2\/media\/158819"}],"wp:attachment":[{"href":"https:\/\/www.europesays.com\/fr\/wp-json\/wp\/v2\/media?parent=158818"}],"wp:term":[{"taxonomy":"category","embeddable":true,"href":"https:\/\/www.europesays.com\/fr\/wp-json\/wp\/v2\/categories?post=158818"},{"taxonomy":"post_tag","embeddable":true,"href":"https:\/\/www.europesays.com\/fr\/wp-json\/wp\/v2\/tags?post=158818"}],"curies":[{"name":"wp","href":"https:\/\/api.w.org\/{rel}","templated":true}]}}