{"id":158823,"date":"2025-06-07T16:28:28","date_gmt":"2025-06-07T16:28:28","guid":{"rendered":"https:\/\/www.europesays.com\/fr\/158823\/"},"modified":"2025-06-07T16:28:28","modified_gmt":"2025-06-07T16:28:28","slug":"sante-des-chirurgiens-de-nancy-premiers-au-monde-a-utiliser-un-robot-pour-operer-la-colonne","status":"publish","type":"post","link":"https:\/\/www.europesays.com\/fr\/158823\/","title":{"rendered":"Sant\u00e9. Des chirurgiens de Nancy premiers au monde \u00e0 utiliser un robot pour op\u00e9rer la colonne"},"content":{"rendered":"<p>Avant l\u2019av\u00e8nement de \u00ab\u00a0l\u2019humain augment\u00e9\u00a0\u00bb, celui du chirurgien amplifi\u00e9. Extension de sa main, le robot a fait une entr\u00e9e fracassante au CHRU de Nancy dans le traitement des pathologies de la colonne. S\u2019y est constitu\u00e9e une \u00e9quipe r\u00e9unissant deux chirurgiens vasculaires et un neurochirurgien\u00a0: les P r Nicla Settembre et Serguei Malikov (chef du service de chirurgie vasculaire) et le D r Nacer Mansouri, neurochirurgien. Depuis 2019, le trio encha\u00eene les premi\u00e8res mondiales, d\u00e9frichant de nouveaux territoires pour la chirurgie robotique. Tous trois se sont trouv\u00e9 des app\u00e9tences communes pour l\u2019innovation m\u00e9dicale, les technologies de pointe\u2026 Ce go\u00fbt partag\u00e9 pour le progr\u00e8s les a rassembl\u00e9s autour d\u2019un d\u00e9fi, introduire un robot dans la chirurgie du rachis, l\u2019une des pratiques m\u00e9dicales les plus d\u00e9licates.<\/p>\n<p>Quel int\u00e9r\u00eat\u00a0?<\/p>\n<p>Ici, pas d\u2019humano\u00efde au sourire sournois. Le robot, plut\u00f4t&#8230;<\/p>\n","protected":false},"excerpt":{"rendered":"Avant l\u2019av\u00e8nement de \u00ab\u00a0l\u2019humain augment\u00e9\u00a0\u00bb, celui du chirurgien amplifi\u00e9. Extension de sa main, le robot a fait une&hellip;\n","protected":false},"author":2,"featured_media":158824,"comment_status":"","ping_status":"","sticky":false,"template":"","format":"standard","meta":{"footnotes":""},"categories":[9635],"tags":[1111,11,1777,674,1011,27,775,5362,224,1702,12,3456,25,71,767],"class_list":{"0":"post-158823","1":"post","2":"type-post","3":"status-publish","4":"format-standard","5":"has-post-thumbnail","7":"category-nancy","8":"tag-actu","9":"tag-actualites","10":"tag-eu","11":"tag-europe","12":"tag-fr","13":"tag-france","14":"tag-grand-est","15":"tag-magazine-sante","16":"tag-medecine","17":"tag-nancy","18":"tag-news","19":"tag-region-lorraine","20":"tag-republique-francaise","21":"tag-sante","22":"tag-science-et-technologie"},"share_on_mastodon":{"url":"https:\/\/pubeurope.com\/@fr\/114643029489731340","error":""},"_links":{"self":[{"href":"https:\/\/www.europesays.com\/fr\/wp-json\/wp\/v2\/posts\/158823","targetHints":{"allow":["GET"]}}],"collection":[{"href":"https:\/\/www.europesays.com\/fr\/wp-json\/wp\/v2\/posts"}],"about":[{"href":"https:\/\/www.europesays.com\/fr\/wp-json\/wp\/v2\/types\/post"}],"author":[{"embeddable":true,"href":"https:\/\/www.europesays.com\/fr\/wp-json\/wp\/v2\/users\/2"}],"replies":[{"embeddable":true,"href":"https:\/\/www.europesays.com\/fr\/wp-json\/wp\/v2\/comments?post=158823"}],"version-history":[{"count":0,"href":"https:\/\/www.europesays.com\/fr\/wp-json\/wp\/v2\/posts\/158823\/revisions"}],"wp:featuredmedia":[{"embeddable":true,"href":"https:\/\/www.europesays.com\/fr\/wp-json\/wp\/v2\/media\/158824"}],"wp:attachment":[{"href":"https:\/\/www.europesays.com\/fr\/wp-json\/wp\/v2\/media?parent=158823"}],"wp:term":[{"taxonomy":"category","embeddable":true,"href":"https:\/\/www.europesays.com\/fr\/wp-json\/wp\/v2\/categories?post=158823"},{"taxonomy":"post_tag","embeddable":true,"href":"https:\/\/www.europesays.com\/fr\/wp-json\/wp\/v2\/tags?post=158823"}],"curies":[{"name":"wp","href":"https:\/\/api.w.org\/{rel}","templated":true}]}}