{"id":15883,"date":"2025-04-10T21:22:19","date_gmt":"2025-04-10T21:22:19","guid":{"rendered":"https:\/\/www.europesays.com\/fr\/15883\/"},"modified":"2025-04-10T21:22:19","modified_gmt":"2025-04-10T21:22:19","slug":"quintin-une-vente-de-livres-a-petits-prix-a-la-bibliotheque-ce-week-end-du-12-avril","status":"publish","type":"post","link":"https:\/\/www.europesays.com\/fr\/15883\/","title":{"rendered":"Quintin\u00a0: une vente de livres \u00e0 petits prix \u00e0 la biblioth\u00e8que, ce week-end du 12\u00a0avril"},"content":{"rendered":"<p>La biblioth\u00e8que de Quintin organise une vente de livres \u00e0 petits prix, ce week-end du 12 et 13 avril, sur les deux niveaux de ses locaux, rez-de-chauss\u00e9e et \u00e9tage. Il y en aura pour tous les go\u00fbts et pour tous les \u00e2ges, des romans aux livres policiers, en passant par les thrillers, les romans historiques, les livres de terroir, et beaucoup de livres jeunesse. \u00c0 vendre \u00e9galement, des CD et DVD. Les b\u00e9n\u00e9voles expliquent qu\u2019il s\u2019agit de faire de la place pour accueillir les nouveaut\u00e9s achet\u00e9es chaque mois, le stock \u00e9tant de plus de 4\u00a0000 ouvrages\u2026 Et les locaux \u00e9tant non extensibles\u00a0!<\/p>\n<p>Appel aux b\u00e9n\u00e9voles<\/p>\n<p>La biblioth\u00e8que <a href=\"https:\/\/www.letelegramme.fr\/cotes-d-armor\/quintin-22800\/la-bibliotheque-pour-tous-de-quintin-cherche-des-benevoles-et-annonce-de-nouveaux-horaires-6741039.php\" title=\"www.letelegramme.fr\" target=\"_blank\" rel=\"noopener\">recrute toujours des b\u00e9n\u00e9voles<\/a>. Elles sont onze aujourd\u2019hui. De la main-d\u2019\u0153uvre suppl\u00e9mentaire serait bienvenue, pour assurer les permanences, enregistrer les livres, les \u00e9quiper. Il suffit d\u2019aimer les livres et d\u2019avoir quelques heures \u00e0 proposer. Les b\u00e9n\u00e9voles assurent aussi le portage des livres \u00e0 domicile pour les personnes qui ont des difficult\u00e9s \u00e0 se d\u00e9placer, et aussi \u00e0 l\u2019Ehpad de Quintin. Pour rappel, les pr\u00eats de livres sont gratuits pour tous et l\u2019abonnement annuel est de 15 \u20ac par famille.<\/p>\n<p><b>Pratique<\/b><\/p>\n<p class=\"note\">Vente de livres \u00e0 la Biblioth\u00e8que pour tous de Quintin, 3, place de la Mairie, samedi 12 avril de 10\u00a0h \u00e0 17\u00a0h et dimanche 13 de 10\u00a0h \u00e0 13\u00a0h. Tarifs\u00a0: 0,50 \u20ac (livres de poche, livres jeunesse), 2 \u20ac (livres broch\u00e9s), 5 \u20ac beaux livres.<\/p>\n","protected":false},"excerpt":{"rendered":"La biblioth\u00e8que de Quintin organise une vente de livres \u00e0 petits prix, ce week-end du 12 et 13&hellip;\n","protected":false},"author":2,"featured_media":15884,"comment_status":"","ping_status":"","sticky":false,"template":"","format":"standard","meta":{"footnotes":""},"categories":[1357],"tags":[1379,58,59,1011,27,1380,6608],"class_list":{"0":"post-15883","1":"post","2":"type-post","3":"status-publish","4":"format-standard","5":"has-post-thumbnail","7":"category-livres","8":"tag-books","9":"tag-divertissement","10":"tag-entertainment","11":"tag-fr","12":"tag-france","13":"tag-livres","14":"tag-quintin"},"share_on_mastodon":{"url":"https:\/\/pubeurope.com\/@fr\/114315771611821502","error":""},"_links":{"self":[{"href":"https:\/\/www.europesays.com\/fr\/wp-json\/wp\/v2\/posts\/15883","targetHints":{"allow":["GET"]}}],"collection":[{"href":"https:\/\/www.europesays.com\/fr\/wp-json\/wp\/v2\/posts"}],"about":[{"href":"https:\/\/www.europesays.com\/fr\/wp-json\/wp\/v2\/types\/post"}],"author":[{"embeddable":true,"href":"https:\/\/www.europesays.com\/fr\/wp-json\/wp\/v2\/users\/2"}],"replies":[{"embeddable":true,"href":"https:\/\/www.europesays.com\/fr\/wp-json\/wp\/v2\/comments?post=15883"}],"version-history":[{"count":0,"href":"https:\/\/www.europesays.com\/fr\/wp-json\/wp\/v2\/posts\/15883\/revisions"}],"wp:featuredmedia":[{"embeddable":true,"href":"https:\/\/www.europesays.com\/fr\/wp-json\/wp\/v2\/media\/15884"}],"wp:attachment":[{"href":"https:\/\/www.europesays.com\/fr\/wp-json\/wp\/v2\/media?parent=15883"}],"wp:term":[{"taxonomy":"category","embeddable":true,"href":"https:\/\/www.europesays.com\/fr\/wp-json\/wp\/v2\/categories?post=15883"},{"taxonomy":"post_tag","embeddable":true,"href":"https:\/\/www.europesays.com\/fr\/wp-json\/wp\/v2\/tags?post=15883"}],"curies":[{"name":"wp","href":"https:\/\/api.w.org\/{rel}","templated":true}]}}