{"id":158835,"date":"2025-06-07T16:34:09","date_gmt":"2025-06-07T16:34:09","guid":{"rendered":"https:\/\/www.europesays.com\/fr\/158835\/"},"modified":"2025-06-07T16:34:09","modified_gmt":"2025-06-07T16:34:09","slug":"le-ras-le-bol-de-ce-maire-pres-de-rouen-face-aux-depots-sauvages-de-dechets","status":"publish","type":"post","link":"https:\/\/www.europesays.com\/fr\/158835\/","title":{"rendered":"le ras-le-bol de ce maire pr\u00e8s de Rouen face aux d\u00e9p\u00f4ts sauvages de d\u00e9chets"},"content":{"rendered":"<p>            Par<br \/>\n        <strong><br \/>\n            <a href=\"https:\/\/actu.fr\/auteur\/laredaction\" title=\"Consulter tous les articles de R\u00e9daction Normandie\" rel=\"nofollow noopener\" target=\"_blank\">R\u00e9daction Normandie<\/a><br \/>\n        <\/strong><\/p>\n<p>        Publi\u00e9 le<\/p>\n<p>            7 juin 2025 \u00e0 17h52        <\/p>\n<p>Pr\u00e8s de <a href=\"https:\/\/actu.fr\/normandie\/rouen_76540\" rel=\"nofollow noopener\" target=\"_blank\">Rouen<\/a>, <strong>le maire de Bois-l\u2019\u00c9v\u00eaque, Fr\u00e9d\u00e9ric Tihi<\/strong> en a plus qu\u2019assez\u2009! \u00c0 plusieurs reprises, il a en effet constat\u00e9 des <strong>d\u00e9p\u00f4ts sauvages de d\u00e9chets<\/strong> sur le territoire communal et il y a quelques semaines, il a d\u00e9cid\u00e9 de d\u00e9poser <strong>plainte \u00e0 la gendarmerie<\/strong>. \u00ab\u2009Ce sera syst\u00e9matique maintenant\u2009\u00bb, pr\u00e9vient-il.<\/p>\n<p>Huit cents tuiles abandonn\u00e9es<\/p>\n<p class=\" wall-content\">Ces derni\u00e8res semaines, deux d\u00e9p\u00f4ts ont \u00e9t\u00e9 recens\u00e9s sur le territoire communal de Bois-l\u2019\u00c9v\u00eaque\u2009: l\u2019un \u00e9tant certainement le fait d\u2019un particulier, mais l\u2019autre, assur\u00e9ment, celui d\u2019un artisan. Le maire en est en tout cas convaincu. \u00ab\u2009C\u2019\u00e9taient essentiellement des tuiles, environ huit cents. Et quelqu\u2019un l\u2019a vu faire, un soir vers 20 heures\u2009\u00bb, affirme Fr\u00e9d\u00e9ric Tihi, visiblement tr\u00e8s agac\u00e9 face \u00e0 ce type de comportement. Ce sont en effet les employ\u00e9s de la commune qui doivent ensuite proc\u00e9der au nettoiement des sites pollu\u00e9s.<\/p>\n<p class=\" wall-content\">Autre d\u00e9p\u00f4t sauvage\u2009: celui de plusieurs sacs et cartons de d\u00e9m\u00e9nagement au hameau de Beaulieu. \u00ab\u2009Mais l\u00e0, les gendarmes ont fouill\u00e9 les sacs. Une preuve, \u00e0 savoir un ticket de caisse, a \u00e9t\u00e9 retrouv\u00e9e\u2009\u00bb, constate avec satisfaction l\u2019\u00e9lu.<\/p>\n<p>Panneaux et surveillance<\/p>\n<p class=\" wall-content\">Pour tenter de rem\u00e9dier \u00e0 ce fl\u00e9au, la commune a install\u00e9 <strong>des panneaux et deux sites sont plac\u00e9s sous surveillance<\/strong>. Mais tout cela a \u00e9videmment un co\u00fbt\u2009: rien que les panneaux ont en effet co\u00fbt\u00e9 600 euros, \u00e0 la charge de la commune. \u00ab\u2009Le co\u00fbt en main-d\u2019\u0153uvre se chiffre \u00e0 pr\u00e8s de 450\u00a0euros\u2009\u00bb, ajoute le maire.<\/p>\n<p>Attention aux amendes !<\/p>\n<p>Les services de l\u2019\u00c9tat rappellent que les auteurs de ces d\u00e9p\u00f4ts sauvages s\u2019exposent \u00e0 des sanctions pr\u00e9vues par le Code de l\u2019environnement, mais aussi le Code p\u00e9nal ou encore le Code forestier et peuvent se voir infliger des contraventions. Rappelons que pour un particulier, le montant de la contravention peut atteindre 1\u2009500\u00a0euros.<\/p>\n<p>L\u2019exemple \u00e0 suivre de la M\u00e9tropole\u2009?<\/p>\n<p class=\" wall-content\">\u00c0 noter que la M\u00e9tropole Rouen Normandie, voisine de la communaut\u00e9 de communes Inter Caux Vexin (CCICV) dont fait partie Bois-l\u2019\u00c9v\u00eaque, dispose pour sa part de quatre cam\u00e9ras, qu\u2019elle pr\u00eate pour quelques mois aux communes qui le souhaitent. La commune de Roncherolles-sur-le-Vivier a r\u00e9cemment b\u00e9n\u00e9fici\u00e9 de ce service. L\u2019objectif est de \u00ab\u2009les aider \u00e0 lutter contre les d\u00e9p\u00f4ts sauvages r\u00e9currents sur le territoire\u2009\u00bb, expliquent les services de la M\u00e9tropole, qui rappellent que le maire conserve de toute fa\u00e7on son pouvoir de police, avec deux sanctions possibles\u2009: l\u2019amende administrative ou la contravention par l\u2019Officier de police judiciaire. Une piste \u00e0 suivre pour la CCICV\u2009?<\/p>\n<p>Suivez l\u2019actualit\u00e9 de Rouen sur notre <a href=\"https:\/\/www.whatsapp.com\/channel\/0029VaKfnf99hXF2ddApFB1D\" rel=\"nofollow noopener\" target=\"_blank\">cha\u00eene WhatsApp<\/a> et sur notre <a href=\"https:\/\/www.tiktok.com\/@76actu.fr?lang=fr\" rel=\"nofollow noopener\" target=\"_blank\">compte TikTok<\/a><\/p>\n<p class=\" wall-content\">Suivez toute l\u2019actualit\u00e9 de vos villes et m\u00e9dias favoris en vous inscrivant \u00e0 <a href=\"https:\/\/moncompte.actu.fr\" title=\"D\u00e9couvez Mon Actu\" rel=\"nofollow noopener\" data-trk=\"{&quot;cta&quot;:{&quot;action&quot;:&quot;https:\\\/\\\/moncompte.actu.fr&quot;,&quot;category&quot;:&quot;mon compte&quot;,&quot;from&quot;:&quot;article footer&quot;,&quot;name&quot;:&quot;Mon actu&quot;,&quot;type&quot;:&quot;cta&quot;}}\" target=\"_blank\">Mon Actu<\/a>.<\/p>\n<p>                    <script async src=\"\/\/www.tiktok.com\/embed.js\"><\/script><\/p>\n","protected":false},"excerpt":{"rendered":"Par R\u00e9daction Normandie Publi\u00e9 le 7 juin 2025 \u00e0 17h52 Pr\u00e8s de Rouen, le maire de Bois-l\u2019\u00c9v\u00eaque, Fr\u00e9d\u00e9ric&hellip;\n","protected":false},"author":2,"featured_media":158836,"comment_status":"","ping_status":"","sticky":false,"template":"","format":"standard","meta":{"footnotes":""},"categories":[9587],"tags":[1111,11,436,1777,674,1011,27,12,5161,1072,25,9590,104],"class_list":{"0":"post-158835","1":"post","2":"type-post","3":"status-publish","4":"format-standard","5":"has-post-thumbnail","7":"category-rouen","8":"tag-actu","9":"tag-actualites","10":"tag-environnement","11":"tag-eu","12":"tag-europe","13":"tag-fr","14":"tag-france","15":"tag-news","16":"tag-normandie","17":"tag-police","18":"tag-republique-francaise","19":"tag-rouen","20":"tag-societe"},"share_on_mastodon":{"url":"https:\/\/pubeurope.com\/@fr\/114643053159309735","error":""},"_links":{"self":[{"href":"https:\/\/www.europesays.com\/fr\/wp-json\/wp\/v2\/posts\/158835","targetHints":{"allow":["GET"]}}],"collection":[{"href":"https:\/\/www.europesays.com\/fr\/wp-json\/wp\/v2\/posts"}],"about":[{"href":"https:\/\/www.europesays.com\/fr\/wp-json\/wp\/v2\/types\/post"}],"author":[{"embeddable":true,"href":"https:\/\/www.europesays.com\/fr\/wp-json\/wp\/v2\/users\/2"}],"replies":[{"embeddable":true,"href":"https:\/\/www.europesays.com\/fr\/wp-json\/wp\/v2\/comments?post=158835"}],"version-history":[{"count":0,"href":"https:\/\/www.europesays.com\/fr\/wp-json\/wp\/v2\/posts\/158835\/revisions"}],"wp:featuredmedia":[{"embeddable":true,"href":"https:\/\/www.europesays.com\/fr\/wp-json\/wp\/v2\/media\/158836"}],"wp:attachment":[{"href":"https:\/\/www.europesays.com\/fr\/wp-json\/wp\/v2\/media?parent=158835"}],"wp:term":[{"taxonomy":"category","embeddable":true,"href":"https:\/\/www.europesays.com\/fr\/wp-json\/wp\/v2\/categories?post=158835"},{"taxonomy":"post_tag","embeddable":true,"href":"https:\/\/www.europesays.com\/fr\/wp-json\/wp\/v2\/tags?post=158835"}],"curies":[{"name":"wp","href":"https:\/\/api.w.org\/{rel}","templated":true}]}}