{"id":15885,"date":"2025-04-10T21:23:18","date_gmt":"2025-04-10T21:23:18","guid":{"rendered":"https:\/\/www.europesays.com\/fr\/15885\/"},"modified":"2025-04-10T21:23:18","modified_gmt":"2025-04-10T21:23:18","slug":"vous-allez-vous-facher-anne-elisabeth-lemoine-provoque-dominique-de-villepin-le-ton-monte","status":"publish","type":"post","link":"https:\/\/www.europesays.com\/fr\/15885\/","title":{"rendered":"\u201cVous allez vous f\u00e2cher\u2026\u201d : Anne-Elisabeth Lemoine provoque Dominique De Villepin, le ton monte"},"content":{"rendered":"<p>La crise mondiale actuelle est-elle un danger pour la d\u00e9mocratie<br \/>\n? C&rsquo;\u00e9tait la question (\u00e9pineuse) pos\u00e9e par Anne-\u00c9lisabeth dans<br \/>\n<a href=\"https:\/\/www.closermag.fr\/people\/une-theorie-du-complot-pierre-lescure-coupe-sechement-dans-c-a-vous-3535508\" rel=\"nofollow noopener\" target=\"_blank\"><br \/>\nC \u00e0 vous<\/a>. Pour tenter d&rsquo;y r\u00e9pondre, <strong>elle avait invit\u00e9<br \/>\nDominique de Villepin<\/strong>. L&rsquo;ancien Premier ministre de France<br \/>\narrive dans les meilleures dispositions. Il donne son analyse de la<br \/>\nsituation politique actuelle. Selon lui, <strong>\u00ab\u00a0on refuse de<br \/>\nregarder le r\u00e9el\u00a0\u00bb,<\/strong> parce \u00ab\u00a0c&rsquo;est difficile de<br \/>\ngouverner, \u00e7a demande de l&rsquo;exp\u00e9rience, il ne suffit pas d&rsquo;avoir<br \/>\nfait trois mois dans un minist\u00e8re\u00a0\u00bb, lance-t-il en r\u00e9f\u00e9rence \u00e0<br \/>\nEmmanuel Macron.<\/p>\n<p>Il n&rsquo;h\u00e9site pas non plus \u00e0 vilipender le Ministre de<br \/>\nl&rsquo;Int\u00e9rieur, Bruno Retailleau. Selon lui, <strong>ce dernier est<br \/>\nl&rsquo;as de la pol\u00e9mique.<\/strong> \u00ab\u00a0Il l&rsquo;a lui-m\u00eame reconnu,<br \/>\nd&rsquo;ailleurs, il a dit &lsquo;Ah, toutes les pol\u00e9miques de ces derniers<br \/>\nmois m&rsquo;ont servi'\u00a0\u00bb. Il fait r\u00e9f\u00e9rence \u00e0 une remarque du<br \/>\nMinistre de l&rsquo;Int\u00e9rieur lors une r\u00e9union publique en Vend\u00e9e dans le<br \/>\ncadre de l\u2019\u00e9lection \u00e0 la pr\u00e9sidence du parti Les R\u00e9publicains. Sauf<br \/>\nque <strong>la vraie citation se termine par \u00ab\u00a0pour parler aux<br \/>\nfran\u00e7ais\u00a0\u00bb<\/strong>, ce que ne manque pas de souligner <a href=\"https:\/\/www.closermag.fr\/people\/lepoque-a-change-patrick-cohen-remet-michel-drucker-en-place-gentiment-mais-surement-3534050\" rel=\"nofollow noopener\" target=\"_blank\"><br \/>\nPatrick Cohen<\/a>.<\/p>\n<p>Dominique de Villepin : \u00ab\u00a0Pas l\u00e0 pour faire des<br \/>\npol\u00e9miques&#8230;\u00a0\u00bb<\/p>\n<p>Dominique de Villepin r\u00e9p\u00e8te qu&rsquo;<strong>un ministre n&rsquo;est<br \/>\nnormalement<\/strong> <strong>\u00ab\u00a0pas l\u00e0 pour faire des pol\u00e9miques,<br \/>\nmais pour r\u00e9soudre des probl\u00e8mes\u00a0\u00bb<\/strong>. \u00ab\u00a0Il n&rsquo;est pas<br \/>\nl\u00e0 pour parler aux Fran\u00e7ais ?\u00a0\u00bb cherche \u00e0 savoir Babeth,<br \/>\ninsistante. Dominique de Villepin d\u00e9clame alors une \u00e9trange<br \/>\ncitation : \u00ab\u00a0Je vous montre les ailes, je suis l&rsquo;oiseau,<br \/>\nregardez ma queue, je suis le rat\u00a0\u00bb. Par le biais cette image<br \/>\nun brin \u00e9tonnante, <strong>il veut signifier qu&rsquo;entre les LR et son<br \/>\nposte de ministre, le coeur de Bruno Retailleau<br \/>\nvacille.\u00a0<\/strong><\/p>\n<p>La pr\u00e9sentatrice de l&rsquo;\u00e9mission tente de synth\u00e9tiser l&rsquo;id\u00e9e :<br \/>\n\u00ab\u00a0Vous opposez <strong>l&rsquo;hubris et l&rsquo;humilit\u00e9.<\/strong> Trop<br \/>\nd&rsquo;hubris, pas assez d&rsquo;humilit\u00e9 !\u00a0\u00bb. Survolt\u00e9, l&rsquo;invit\u00e9 continue<br \/>\nsa diatribe : \u00ab\u00a0J&rsquo;oppose aussi l&rsquo;action \u00e0 la fuite en avant<br \/>\n!\u00a0\u00bb<\/p>\n<p>Anne-\u00c9lisabeth Lemoine calme le<br \/>\njeu<\/p>\n<p>Dominique de Villepin embraye ensuite sur Laurent Wauquiez. Le 9<br \/>\navril, ce dernier a soumis l&rsquo;id\u00e9e de d\u00e9porter les OQTF \u00e0<br \/>\nSaint-Pierre-et-Miquelon, un archipel fran\u00e7ais d&rsquo;Am\u00e9rique du Nord.<br \/>\n\u00ab\u00a0On voit bien que <strong>c&rsquo;est une m\u00e9connaissance de la<br \/>\nr\u00e9alit\u00e9 de ce type de probl\u00e8me !<\/strong> (&#8230;) Pourquoi pas les<br \/>\nenvoyer aussi au Puy-en-Velay ?\u00a0\u00bb se moque l&rsquo;homme politique<br \/>\nsur France 5.<\/p>\n<p>\u00ab\u00a0Alors-l\u00e0, vous allez vous f\u00e2cher aussi avec le Puy-en-Velay<br \/>\n!\u00a0\u00bb le freine alors <a href=\"https:\/\/www.closermag.fr\/people\/si-vous-voulez-bien-le-laisser-finir-ses-phrases-echange-tendu-dans-c-a-vous-anne-elisabeth-lemoine-sevit-3533632\" rel=\"nofollow noopener\" target=\"_blank\"><br \/>\nBabeth<\/a>. Dominique Villepin \u00e9tant d\u00e9finitivement r\u00e9volt\u00e9 par<br \/>\nl&rsquo;attitude des personnages politiques actuels, l<strong>e ton<br \/>\ncontinue n\u00e9anmoins de monter<\/strong>.<\/p>\n","protected":false},"excerpt":{"rendered":"La crise mondiale actuelle est-elle un danger pour la d\u00e9mocratie ? C&rsquo;\u00e9tait la question (\u00e9pineuse) pos\u00e9e par Anne-\u00c9lisabeth&hellip;\n","protected":false},"author":2,"featured_media":15886,"comment_status":"","ping_status":"","sticky":false,"template":"","format":"standard","meta":{"footnotes":""},"categories":[1356],"tags":[548,5632,58,59,1011,27,252,1364],"class_list":{"0":"post-15885","1":"post","2":"type-post","3":"status-publish","4":"format-standard","5":"has-post-thumbnail","7":"category-television","8":"tag-article-simple","9":"tag-c-a-vous","10":"tag-divertissement","11":"tag-entertainment","12":"tag-fr","13":"tag-france","14":"tag-television","15":"tag-tv"},"share_on_mastodon":{"url":"https:\/\/pubeurope.com\/@fr\/114315775360853511","error":""},"_links":{"self":[{"href":"https:\/\/www.europesays.com\/fr\/wp-json\/wp\/v2\/posts\/15885","targetHints":{"allow":["GET"]}}],"collection":[{"href":"https:\/\/www.europesays.com\/fr\/wp-json\/wp\/v2\/posts"}],"about":[{"href":"https:\/\/www.europesays.com\/fr\/wp-json\/wp\/v2\/types\/post"}],"author":[{"embeddable":true,"href":"https:\/\/www.europesays.com\/fr\/wp-json\/wp\/v2\/users\/2"}],"replies":[{"embeddable":true,"href":"https:\/\/www.europesays.com\/fr\/wp-json\/wp\/v2\/comments?post=15885"}],"version-history":[{"count":0,"href":"https:\/\/www.europesays.com\/fr\/wp-json\/wp\/v2\/posts\/15885\/revisions"}],"wp:featuredmedia":[{"embeddable":true,"href":"https:\/\/www.europesays.com\/fr\/wp-json\/wp\/v2\/media\/15886"}],"wp:attachment":[{"href":"https:\/\/www.europesays.com\/fr\/wp-json\/wp\/v2\/media?parent=15885"}],"wp:term":[{"taxonomy":"category","embeddable":true,"href":"https:\/\/www.europesays.com\/fr\/wp-json\/wp\/v2\/categories?post=15885"},{"taxonomy":"post_tag","embeddable":true,"href":"https:\/\/www.europesays.com\/fr\/wp-json\/wp\/v2\/tags?post=15885"}],"curies":[{"name":"wp","href":"https:\/\/api.w.org\/{rel}","templated":true}]}}