{"id":158853,"date":"2025-06-07T16:43:14","date_gmt":"2025-06-07T16:43:14","guid":{"rendered":"https:\/\/www.europesays.com\/fr\/158853\/"},"modified":"2025-06-07T16:43:14","modified_gmt":"2025-06-07T16:43:14","slug":"la-pool-party-prend-leau-une-fete-privee-interdite-a-la-derniere-minute-par-la-ville-de-nice-on-vous-explique-pourquoi","status":"publish","type":"post","link":"https:\/\/www.europesays.com\/fr\/158853\/","title":{"rendered":"La pool party prend l\u2019eau: une f\u00eate priv\u00e9e interdite \u00e0 la derni\u00e8re minute par la Ville de Nice, on vous explique pourquoi"},"content":{"rendered":"<p>La pool party a pris l\u2019eau. Annonc\u00e9 sur les r\u00e9seaux sociaux il y a un mois, l\u2019\u00e9v\u00e9nement qui devait se tenir samedi 7 juin 2025 promettait un rassemblement festif: une ouverture d\u00e8s 14 heures, des tickets d\u2019entr\u00e9e entre 10 et 20 euros, une piscine, des transats, des cocktails, de la nourriture et cinq DJ \u00ab\u00a0qui se relaient jusqu\u2019\u00e0 4 heures du matin pour vous faire danser sous les \u00e9toiles\u00a0\u00bb. Le tout, dans une villa cossue du chemin de la Ginesti\u00e8re, sur les collines ouest de la ville.<\/p>\n<p>\u00c7a en fait r\u00eaver certains, mais pas tous. Quelques heures avant le d\u00e9but de la manifestation, le premier adjoint au maire d\u00e9l\u00e9gu\u00e9 \u00e0 la S\u00e9curit\u00e9, Anthony Borr\u00e9, et l\u2019adjoint d\u00e9l\u00e9gu\u00e9 au territoire Collines ni\u00e7oises, Ga\u00ebl Nofri, se sont d\u00e9plac\u00e9s pour notifier l\u2019arr\u00eat\u00e9 portant fermeture temporaire au public de la propri\u00e9t\u00e9. Durant 72 heures, personne ne peut y \u00eatre accueilli.<\/p>\n<p>Soulagement dans le quartier<\/p>\n<p>La raison? \u00ab\u00a0Des troubles r\u00e9it\u00e9r\u00e9s \u00e0 l\u2019ordre public, sant\u00e9, tranquillit\u00e9 publique li\u00e9s \u00e0 l\u2019\u00e9tablissement\u00a0\u00bb, fait savoir la collectivit\u00e9 en se basant sur de pr\u00e9c\u00e9dents contr\u00f4les et relev\u00e9s. \u00c0 plusieurs reprises, des voisins ont interpell\u00e9 les forces de l\u2019ordre et pouvoirs publics concernant des nuisances sonores \u00e9manant de cette adresse.<\/p>\n<p>\u00ab\u00a0C\u2019est un quartier r\u00e9sidentiel et, pourtant, cette villa est commercialis\u00e9e par des organisateurs de soir\u00e9es comme une discoth\u00e8que \u00e0 ciel ouvert. Ce n\u2019est pas la premi\u00e8re fois: l\u2019\u00e9t\u00e9 dernier, nous avons v\u00e9cu diff\u00e9rents mariages, anniversaires, etc. On a m\u00eame eu droit \u00e0 des feux d\u2019artifice et des lasers!\u00a0\u00bb, fait savoir un des voisins.<\/p>\n<p>\u00ab\u00a0La saison des pool partys d\u00e9bute et cela g\u00e9n\u00e8re de l\u2019inqui\u00e9tude. Les sonos sont \u00e0 fond d\u00e8s l\u2019apr\u00e8s-midi et toute la nuit. M\u00eame si l\u2019on ferme tout chez nous, les basses transpercent: on entend le boum, boum, boum. Certaines personnes qui disposent d\u2019une r\u00e9sidence secondaire partent passer la nuit ailleurs pour ne pas subir cela\u00a0\u00bb, poursuit-il en faisant part de son soulagement quant \u00e0 l\u2019op\u00e9ration men\u00e9e par les services: \u00ab\u00a0On est ravis de cette r\u00e9activit\u00e9. On esp\u00e8re maintenant que le calme va durer dans le temps.\u00a0\u00bb<\/p>\n<p>Contact\u00e9s, les organisateurs n\u2019ont pas encore donn\u00e9 suite \u00e0 nos sollicitations.<\/p>\n","protected":false},"excerpt":{"rendered":"La pool party a pris l\u2019eau. Annonc\u00e9 sur les r\u00e9seaux sociaux il y a un mois, l\u2019\u00e9v\u00e9nement qui&hellip;\n","protected":false},"author":2,"featured_media":158854,"comment_status":"","ping_status":"","sticky":false,"template":"","format":"standard","meta":{"footnotes":""},"categories":[2819],"tags":[1111,11,1777,674,118,1011,27,1757,12,2401,882,25],"class_list":{"0":"post-158853","1":"post","2":"type-post","3":"status-publish","4":"format-standard","5":"has-post-thumbnail","7":"category-nice","8":"tag-actu","9":"tag-actualites","10":"tag-eu","11":"tag-europe","12":"tag-faits-divers","13":"tag-fr","14":"tag-france","15":"tag-insolite","16":"tag-news","17":"tag-nice","18":"tag-provence-alpes-cote-dazur","19":"tag-republique-francaise"},"share_on_mastodon":{"url":"https:\/\/pubeurope.com\/@fr\/114643088456650985","error":""},"_links":{"self":[{"href":"https:\/\/www.europesays.com\/fr\/wp-json\/wp\/v2\/posts\/158853","targetHints":{"allow":["GET"]}}],"collection":[{"href":"https:\/\/www.europesays.com\/fr\/wp-json\/wp\/v2\/posts"}],"about":[{"href":"https:\/\/www.europesays.com\/fr\/wp-json\/wp\/v2\/types\/post"}],"author":[{"embeddable":true,"href":"https:\/\/www.europesays.com\/fr\/wp-json\/wp\/v2\/users\/2"}],"replies":[{"embeddable":true,"href":"https:\/\/www.europesays.com\/fr\/wp-json\/wp\/v2\/comments?post=158853"}],"version-history":[{"count":0,"href":"https:\/\/www.europesays.com\/fr\/wp-json\/wp\/v2\/posts\/158853\/revisions"}],"wp:featuredmedia":[{"embeddable":true,"href":"https:\/\/www.europesays.com\/fr\/wp-json\/wp\/v2\/media\/158854"}],"wp:attachment":[{"href":"https:\/\/www.europesays.com\/fr\/wp-json\/wp\/v2\/media?parent=158853"}],"wp:term":[{"taxonomy":"category","embeddable":true,"href":"https:\/\/www.europesays.com\/fr\/wp-json\/wp\/v2\/categories?post=158853"},{"taxonomy":"post_tag","embeddable":true,"href":"https:\/\/www.europesays.com\/fr\/wp-json\/wp\/v2\/tags?post=158853"}],"curies":[{"name":"wp","href":"https:\/\/api.w.org\/{rel}","templated":true}]}}