{"id":158855,"date":"2025-06-07T16:44:21","date_gmt":"2025-06-07T16:44:21","guid":{"rendered":"https:\/\/www.europesays.com\/fr\/158855\/"},"modified":"2025-06-07T16:44:21","modified_gmt":"2025-06-07T16:44:21","slug":"une-soiree-controversee-politique-petites-phrases-et-echos-par-la-redaction-de-presse","status":"publish","type":"post","link":"https:\/\/www.europesays.com\/fr\/158855\/","title":{"rendered":"Une soir\u00e9e controvers\u00e9e, politique\u2026\u00a0: petites phrases et \u00e9chos par la r\u00e9daction de Presse"},"content":{"rendered":"<p>Deux salles, deux ambiances<\/p>\n<p>Devant la Cit\u00e9 des congr\u00e8s, jeudi, deux soir\u00e9es aux ambiances tr\u00e8s diff\u00e9rentes, et deux tables distantes de quelques m\u00e8tres pour accueillir le public\u00a0: d\u2019un c\u00f4t\u00e9 les donateurs de la <a href=\"https:\/\/nantes.maville.com\/actu\/actudet_-nuit-du-bien-commun-a-nantes-des-heurts-et-sept-interpellations-lors-de-la-manifestation-_8-6840398_actu.Htm\" target=\"_self\" rel=\"noopener\">Nuit du bien commun<\/a>, gala de charit\u00e9 contest\u00e9 par des centaines de manifestants du fait des liens entre son fondateur et l\u2019extr\u00eame droite\u00a0; et de l\u2019autre, les fans de Florian Lex, venu donner son one man show. Les files d\u2019attente sont in\u00e9gales\u00a0: fournie c\u00f4t\u00e9 humoriste, parsem\u00e9e c\u00f4t\u00e9 gala. Tous m\u00e9diteront le pitch de <a href=\"https:\/\/florianlex.fr\/\" target=\"_self\" rel=\"noopener\">Florian Lex<\/a>\u00a0: \u00a0Il r\u00eave d\u2019un monde o\u00f9 les diktats de la soci\u00e9t\u00e9 et les embrouilles du quotidien n\u2019existent pas\u2026 Mais Florian sait que tout \u00e7a est impossible\u00a0\u00bb.<\/p>\n<p>Guillaume Richard agace<\/p>\n<p>Les propos tenus par Guillaume Richard (Presse Oc\u00e9an du vendredi 6\u00a0juin 2025) ne sont pas pass\u00e9s inaper\u00e7us, bien au contraire, du c\u00f4t\u00e9 de l\u2019opposition municipale. Certains se sont m\u00eame \u00e9trangl\u00e9s en lisant l\u2019article. \u00a0Quelle l\u00e9gitimit\u00e9 a-t-il\u00a0?\u00a0a d\u00e9clar\u00e9 un des \u00e9lus. \u00a0Il aurait \u00e9t\u00e9 bien plac\u00e9 sur la liste\u2026 l\u00e0 il va perdre au moins vingt places\u00a0a poursuivi un autre. En attendant, Foulques Chombart de Lauwe est toujours pour une primaire, Julien Bainvel y est toujours oppos\u00e9. \u00c0 droite d\u00e9cid\u00e9ment, c\u2019est je t\u2019aime moi non plus.<br \/>A LIRE AUSSI :<a href=\"https:\/\/nantes.maville.com\/actu\/actudet_-municipales-a-nantes.-agace-par-les-lr-il-se-verrait-bien-mener-la-liste-de-droite-et-du-centre-_8-6841460_actu.Htm\" target=\"_self\" rel=\"noopener\"> Municipales \u00e0 Nantes. Agac\u00e9 par les LR, il se verrait bien mener la liste de droite et du centre<\/a><\/p>\n<p>Municipales<\/p>\n<p>La campagne des \u00e9lections municipales est lanc\u00e9e \u00e0 Saint-Nazaire. Si le maire, David Samzun (PS), n\u2019est pas encore officiellement candidat, ses apparitions publiques n\u2019oublient pas l\u2019\u00e9ch\u00e9ance de 2026. Inaugurant l\u2019exposition de l\u2019\u00e9t\u00e9, d\u00e9di\u00e9e \u00e0 la reconstruction de la ville depuis la Seconde Guerre mondiale, David Samzun a affirm\u00e9\u00a0: \u00a0Tant que je serai acteur de cette ville, je me pr\u00e9senterai contre la violence, y compris port\u00e9e par des personnes qui se pr\u00e9sentent aux \u00e9lections\u00a0\u00bb. Reste \u00e0 deviner qui vise-t-il.<\/p>\n<p>Jumping<\/p>\n<p>Franck Louvrier, maire de La Baule et ancien directeur de la communication et des relations institutionnelles \u00e0 la Maison de la M\u00e9tropole Nice C\u00f4te d\u2019Azur, ne sera pas au lancement de la coalition de villes et r\u00e9gions c\u00f4ti\u00e8res, le 7\u00a0juin, en marge de la conf\u00e9rence des Nations unies sur l\u2019oc\u00e9an (Unoc). M\u00eame si c\u2019est son tr\u00e8s proche ami et premier \u00e9dile de Nice, Christian Estrosi, qui la pr\u00e9side. Non, ce n\u2019est pas que le sujet ne l\u2019int\u00e9resse pas. 100\u00a0millions d\u2019euros ont bien \u00e9t\u00e9 investis par la municipalit\u00e9 pour refaire le remblai, en partie contre l\u2019\u00e9rosion c\u00f4ti\u00e8re. Questionn\u00e9, Franck Louvrier a expliqu\u00e9 qu\u2019il ne pouvait tout simplement pas. Au m\u00eame moment, se tient un autre grand rendez-vous de port\u00e9e tout aussi mondiale\u00a0: le Jumping international de La Baule. Cela pourrait donner des id\u00e9es de tee-shirts \u00e0 certains entrepreneurs de la c\u00f4te\u00a0: \u00a0J\u2019peux pas, j\u2019ai Jumping\u00a0\u00bb.<\/p>\n<p>\u00a0<\/p>\n","protected":false},"excerpt":{"rendered":"Deux salles, deux ambiances Devant la Cit\u00e9 des congr\u00e8s, jeudi, deux soir\u00e9es aux ambiances tr\u00e8s diff\u00e9rentes, et deux&hellip;\n","protected":false},"author":2,"featured_media":158856,"comment_status":"","ping_status":"","sticky":false,"template":"","format":"standard","meta":{"footnotes":""},"categories":[2818],"tags":[1111,11,28988,17611,1777,674,1011,27,766,12,12517,2636,28989,867,316,4048,1833,25,953],"class_list":{"0":"post-158855","1":"post","2":"type-post","3":"status-publish","4":"format-standard","5":"has-post-thumbnail","7":"category-nantes","8":"tag-actu","9":"tag-actualites","10":"tag-controversee","11":"tag-echos","12":"tag-eu","13":"tag-europe","14":"tag-fr","15":"tag-france","16":"tag-nantes","17":"tag-news","18":"tag-ocean","19":"tag-pays-de-la-loire","20":"tag-petites","21":"tag-phrases","22":"tag-politique","23":"tag-presse","24":"tag-redaction","25":"tag-republique-francaise","26":"tag-soiree"},"share_on_mastodon":{"url":"https:\/\/pubeurope.com\/@fr\/114643092370950431","error":""},"_links":{"self":[{"href":"https:\/\/www.europesays.com\/fr\/wp-json\/wp\/v2\/posts\/158855","targetHints":{"allow":["GET"]}}],"collection":[{"href":"https:\/\/www.europesays.com\/fr\/wp-json\/wp\/v2\/posts"}],"about":[{"href":"https:\/\/www.europesays.com\/fr\/wp-json\/wp\/v2\/types\/post"}],"author":[{"embeddable":true,"href":"https:\/\/www.europesays.com\/fr\/wp-json\/wp\/v2\/users\/2"}],"replies":[{"embeddable":true,"href":"https:\/\/www.europesays.com\/fr\/wp-json\/wp\/v2\/comments?post=158855"}],"version-history":[{"count":0,"href":"https:\/\/www.europesays.com\/fr\/wp-json\/wp\/v2\/posts\/158855\/revisions"}],"wp:featuredmedia":[{"embeddable":true,"href":"https:\/\/www.europesays.com\/fr\/wp-json\/wp\/v2\/media\/158856"}],"wp:attachment":[{"href":"https:\/\/www.europesays.com\/fr\/wp-json\/wp\/v2\/media?parent=158855"}],"wp:term":[{"taxonomy":"category","embeddable":true,"href":"https:\/\/www.europesays.com\/fr\/wp-json\/wp\/v2\/categories?post=158855"},{"taxonomy":"post_tag","embeddable":true,"href":"https:\/\/www.europesays.com\/fr\/wp-json\/wp\/v2\/tags?post=158855"}],"curies":[{"name":"wp","href":"https:\/\/api.w.org\/{rel}","templated":true}]}}