{"id":158857,"date":"2025-06-07T16:45:20","date_gmt":"2025-06-07T16:45:20","guid":{"rendered":"https:\/\/www.europesays.com\/fr\/158857\/"},"modified":"2025-06-07T16:45:20","modified_gmt":"2025-06-07T16:45:20","slug":"le-programme-complet-a-nantes-big-city-nantes","status":"publish","type":"post","link":"https:\/\/www.europesays.com\/fr\/158857\/","title":{"rendered":"Le programme complet \u00e0 Nantes ! \u2013 Big City Nantes"},"content":{"rendered":"<p>En ce mois des fiert\u00e9s,<strong> la Pride<\/strong> fait son retour ce <strong>samedi 14 juin<\/strong> \u00e0 partir de <strong>11h<\/strong> dans les rues de Nantes ! C\u2019est l\u2019\u00e9v\u00e9nement festif qui permet \u00e0 des milliers de personnes d\u2019apporter leur <strong>soutien \u00e0 la communaut\u00e9 LGBTQIA+.\u00a0<\/strong>En 2025, la Pride est bien plus qu\u2019une simple date festive et color\u00e9e. Elle incarne un symbole de la lutte continue pour l\u2019\u00e9galit\u00e9 et la visibilit\u00e9 des personnes LGBTQIA+ \u00e0 travers le monde, mais aussi de l\u2019inclusion de toutes les identit\u00e9s.<strong> Marche des fiert\u00e9s, After Pride, Drag shows\u2026 On t\u2019annonce le programme de la Pride 2025 \u00e0 Nantes,<\/strong> suis-nous ! \ud83d\ude09<\/p>\n<p>La Pride 2025 s\u2019empare des rues de Nantes le samedi 14 juin 2025 !<img loading=\"lazy\" decoding=\"async\" width=\"680\" height=\"510\" src=\"https:\/\/www.europesays.com\/fr\/wp-content\/uploads\/2025\/06\/Pride-2025-a-Nantes.png\" alt=\"Pride 2025 a\u0300 Nantes \u00a9Enzo Legrand\" class=\"lazyload wp-image-115095\"  data-\/>Pride 2025 a\u0300 Nantes \u00a9Enzo Legrand<\/p>\n<p>NOSIG, centre LGBTQIA+ de Nantes et organisateur de la Pride, rappelle ses revendications cette ann\u00e9e : \u00ab Au-del\u00e0 des questions d\u2019identit\u00e9 sexuelle ou de genre, les revendications que nous portons pour cette pride s\u2019\u00e9tendent \u00e0 une lutte des classes plus globale, pour la fin du racisme syst\u00e9mique, la fin de l\u2019islamophobie, de l\u2019antis\u00e9mtisme, pour l\u2019\u00e9galit\u00e9 de traitement dans les institutions et au sein des espaces LGBTQIA+ eux-m\u00eames. \u00bb.<\/p>\n<p>Les festivit\u00e9s d\u00e9buteront au\u00a0<strong>cours Saint-Andr\u00e9<\/strong>, avec un <strong>village associati<\/strong>f, des ateliers, animations et goodies sur place <strong>de 11h \u00e0 19h<\/strong>.<\/p>\n<p>La <strong>marche des fiert\u00e9s<\/strong> d\u00e9butera quant \u00e0 elle \u00e0 <strong>14h30<\/strong> au d\u00e9part de la place Foch et promet de colorer les rues de Nantes \ud83c\udf08. Pr\u00e8s de 12 000 personnes sont attendues et une douzaine de chars sont d\u00e9j\u00e0 pr\u00eats \u00e0 te faire danser tout l\u2019apr\u00e8s-midi \u00e0 Nantes !<\/p>\n<p>O\u00f9 sortir \u00e0 Nantes apr\u00e8s la Pride 2025 ?<img loading=\"lazy\" decoding=\"async\" width=\"680\" height=\"510\" src=\"https:\/\/www.europesays.com\/fr\/wp-content\/uploads\/2025\/06\/After-Pride-\u00a9Warehouse-ftne.png\" alt=\"After Pride \u00a9Warehouse ftne\" class=\"lazyload wp-image-115098\"  data-\/>After Pride \u00a9Warehouse ftneLa soir\u00e9e officielle de l\u2019After Pride au Warehouse<\/p>\n<p>Pour cl\u00f4turer la journ\u00e9e en beaut\u00e9, retrouve <strong>la soir\u00e9e officielle de l\u2019After Pride<\/strong> au <strong>Warehouse<\/strong> <strong>\u00e0 partir de 00h<\/strong>. Au programme : des drag shows propos\u00e9s par Norma Bell, L\u2019Imp\u00e9ratrice, Lador\u00e9e, et La Baphomette, et des DJ sets g\u00e9n\u00e9ralistes et EBM\/Transe\/Techno\u2026 et plein d\u2019autres surprises. Tu vas adorer !<\/p>\n<p>Les soir\u00e9es propos\u00e9es par les lieux du Collectif Culture Bar-Bars<\/p>\n<p>Les lieux du <strong>Collectif Culture Bar-Bars<\/strong>, en partenariat avec Nosig, proposeront des drag shows, concerts, performances pour finir la soir\u00e9e en beaut\u00e9 ! \u00c0 cette occasion, Big City te donne quelques pistes o\u00f9 faire la f\u00eate pour l\u2019After Pride !<\/p>\n<p>Little Atlantic Brewery<\/p>\n<p>Le char des collectifs Noctem, Fr\u00e9n\u00e9sie &amp; Lena d\u00e9barque sur la terrasse du LAB <strong>d\u00e8s 19h<\/strong>, en direct de la pride ! Retrouve aussi un ap\u00e9ro DJ set avec des B2B explosifs entre collectifs avec Zaatar (Ritmo Fatale \/ Dischi Autunno) en super guest, des performances drag &amp; queer et bien s\u00fbr paillettes \u00e0 volont\u00e9 !<\/p>\n<p>Magmaa<\/p>\n<p>En partenariat avec House of Drama, retrouve chez Magmaa une soir\u00e9e<strong> Deep dating d\u00e8s 18h <\/strong>anim\u00e9e par Shigella, suivie d\u2019un<strong> Dj set <\/strong>de Sweet Mama Cosma puis d\u2019une <strong>soir\u00e9e rencontre<\/strong> en musique.<\/p>\n<p>La Chaumi\u00e8re<\/p>\n<p>Au programme pour cet After Pride : expo queer, drags shows avec Sacha Miskina et Zol Pidenn, DJ Set avec le DJ officiel de la Pride Matt, paillettes, tattoos\u2026 le tout en open air sur la belle terrasse de La Chaumi\u00e8re !<\/p>\n<p>Mais aussi\u2026<\/p>\n<ul class=\"wp-block-list\">\n<li>Un <strong>karaogay<\/strong> au bar Le Sauvage<\/li>\n<li>Un <strong>blindtest et mini show drag <\/strong>au Live Bar<\/li>\n<li>Un <strong>comedy queerz<\/strong> chez Les Impertinant.es<\/li>\n<\/ul>\n<p>Et si jamais tu veux conna\u00eetre le programme des autres bars du collectif, c\u2019est juste en dessous \ud83d\ude09<\/p>\n<p>Alors, tu as h\u00e2te ? \ud83c\udf89\ud83c\udff3\ufe0f\u200d\ud83c\udf08<\/p>\n<p class=\"has-white-color has-text-color has-background\"> <strong> Infos pratiques<\/strong> <\/p>\n<p><strong>O\u00f9 ?<\/strong>\u00a0\u00a0Nantes<br \/><strong>Quand ?<\/strong>\u00a0\u00a0Samedi 14 juin<br \/><strong>Horaire(s)<\/strong>\u00a0\u00a0Toute ka journ\u00e9e (et la nuit !!)<\/p>\n","protected":false},"excerpt":{"rendered":"En ce mois des fiert\u00e9s, la Pride fait son retour ce samedi 14 juin \u00e0 partir de 11h&hellip;\n","protected":false},"author":2,"featured_media":158858,"comment_status":"","ping_status":"","sticky":false,"template":"","format":"standard","meta":{"footnotes":""},"categories":[2818],"tags":[1111,11,16694,4157,15347,1777,674,1011,27,766,12,2636,25,1669,4064],"class_list":{"0":"post-158857","1":"post","2":"type-post","3":"status-publish","4":"format-standard","5":"has-post-thumbnail","7":"category-nantes","8":"tag-actu","9":"tag-actualites","10":"tag-defile","11":"tag-dj-sets","12":"tag-drag-queen","13":"tag-eu","14":"tag-europe","15":"tag-fr","16":"tag-france","17":"tag-nantes","18":"tag-news","19":"tag-pays-de-la-loire","20":"tag-republique-francaise","21":"tag-sorties","22":"tag-week-end"},"share_on_mastodon":{"url":"https:\/\/pubeurope.com\/@fr\/114643096518733926","error":""},"_links":{"self":[{"href":"https:\/\/www.europesays.com\/fr\/wp-json\/wp\/v2\/posts\/158857","targetHints":{"allow":["GET"]}}],"collection":[{"href":"https:\/\/www.europesays.com\/fr\/wp-json\/wp\/v2\/posts"}],"about":[{"href":"https:\/\/www.europesays.com\/fr\/wp-json\/wp\/v2\/types\/post"}],"author":[{"embeddable":true,"href":"https:\/\/www.europesays.com\/fr\/wp-json\/wp\/v2\/users\/2"}],"replies":[{"embeddable":true,"href":"https:\/\/www.europesays.com\/fr\/wp-json\/wp\/v2\/comments?post=158857"}],"version-history":[{"count":0,"href":"https:\/\/www.europesays.com\/fr\/wp-json\/wp\/v2\/posts\/158857\/revisions"}],"wp:featuredmedia":[{"embeddable":true,"href":"https:\/\/www.europesays.com\/fr\/wp-json\/wp\/v2\/media\/158858"}],"wp:attachment":[{"href":"https:\/\/www.europesays.com\/fr\/wp-json\/wp\/v2\/media?parent=158857"}],"wp:term":[{"taxonomy":"category","embeddable":true,"href":"https:\/\/www.europesays.com\/fr\/wp-json\/wp\/v2\/categories?post=158857"},{"taxonomy":"post_tag","embeddable":true,"href":"https:\/\/www.europesays.com\/fr\/wp-json\/wp\/v2\/tags?post=158857"}],"curies":[{"name":"wp","href":"https:\/\/api.w.org\/{rel}","templated":true}]}}