{"id":158861,"date":"2025-06-07T16:47:15","date_gmt":"2025-06-07T16:47:15","guid":{"rendered":"https:\/\/www.europesays.com\/fr\/158861\/"},"modified":"2025-06-07T16:47:15","modified_gmt":"2025-06-07T16:47:15","slug":"mercato-famady-diaby-annonce-son-depart-des-girondins-de-bordeaux","status":"publish","type":"post","link":"https:\/\/www.europesays.com\/fr\/158861\/","title":{"rendered":"Mercato : Famady Diaby annonce son d\u00e9part des Girondins de Bordeaux"},"content":{"rendered":"<p><img decoding=\"async\" src=\"https:\/\/www.europesays.com\/fr\/wp-content\/uploads\/2025\/06\/671_e377daa532702af9db8df4ac4494caab.jpg\" alt=\"Mercato : Famady Diaby annonce son d\u00e9part des Girondins de Bordeaux\" class=\"img-responsive mt-3\"\/><\/p>\n<p class=\"text-center mb-3\" style=\"font-size: 14px\">\u00a9 Iconsport<\/p>\n<p style=\"text-align: justify;\">Famady Diaby a jou\u00e9 24 matchs cette saison avec les Girondins de Bordeaux , dont 9 en National 2 pour un total de 6 buts et une passe d\u00e9cisive.<\/p>\n<p style=\"text-align: justify;\">Voici son message publi\u00e9 :<\/p>\n<p>\u00ab\u00a0Je souhaite adresser un grand merci aux Girondins de Bordeaux pour cette saison v\u00e9cue, ce fut plein d\u2019enseignements, d\u2019\u00e9motions et de moments forts partag\u00e9s . D\u00e8s mon arriv\u00e9e, j\u2019ai senti \u00e0 quel point porter ce maillot \u00e9tait un honneur, et je suis profond\u00e9ment fier et reconnaissant.<\/p>\n<p style=\"text-align: justify;\">Un immense merci et un salut chaleureux aux supporters : votre pr\u00e9sence, votre passion et votre fid\u00e9lit\u00e9, que ce soit \u00e0 domicile ou \u00e0 l\u2019ext\u00e9rieur, ont \u00e9t\u00e9 une vraie force pour nous. Merci de nous avoir soutenus dans les bons comme dans les moments plus difficiles.<\/p>\n<p style=\"text-align: justify;\">Merci \u00e9galement aux coachs, \u00e0 mes co\u00e9quipiers et \u00e0 tout le club pour votre accompagnement et votre bienveillance.\u00a0\u00bb<\/p>\n<p style=\"text-align: justify;\">Issam Ben Khemis a lui aussi annonc\u00e9 qu&rsquo;il ne restait pas aux Girondins de Bordeaux.<\/p>\n<p>Son post :<\/p>\n<p><img decoding=\"async\" src=\"https:\/\/www.europesays.com\/fr\/wp-content\/uploads\/2025\/06\/Capture d\u2019e\u0301cran 2025-06-07 a\u0300 15.58.41.png\" alt=\"Capture d\u2019e\u0301cran 2025-06-07 a\u0300 15.58.41.png (169 KB)\" style=\"width:700px;max-width:100%;\"\/><\/p>\n<p>\u00c0 lire &gt;&gt; <strong><a href=\"https:\/\/www.webgirondins.com\/actualite-girondins-girondins-le-plan-de-gerard-lopez-leake-bruno-fievet-denonce-des-chiffres-grotesques-129282\" target=\"_blank\" rel=\"noopener\">Girondins : Le plan de G\u00e9rard Lopez leak\u00e9, Bruno Fievet d\u00e9nonce des \u00ab\u00a0chiffres grotesques\u00a0\u00bb<\/a><\/strong><\/p>\n<p>Notre podcast court \u00e0 \u00e9couter :<\/p>\n<p>\u00a0<\/p>\n<p>\u00a0<\/p>\n","protected":false},"excerpt":{"rendered":"\u00a9 Iconsport Famady Diaby a jou\u00e9 24 matchs cette saison avec les Girondins de Bordeaux , dont 9&hellip;\n","protected":false},"author":2,"featured_media":158862,"comment_status":"","ping_status":"","sticky":false,"template":"","format":"standard","meta":{"footnotes":""},"categories":[2817],"tags":[1111,11,2562,15200,1997,5244,3985,4431,14571,1777,674,28990,1011,27,1987,18391,1434,12413,12,4565,2219,28991,959,25,2421,801,3945],"class_list":{"0":"post-158861","1":"post","2":"type-post","3":"status-publish","4":"format-standard","5":"has-post-thumbnail","7":"category-bordeaux","8":"tag-actu","9":"tag-actualites","10":"tag-annonce","11":"tag-arrive","12":"tag-bordeaux","13":"tag-club","14":"tag-depart","15":"tag-dernier","16":"tag-diaby","17":"tag-eu","18":"tag-europe","19":"tag-famady","20":"tag-fr","21":"tag-france","22":"tag-girondins","23":"tag-linkedin","24":"tag-mercato","25":"tag-milieu","26":"tag-news","27":"tag-nouveau","28":"tag-nouvelle-aquitaine","29":"tag-quittait","30":"tag-recherche","31":"tag-republique-francaise","32":"tag-reseau","33":"tag-social","34":"tag-terrain"},"share_on_mastodon":{"url":"https:\/\/pubeurope.com\/@fr\/114643104207329738","error":""},"_links":{"self":[{"href":"https:\/\/www.europesays.com\/fr\/wp-json\/wp\/v2\/posts\/158861","targetHints":{"allow":["GET"]}}],"collection":[{"href":"https:\/\/www.europesays.com\/fr\/wp-json\/wp\/v2\/posts"}],"about":[{"href":"https:\/\/www.europesays.com\/fr\/wp-json\/wp\/v2\/types\/post"}],"author":[{"embeddable":true,"href":"https:\/\/www.europesays.com\/fr\/wp-json\/wp\/v2\/users\/2"}],"replies":[{"embeddable":true,"href":"https:\/\/www.europesays.com\/fr\/wp-json\/wp\/v2\/comments?post=158861"}],"version-history":[{"count":0,"href":"https:\/\/www.europesays.com\/fr\/wp-json\/wp\/v2\/posts\/158861\/revisions"}],"wp:featuredmedia":[{"embeddable":true,"href":"https:\/\/www.europesays.com\/fr\/wp-json\/wp\/v2\/media\/158862"}],"wp:attachment":[{"href":"https:\/\/www.europesays.com\/fr\/wp-json\/wp\/v2\/media?parent=158861"}],"wp:term":[{"taxonomy":"category","embeddable":true,"href":"https:\/\/www.europesays.com\/fr\/wp-json\/wp\/v2\/categories?post=158861"},{"taxonomy":"post_tag","embeddable":true,"href":"https:\/\/www.europesays.com\/fr\/wp-json\/wp\/v2\/tags?post=158861"}],"curies":[{"name":"wp","href":"https:\/\/api.w.org\/{rel}","templated":true}]}}