{"id":158865,"date":"2025-06-07T16:49:21","date_gmt":"2025-06-07T16:49:21","guid":{"rendered":"https:\/\/www.europesays.com\/fr\/158865\/"},"modified":"2025-06-07T16:49:21","modified_gmt":"2025-06-07T16:49:21","slug":"exclu-star-de-lete-la-peniche-horizon-reste-finalement-a-toulouse-et-promet-du-changement","status":"publish","type":"post","link":"https:\/\/www.europesays.com\/fr\/158865\/","title":{"rendered":"EXCLU. Star de l&rsquo;\u00e9t\u00e9, la p\u00e9niche Horizon reste finalement \u00e0 Toulouse et promet du changement"},"content":{"rendered":"<p>            Par<br \/>\n        <strong><br \/>\n            <a href=\"https:\/\/actu.fr\/auteur\/gabriel-kenedi\" title=\"Consulter tous les articles de Gabriel Kenedi\" target=\"_blank\" rel=\"noopener\">Gabriel Kenedi<\/a><br \/>\n        <\/strong><\/p>\n<p>        Publi\u00e9 le<\/p>\n<p>            7 juin 2025 \u00e0 17h02<br \/>\n        ; mis \u00e0 jour le 7 juin 2025 \u00e0 17h51    <\/p>\n<p>Elle devait quitter la Ville rose pour aller<a href=\"https:\/\/actu.fr\/occitanie\/toulouse_31555\/symbole-du-tourisme-et-star-de-l-ete-la-peniche-horizon-va-quitter-toulouse_61293569.html\" target=\"_blank\" rel=\"noopener\"> vers d\u2019autres contr\u00e9es<\/a>\u2026 mais finalement,<strong> la p\u00e9niche Horizon<\/strong>, \u00e9tablissement star de l\u2019\u00e9t\u00e9, est de retour pour (au moins) une nouvelle saison \u00e0 Toulouse. On vous dit quand elle ouvre.\u00a0<\/p>\n<p>La p\u00e9niche une saison de plus (au moins) \u00e0 Toulouse<\/p>\n<p class=\" wall-content\">En l\u2019espace de quatre ans, la p\u00e9niche Horizon est devenue <strong>un symbole de l\u2019\u00e9t\u00e9<\/strong> et une star de la saison touristique \u00e0 Toulouse.<\/p>\n<p class=\" wall-content\">\u00ab\u00a0Il \u00e9tait pr\u00e9vu que l\u2019on parte \u00e0 Bordeaux, mais pour diverses raisons, \u00e7a ne s\u2019est pas fait. Et surtout, au moment o\u00f9 on a annonc\u00e9 notre d\u00e9part, on a re\u00e7u de tr\u00e8s nombreux messages des Toulousains qui nous demandaient de rester. \u00c7a nous a fait r\u00e9fl\u00e9chir, et on a donc d\u00e9cid\u00e9 de rester <strong>au moins une saison suppl\u00e9mentaire<\/strong> \u00e0 Toulouse\u00a0\u00bb, explique Ludovic Sonneman, l\u2019un des deux g\u00e9rants de la p\u00e9niche, \u00e0 Actu Toulouse.\u00a0<\/p>\n<p>Ouverture de la saison le 1er juillet\u00a0<\/p>\n<p class=\" wall-content\">La p\u00e9niche Horizon \u2013 qui propose des ap\u00e9ros et <strong>des d\u00eeners croisi\u00e8re<\/strong> sur la Garonne \u2013 rouvrira donc ses portes au grand public <strong>\u00e0 partir du 1er juillet 2025.<\/strong> Le lieu ne change pas et il est toujours aussi enchanteur : le bateau sera toujours amarr\u00e9 <strong>au port Viguerie<\/strong>, juste \u00e0 c\u00f4t\u00e9 de la guinguette Racines.\u00a0<\/p>\n<p>Vid\u00e9os : en ce moment sur Actu<\/p>\n<p class=\" wall-content\">En revanche, le concept, lui, a \u00e9t\u00e9 totalement revu. \u00ab\u00a0On avait envie de changement et d\u2019offrir aux Toulousains <strong>une nouvelle exp\u00e9rience<\/strong>, plus immersive, <strong>autour de l\u2019univers de la piraterie<\/strong>\u00ab\u00a0, ajoute Ludovic Sonneman.<\/p>\n<p>Un nouveau look qui va surprendre\u00a0<\/p>\n<p class=\" wall-content\">Un univers \u00ab\u00a0pirate\u00a0\u00bb totalement assum\u00e9, jusque <strong>sur la coque du bateau<\/strong>, qui a \u00e9t\u00e9 totalement customis\u00e9e par un street-artiste des Hautes-Pyr\u00e9n\u00e9es, qui a dessin\u00e9 sur l\u2019ext\u00e9rieur de la p\u00e9niche <strong>un gigantesque kraken<\/strong> (une cr\u00e9ature fantastique issue des l\u00e9gendes scandinaves m\u00e9di\u00e9vales, ndlr).\u00a0<\/p>\n<p class=\" wall-content\">Les g\u00e9rants pr\u00e9f\u00e8rent garder un peu de myst\u00e8re <strong>sur le look de leur p\u00e9niche<\/strong>. \u00ab\u00a0On ne va pas tout d\u00e9voiler aujourd\u2019hui, mais la p\u00e9niche ne ressemblera pas du tout \u00e0 ce que l\u2019on proposait les autres ann\u00e9es. M\u00eame notre playlist sera d\u00e9di\u00e9e \u00e0 l\u2019univers de la navigation ! Et le personnel sera habill\u00e9 en cons\u00e9quence !\u00a0\u00bb.\u00a0<\/p>\n<p>Des croisi\u00e8res, encore et toujours\u00a0<\/p>\n<p class=\" wall-content\">Si l\u2019esth\u00e9tique change, le concept qui a fait <strong>le succ\u00e8s d\u2019Horizon<\/strong> reste le m\u00eame : le bateau proposera toujours <strong>des d\u00eeners croisi\u00e8res<\/strong> (ticket d\u2019entr\u00e9e de 17 euros le soir), du mardi au dimanche, de 20h45 \u00e0 22h45. Et proposera sur place, une s\u00e9lection de tapas, allant de 6 \u00e0 14\u20ac, ainsi qu\u2019un<strong> bar \u00e0 cocktails<\/strong>.\u00a0<\/p>\n<p class=\" wall-content\">Il sera \u00e9galement possible de profiter <strong>d\u2019un ap\u00e9ro croisi\u00e8re<\/strong>, du jeudi au samedi, de 18h30 \u00e0 19h30, pour une heure de navigation en plein c\u0153ur de Toulouse (ticket d\u2019entr\u00e9e \u00e0 10 euros).\u00a0<\/p>\n<p class=\" wall-content\">La p\u00e9niche sera ouverte jusqu\u2019au 31 ao\u00fbt 2025. Et les r\u00e9servations sont possibles d\u00e8s \u00e0 pr\u00e9sent <a href=\"https:\/\/www.peniche-horizon.fr\/\" target=\"_blank\" rel=\"noopener\">sur le site de la p\u00e9niche Horizon<\/a>.\u00a0<\/p>\n<p>P\u00e9niche Horizon. Ouverture du 1er juillet au 31 ao\u00fbt 2025, au Port Viguerie, \u00e0 Toulouse.\u00a0<\/p>\n<p class=\" wall-content\">Suivez toute l\u2019actualit\u00e9 de vos villes et m\u00e9dias favoris en vous inscrivant \u00e0 <a href=\"https:\/\/moncompte.actu.fr\" title=\"D\u00e9couvez Mon Actu\" rel=\"nofollow noopener\" data-trk=\"{&quot;cta&quot;:{&quot;action&quot;:&quot;https:\\\/\\\/moncompte.actu.fr&quot;,&quot;category&quot;:&quot;mon compte&quot;,&quot;from&quot;:&quot;article footer&quot;,&quot;name&quot;:&quot;Mon actu&quot;,&quot;type&quot;:&quot;cta&quot;}}\" target=\"_blank\">Mon Actu<\/a>.<\/p>\n<ul class=\"ac-article-tag wall-content\">\n<li><a href=\"https:\/\/actu.fr\/tag\/guinguettes-a-toulouse\" data-trk=\"{&quot;cta&quot;:{&quot;action&quot;:&quot;Guinguettes \\u00e0 Toulouse&quot;,&quot;category&quot;:&quot;tag&quot;,&quot;from&quot;:&quot;article footer&quot;,&quot;name&quot;:&quot;Guinguettes \\u00e0 Toulouse&quot;,&quot;type&quot;:&quot;cta&quot;}}\" target=\"_blank\" rel=\"noopener\">#Guinguettes \u00e0 Toulouse<\/a><\/li>\n<li><a href=\"https:\/\/actu.fr\/tag\/sortir-a-toulouse\" data-trk=\"{&quot;cta&quot;:{&quot;action&quot;:&quot;Sortir \\u00e0 Toulouse&quot;,&quot;category&quot;:&quot;tag&quot;,&quot;from&quot;:&quot;article footer&quot;,&quot;name&quot;:&quot;Sortir \\u00e0 Toulouse&quot;,&quot;type&quot;:&quot;cta&quot;}}\" target=\"_blank\" rel=\"noopener\">#Sortir \u00e0 Toulouse<\/a><\/li>\n<\/ul>\n","protected":false},"excerpt":{"rendered":"Par Gabriel Kenedi Publi\u00e9 le 7 juin 2025 \u00e0 17h02 ; mis \u00e0 jour le 7 juin 2025&hellip;\n","protected":false},"author":2,"featured_media":158866,"comment_status":"","ping_status":"","sticky":false,"template":"","format":"standard","meta":{"footnotes":""},"categories":[2816],"tags":[1111,11,1777,674,1011,27,14574,1652,12,2680,25,1341,2312],"class_list":{"0":"post-158865","1":"post","2":"type-post","3":"status-publish","4":"format-standard","5":"has-post-thumbnail","7":"category-toulouse","8":"tag-actu","9":"tag-actualites","10":"tag-eu","11":"tag-europe","12":"tag-fr","13":"tag-france","14":"tag-guinguettes-a-toulouse","15":"tag-loisirs-culture","16":"tag-news","17":"tag-occitanie","18":"tag-republique-francaise","19":"tag-sortir-a-toulouse","20":"tag-toulouse"},"share_on_mastodon":{"url":"https:\/\/pubeurope.com\/@fr\/114643112056151268","error":""},"_links":{"self":[{"href":"https:\/\/www.europesays.com\/fr\/wp-json\/wp\/v2\/posts\/158865","targetHints":{"allow":["GET"]}}],"collection":[{"href":"https:\/\/www.europesays.com\/fr\/wp-json\/wp\/v2\/posts"}],"about":[{"href":"https:\/\/www.europesays.com\/fr\/wp-json\/wp\/v2\/types\/post"}],"author":[{"embeddable":true,"href":"https:\/\/www.europesays.com\/fr\/wp-json\/wp\/v2\/users\/2"}],"replies":[{"embeddable":true,"href":"https:\/\/www.europesays.com\/fr\/wp-json\/wp\/v2\/comments?post=158865"}],"version-history":[{"count":0,"href":"https:\/\/www.europesays.com\/fr\/wp-json\/wp\/v2\/posts\/158865\/revisions"}],"wp:featuredmedia":[{"embeddable":true,"href":"https:\/\/www.europesays.com\/fr\/wp-json\/wp\/v2\/media\/158866"}],"wp:attachment":[{"href":"https:\/\/www.europesays.com\/fr\/wp-json\/wp\/v2\/media?parent=158865"}],"wp:term":[{"taxonomy":"category","embeddable":true,"href":"https:\/\/www.europesays.com\/fr\/wp-json\/wp\/v2\/categories?post=158865"},{"taxonomy":"post_tag","embeddable":true,"href":"https:\/\/www.europesays.com\/fr\/wp-json\/wp\/v2\/tags?post=158865"}],"curies":[{"name":"wp","href":"https:\/\/api.w.org\/{rel}","templated":true}]}}