{"id":158867,"date":"2025-06-07T16:50:09","date_gmt":"2025-06-07T16:50:09","guid":{"rendered":"https:\/\/www.europesays.com\/fr\/158867\/"},"modified":"2025-06-07T16:50:09","modified_gmt":"2025-06-07T16:50:09","slug":"dans-le-vieux-lille-nectar-propose-des-degustations-de-vins-savoureuses-pour-les-passionnes","status":"publish","type":"post","link":"https:\/\/www.europesays.com\/fr\/158867\/","title":{"rendered":"Dans le Vieux-Lille, Nectar propose des d\u00e9gustations de vins savoureuses pour les passionn\u00e9s"},"content":{"rendered":"<p>            Par<br \/>\n        <strong><br \/>\n            <a href=\"https:\/\/actu.fr\/auteur\/redaction-lille\" title=\"Consulter tous les articles de R\u00e9daction Lille\" target=\"_blank\" rel=\"noopener\">R\u00e9daction Lille<\/a><br \/>\n        <\/strong><\/p>\n<p>        Publi\u00e9 le<\/p>\n<p>            7 juin 2025 \u00e0 18h40        <\/p>\n<p>Install\u00e9 <b>rue Royale<\/b>, <b>Nectar<\/b> est l\u2019adresse incontournable pour les <b>amateurs de bons crus<\/b> \u00e0 <a href=\"https:\/\/actu.fr\/lille\/\" target=\"_blank\" rel=\"noopener\">Lille<\/a>. Imagin\u00e9 par Marie Dupire, une passionn\u00e9e qui aime <b>rendre le vin accessible<\/b>, le lieu mise sur la <b>d\u00e9couverte<\/b>, la <b>convivialit\u00e9<\/b> et une <b>s\u00e9lection soign\u00e9e<\/b>. <b>D\u00e9gustations sur place, bar \u00e0 vin, \u00e9v\u00e9nements priv\u00e9s<\/b>, le concept s\u2019adapte \u00e0 toutes les envies. Et pour la <b>f\u00eate des p\u00e8res<\/b>, une belle surprise est pr\u00e9vue.<\/p>\n<p>Des d\u00e9gustations d\u2019exception pour tous les palais<\/p>\n<p class=\" wall-content\">Pour s\u2019initier ou pour faire de nouvelles d\u00e9couvertes, l\u2019\u00e9tablissement propose trois formules de d\u00e9gustations :<\/p>\n<ul class=\" wall-content\">\n<li><b>Vin de potes (49\u20ac)<\/b> : une s\u00e9lection accessible et conviviale pour d\u00e9couvrir des vins de copains au bon rapport qualit\u00e9-prix.<\/li>\n<li><b>D\u00e9couverte de vignerons (69\u20ac)<\/b> : des r\u00e9f\u00e9rences plus gastronomiques, id\u00e9ales pour les curieux ou les amateurs avertis.<\/li>\n<li><b>Vin de garde (89\u20ac)<\/b> : des bouteilles rares et confidentielles, difficiles \u00e0 d\u00e9nicher par soi-m\u00eame.<\/li>\n<\/ul>\n<p class=\" wall-content\"><b>Pendant 2 heures, 5 vins sont propos<\/b><b>\u00e9s aux participants<\/b>, accompagn\u00e9s d<b>\u2018assiettes de fromages, de charcuterie<\/b>, et autres mets soigneusement s\u00e9lectionn\u00e9s. Pour ceux ayant eu un coup de c\u0153ur, il est possible de repartir avec une bouteille sous le bras. Polyvalent, Nectar se d\u00e9place aussi \u00e0 domicile ou sur des \u00e9v\u00e8nements.<\/p>\n<p class=\" wall-content\"><a href=\"https:\/\/www.instagram.com\/p\/DIn1PCbsGuY\/embed\" title=\"Ouvrir le lien sur Instagram\" target=\"_blank\" rel=\"noopener\">Visualiser le contenu sur Instagram<\/a><\/p>\n<p class=\" wall-content\">Lorsqu\u2019il n\u2019y a pas d\u2019ateliers, Nectar se transforme en un <b>bar \u00e0 vin<\/b> chaleureux. \u00c0 partir de 6,50 \u20ac, il est possible de<b> d\u00e9guster une s\u00e9lection vari\u00e9e, du rouge \u00e0 l\u2019effervescent<\/b>, issue d\u2019une cave de pr\u00e8s de <b>300 r\u00e9f\u00e9rences<\/b>.<\/p>\n<p>Une box mensuelle pour d\u00e9couvrir deux crus par mois<\/p>\n<p class=\" wall-content\">\u00c0 l\u2019occasion de la f\u00eate des p\u00e8res, Nectar lance un tout nouveau concept : un <b>abonnement mensuel<\/b>. L\u2019id\u00e9e ? <b>Offrir ou recevoir deux bouteilles par mois<\/b>, s\u00e9lectionn\u00e9es avec soin par Marie, livr\u00e9es partout en France avec leurs petites fiches explicatives. Tout comme les ateliers, trois formules sont propos\u00e9es : <b>de 59 \u20ac \u00e0 179 \u20ac<\/b>, pour satisfaire aussi bien les curieux que les passionn\u00e9s. Un cadeau original, qui prolonge l\u2019exp\u00e9rience \u00e0 la maison.<\/p>\n<p>\u00c0 l\u2019origine du projet Marie, une vraie passionn\u00e9e<\/p>\n<p class=\" wall-content\">Depuis 2 ans, Marie Dupire s\u2019est lanc\u00e9e dans l\u2019aventure entreprenariat. Apr\u00e8s un master dans le domaine, des exp\u00e9riences dans le journalisme et le commerce, elle travaille dans la restauration o\u00f9 elle s\u2019est rendue compte que \u00ab\u00a0si on n\u2019accompagnait pas les gens, ils choisissaient toujours les m\u00eames r\u00e9f\u00e9rences de vins\u00a0\u00bb.<\/p>\n<p class=\" wall-content\"><a href=\"https:\/\/www.instagram.com\/p\/DBL65YhM81d\/embed\" title=\"Ouvrir le lien sur Instagram\" target=\"_blank\" rel=\"noopener\">Visualiser le contenu sur Instagram<\/a><\/p>\n<p class=\" wall-content\">Elle ouvre la boutique l\u2019an dernier apr\u00e8s plusieurs mois de travaux pour \u00ab\u00a0remettre l\u2019authenticit\u00e9 du lieu au go\u00fbt du jour\u00a0\u00bb. Lumi\u00e8re naturelle, bois, fleurs fra\u00eeches et charme de l\u2019ancien\u2026 Le pari est particuli\u00e8rement r\u00e9ussi, l\u2019endroit d\u00e9gage une <b>\u00e9nergie simple, <\/b>chaleureuse et accueillante.<\/p>\n<p>Qualit\u00e9 et produits locaux au rendez-vous\u00a0!<\/p>\n<p class=\" wall-content\">Marie n\u2019a pas fait d\u2019\u00e9tudes d\u2019\u0153nologie, mais elle est une grande<b> <\/b>amatrice. \u00ab\u00a0Je me d\u00e9place beaucoup \u00e0 la rencontre des vignerons, c\u2019est l\u00e0 que j\u2019ai le plus appris.\u00a0\u00bb Pour elle, sa v\u00e9ritable plus-value c\u2019est sa s\u00e9lection de vin qu\u2019elle qualifie de \u00ab\u00a0pointue et diff\u00e9rente\u00a0\u00bb.<\/p>\n<p class=\" wall-content\">Tout est pens\u00e9 pour proposer des d\u00e9gustations de la meilleure qualit\u00e9 possible. Fromage de chez <a href=\"https:\/\/actu.fr\/hauts-de-france\/lille_59350\/cette-fromagerie-de-lille-vient-de-recevoir-une-prestigieuse-distinction_61027801.html\" target=\"_blank\" rel=\"noopener\">Philippe Olivier<\/a>, charcuterie Carlier, truite fum\u00e9e d\u2019Anzin, pain d\u2019Alex Croquet, tous les produits qui accompagnent sa s\u00e9lection sont sourc\u00e9s dans le quartier ou la r\u00e9gion.<\/p>\n<p class=\" wall-content\"><b>L\u2019ultra local<\/b>, c\u2019est l\u2019une des forces du concept de Marie. \u00ab\u00a0J\u2019essaie aussi de valoriser le terroir local sur le vin, si je peux.\u00a0\u00bb <a href=\"https:\/\/actu.fr\/hauts-de-france\/quiery-la-motte_62680\/avec-le-changement-climatique-le-chardonnay-prend-racine-dans-le-pas-de-calais_54138632.html\" target=\"_blank\" rel=\"noopener\">Certaines cuv\u00e9es sont issues de la r\u00e9gion<\/a> comme ces vins en provenance du <b>domaine Terres de Gr\u00e8s \u00e0 Fresnicourt-le-Dolmen<\/b> (<a href=\"https:\/\/actu.fr\/pas-de-calais\/\" target=\"_blank\" rel=\"noopener\">Pas-de-Calais<\/a>). \u00ab\u00a0Les gens boivent de moins en moins et cherchent des choses moins alcoolis\u00e9es. Ce que notre r\u00e9gion propose s\u2019y pr\u00eate bien\u00a0\u00bb, explique-t-elle.<\/p>\n<p class=\" wall-content\">Chez Nectar, chaque verre raconte une histoire, et chaque d\u00e9gustation devient un moment \u00e0 part. Que ce soit pour offrir, d\u00e9couvrir ou<\/p>\n<p class=\" wall-content\">simplement passer un bon moment, l\u2019adresse a tout pour s\u00e9duire les amateurs de vin d\u2019ici et d\u2019ailleurs.<\/p>\n<p class=\" wall-content\"><b>Margaux Salignat<\/b><\/p>\n<p>Informations pratiques : Nectar, 35 rue Royale, Vieux-Lille. Ouvert de 10 h \u00e0 22h du lundi au mercredi et de 10 h \u00e0 23h du jeudi au dimanche. Pour r\u00e9server une d\u00e9gustation, <a href=\"https:\/\/nectar-degustations.com\/\" target=\"_blank\" rel=\"noopener\">rendez-vous sur le site internet<\/a>.<\/p>\n<p class=\" wall-content\">Suivez toute l\u2019actualit\u00e9 de vos villes et m\u00e9dias favoris en vous inscrivant \u00e0 <a href=\"https:\/\/moncompte.actu.fr\" title=\"D\u00e9couvez Mon Actu\" rel=\"nofollow noopener\" data-trk=\"{&quot;cta&quot;:{&quot;action&quot;:&quot;https:\\\/\\\/moncompte.actu.fr&quot;,&quot;category&quot;:&quot;mon compte&quot;,&quot;from&quot;:&quot;article footer&quot;,&quot;name&quot;:&quot;Mon actu&quot;,&quot;type&quot;:&quot;cta&quot;}}\" target=\"_blank\">Mon Actu<\/a>.<\/p>\n<p>                    <script async src=\"\/\/www.instagram.com\/embed.js\"><\/script><\/p>\n","protected":false},"excerpt":{"rendered":"Par R\u00e9daction Lille Publi\u00e9 le 7 juin 2025 \u00e0 18h40 Install\u00e9 rue Royale, Nectar est l\u2019adresse incontournable pour&hellip;\n","protected":false},"author":2,"featured_media":158868,"comment_status":"","ping_status":"","sticky":false,"template":"","format":"standard","meta":{"footnotes":""},"categories":[2815],"tags":[1111,11,5702,215,1777,674,1011,27,811,1307,1652,12,25,1662],"class_list":{"0":"post-158867","1":"post","2":"type-post","3":"status-publish","4":"format-standard","5":"has-post-thumbnail","7":"category-lille","8":"tag-actu","9":"tag-actualites","10":"tag-alcool","11":"tag-commerce","12":"tag-eu","13":"tag-europe","14":"tag-fr","15":"tag-france","16":"tag-hauts-de-france","17":"tag-lille","18":"tag-loisirs-culture","19":"tag-news","20":"tag-republique-francaise","21":"tag-vin"},"share_on_mastodon":{"url":"https:\/\/pubeurope.com\/@fr\/114643115985241744","error":""},"_links":{"self":[{"href":"https:\/\/www.europesays.com\/fr\/wp-json\/wp\/v2\/posts\/158867","targetHints":{"allow":["GET"]}}],"collection":[{"href":"https:\/\/www.europesays.com\/fr\/wp-json\/wp\/v2\/posts"}],"about":[{"href":"https:\/\/www.europesays.com\/fr\/wp-json\/wp\/v2\/types\/post"}],"author":[{"embeddable":true,"href":"https:\/\/www.europesays.com\/fr\/wp-json\/wp\/v2\/users\/2"}],"replies":[{"embeddable":true,"href":"https:\/\/www.europesays.com\/fr\/wp-json\/wp\/v2\/comments?post=158867"}],"version-history":[{"count":0,"href":"https:\/\/www.europesays.com\/fr\/wp-json\/wp\/v2\/posts\/158867\/revisions"}],"wp:featuredmedia":[{"embeddable":true,"href":"https:\/\/www.europesays.com\/fr\/wp-json\/wp\/v2\/media\/158868"}],"wp:attachment":[{"href":"https:\/\/www.europesays.com\/fr\/wp-json\/wp\/v2\/media?parent=158867"}],"wp:term":[{"taxonomy":"category","embeddable":true,"href":"https:\/\/www.europesays.com\/fr\/wp-json\/wp\/v2\/categories?post=158867"},{"taxonomy":"post_tag","embeddable":true,"href":"https:\/\/www.europesays.com\/fr\/wp-json\/wp\/v2\/tags?post=158867"}],"curies":[{"name":"wp","href":"https:\/\/api.w.org\/{rel}","templated":true}]}}