{"id":15887,"date":"2025-04-10T21:24:10","date_gmt":"2025-04-10T21:24:10","guid":{"rendered":"https:\/\/www.europesays.com\/fr\/15887\/"},"modified":"2025-04-10T21:24:10","modified_gmt":"2025-04-10T21:24:10","slug":"le-grand-nimporte-quoi-des-reseaux-sociaux","status":"publish","type":"post","link":"https:\/\/www.europesays.com\/fr\/15887\/","title":{"rendered":"le grand n\u2019importe quoi des r\u00e9seaux sociaux"},"content":{"rendered":"<p>Vous avez \u201cCIEL, TU M\u2019AVAIS PAS DIT QUE C\u2019\u00c9TAIT UNE MAGICIENNE\u201d dans la t\u00eate depuis 2 mois ? C\u2019est rien, c\u2019est normal, c\u2019est Gims. D\u2019ailleurs, je suis d\u00e9sol\u00e9 pour vous mais vous l\u2019aurez aussi dans la t\u00eate toute la journ\u00e9e apr\u00e8s avoir lu ce papier.\u00a0<\/p>\n<p>Cette chanson de Gims est un v\u00e9ritable carton, notamment dans les centres de loisirs de France pour le plus grand malheur des parents, mais elle ne rend pas zinzins que les enfants : sur Internet aussi, les adultes sont matrix\u00e9s. La preuve.<\/p>\n","protected":false},"excerpt":{"rendered":"Vous avez \u201cCIEL, TU M\u2019AVAIS PAS DIT QUE C\u2019\u00c9TAIT UNE MAGICIENNE\u201d dans la t\u00eate depuis 2 mois ?&hellip;\n","protected":false},"author":2,"featured_media":15888,"comment_status":"","ping_status":"","sticky":false,"template":"","format":"standard","meta":{"footnotes":""},"categories":[1355],"tags":[58,59,1011,27,310,1361,873],"class_list":{"0":"post-15887","1":"post","2":"type-post","3":"status-publish","4":"format-standard","5":"has-post-thumbnail","7":"category-musique","8":"tag-divertissement","9":"tag-entertainment","10":"tag-fr","11":"tag-france","12":"tag-internet","13":"tag-music","14":"tag-musique"},"share_on_mastodon":{"url":"https:\/\/pubeurope.com\/@fr\/114315779396423138","error":""},"_links":{"self":[{"href":"https:\/\/www.europesays.com\/fr\/wp-json\/wp\/v2\/posts\/15887","targetHints":{"allow":["GET"]}}],"collection":[{"href":"https:\/\/www.europesays.com\/fr\/wp-json\/wp\/v2\/posts"}],"about":[{"href":"https:\/\/www.europesays.com\/fr\/wp-json\/wp\/v2\/types\/post"}],"author":[{"embeddable":true,"href":"https:\/\/www.europesays.com\/fr\/wp-json\/wp\/v2\/users\/2"}],"replies":[{"embeddable":true,"href":"https:\/\/www.europesays.com\/fr\/wp-json\/wp\/v2\/comments?post=15887"}],"version-history":[{"count":0,"href":"https:\/\/www.europesays.com\/fr\/wp-json\/wp\/v2\/posts\/15887\/revisions"}],"wp:featuredmedia":[{"embeddable":true,"href":"https:\/\/www.europesays.com\/fr\/wp-json\/wp\/v2\/media\/15888"}],"wp:attachment":[{"href":"https:\/\/www.europesays.com\/fr\/wp-json\/wp\/v2\/media?parent=15887"}],"wp:term":[{"taxonomy":"category","embeddable":true,"href":"https:\/\/www.europesays.com\/fr\/wp-json\/wp\/v2\/categories?post=15887"},{"taxonomy":"post_tag","embeddable":true,"href":"https:\/\/www.europesays.com\/fr\/wp-json\/wp\/v2\/tags?post=15887"}],"curies":[{"name":"wp","href":"https:\/\/api.w.org\/{rel}","templated":true}]}}