{"id":158871,"date":"2025-06-07T16:52:09","date_gmt":"2025-06-07T16:52:09","guid":{"rendered":"https:\/\/www.europesays.com\/fr\/158871\/"},"modified":"2025-06-07T16:52:09","modified_gmt":"2025-06-07T16:52:09","slug":"sommet-scientifique-a-nice-biodiversite-a-marseille-linterview-de-thierry-perez-specialiste-en-ecologie-marine-a-limbe","status":"publish","type":"post","link":"https:\/\/www.europesays.com\/fr\/158871\/","title":{"rendered":"Sommet scientifique \u00e0 Nice, biodiversit\u00e9 \u00e0 Marseille&#8230; l&rsquo;interview de Thierry Perez, sp\u00e9cialiste en \u00e9cologie marine \u00e0 l&rsquo;Imbe"},"content":{"rendered":"<p>Du 9 au 13 juin, au moins 100 d\u00e9l\u00e9gations internationales, dont une cinquantaine de chefs d&rsquo;\u00c9tat ou de gouvernement, sont attendues sur la C\u00f4te d&rsquo;Azur pour cinq jours de d\u00e9bats.<\/p>\n<p><strong>Qu&rsquo;attend un scientifique d&rsquo;un sommet comme celui de Nice\u00a0?<\/strong>&#13;\n<\/p>\n<p>Je suis all\u00e9 \u00e0 plusieurs conf\u00e9rences de ce type. C&rsquo;est bien de sensibiliser le grand public, mais ce n&rsquo;est pas notre place et je n&rsquo;irai pas cette fois. Ma place est plus aupr\u00e8s des \u00e9coles et des cadres de la fonction publique que nous formons. Les conf\u00e9rences internationales sont de la politique. L&rsquo;\u00e9v\u00e9nement scientifique qui a pr\u00e9c\u00e9d\u00e9 ce sommet est toutefois important et j&rsquo;esp\u00e8re que les recommandations qui en sortent seront suivies. J&rsquo;avais remis en 2008 un rapport pour un programme des <a href=\"https:\/\/www.laprovence.com\/article\/france-monde\/40651859530908\/protection-des-oceans-lue-veut-afficher-son-leadership-avant-le-sommet-de-lonu\" target=\"_blank\" rel=\"nofollow noopener\">Nations unies<\/a>. O\u00f9 j&rsquo;expliquais d\u00e9j\u00e0 les effets du r\u00e9chauffement climatique sur des indicateurs marins comme les gorgones. Il y a vingt ans, les pollutions cr\u00e9aient quelques n\u00e9croses en haut des branches. Aujourd&rsquo;hui, elles sont compl\u00e8tement mortes \u00e0 cause des<a href=\"https:\/\/www.laprovence.com\/article\/france-monde\/573599356378714\/cet-ete-2024-la-mediterranee-aura-ete-plus-chaude-que-lors-de-la-periode-caniculaire-hors-norme-de-2003\" target=\"_blank\" rel=\"nofollow noopener\"> vagues de chaleur<\/a> sous-marines. On a parl\u00e9 de la r\u00e9silience de la nature au moment du Covid, mais on l&rsquo;a oubli\u00e9e comme un chagrin d&rsquo;amour de maternelle.<\/p>\n<p><strong>En quoi la biodiversit\u00e9 marine vous surprend-elle encore\u00a0?<\/strong>&#13;\n<\/p>\n<p>J&rsquo;ai eu la chance de travailler partout dans le monde et de m&rsquo;\u00e9merveiller. Mais ce que je vois chez moi est fascinant. La M\u00e9diterran\u00e9e rec\u00e8le 10% de la biodiversit\u00e9 marine mondiale. Au large de Marseille, \u00e0 35 m\u00e8tres de fond, on se croit \u00e0 l&rsquo;autre bout du monde. Pourtant, on sait que ce qui s&rsquo;est pass\u00e9 en Gr\u00e8ce, o\u00f9 les gorgones sont mortes \u00e0 moins de cent m\u00e8tres de profondeur, va arriver ici. En ce moment, on voit les choses \u00e9voluer d&rsquo;une ann\u00e9e \u00e0 l&rsquo;autre. J&rsquo;ai \u00e9t\u00e9 oblig\u00e9 il y a deux ans d&rsquo;\u00e9crire le mot &lsquo;extinction&rsquo; en parlant des \u00e9ponges. Je ne pensais jamais le faire. C&rsquo;est terrible, parce que ces <a href=\"https:\/\/www.laprovence.com\/article\/region\/11979334277656\/mediterranee-les-plongeurs-marseillais-temoins-sideres-de-limpact-des-canicules-sous-marines\" target=\"_blank\" rel=\"nofollow noopener\">anomalies climatiques<\/a> ne sont pas per\u00e7ues par le grand public. Depuis fin des ann\u00e9es 90, elles se multiplient. On voit revenir les corbs, les m\u00e9rous et les barracudas dans le parc national des calanques. Mais on voit mal que certaines esp\u00e8ces disparaissent.<\/p>\n<p><strong>Quelles sont les cons\u00e9quences\u00a0?<\/strong>&#13;\n<\/p>\n<p>Le probl\u00e8me, c&rsquo;est qu&rsquo;on sait encore peu de choses. Quand on parle de disparition de r\u00e9cif <a href=\"https:\/\/www.laprovence.com\/article\/france-monde\/62166887816202\/en-australie-des-gametes-cryogenisees-pour-sauver-la-grande-barriere-de-corail\" target=\"_blank\" rel=\"nofollow noopener\">corallien<\/a>, il s&rsquo;agit en fait de certaines esp\u00e8ces. Mais elles sont des nurseries pour les poissons, parce qu&rsquo;elles sont comme des for\u00eats. On parle parfois d&rsquo;incendies marins. Ce sont les m\u00eames cons\u00e9quences. On parle aussi de risque pour la captation du carbone. Ces esp\u00e8ces marines filtrent l&rsquo;eau et la rendent disponible pour la<a href=\"https:\/\/www.laprovence.com\/article\/ecoplanete\/7058627752668714\/a-la-ciotat-l-application-donia-permet-de-collecter-des-donnees-sur-la-biodiversite-marine\" target=\"_blank\" rel=\"nofollow noopener\"> biodiversit\u00e9.<\/a> Certaines \u00e9ponges aident les organismes \u00e0 faire de la photosynth\u00e8se. On a m\u00eame trouv\u00e9 plus \u00e9tonnant il y a six mois.<\/p>\n<p><strong>Ici, \u00e0 Marseille\u00a0?<\/strong>&#13;\n<\/p>\n<p>Oui, nos \u00e9quipes de chercheurs ont montr\u00e9 dans une \u00e9tude reprise dans la revue Nature, notamment, que ces organismes forment aussi un paysage chimique sous l&rsquo;eau. Les mol\u00e9cules exsud\u00e9es aident \u00e0 orienter les esp\u00e8ces marines. C&rsquo;est un peu comme des fleurs qui attirent des pollinisateurs. La reproduction d&rsquo;une algue se ferait avec l&rsquo;aide de crustac\u00e9s qui sont les abeilles de la mer. Les crevettes et le krill fonctionnent comme les abeilles. Ils sont de la m\u00eame famille. Si une vague de chaleur perturbe leur paysage chimique, elle affecte les comportements migratoires, car elles sont \u00e0 la base de cha\u00eenes alimentaires et transportent de la mati\u00e8re organique. On sait aussi que les \u00e9ponges sont capables de d\u00e9grader des pollutions, d&rsquo;absorber les PCB qui deviennent attaquables par les bact\u00e9ries. Elles s\u00e9questrent les m\u00e9taux. J&rsquo;ai fait manger du plastique \u00e0 des \u00e9ponges. Elles avalaient des billes de latex et les d\u00e9truisaient. Ce qui signifie que si on r\u00e9duit les pollutions, la nature peut faire le reste.<\/p>\n<p><strong>Mais ce n&rsquo;est pas le m\u00eame probl\u00e8me avec le r\u00e9chauffement climatique&#8230;<\/strong>&#13;\n<\/p>\n<p>Non parce que ces cons\u00e9quences sont irr\u00e9m\u00e9diables. Le <a href=\"https:\/\/www.laprovence.com\/article\/france-monde\/81480472666045\/a-port-cros-la-plus-vieille-aire-marine-protegee-deurope-montre-le-futur\" target=\"_blank\" rel=\"nofollow noopener\">r\u00e9chauffement <\/a>est la suite logique de l&rsquo;industrialisation. La nature fait ce qu&rsquo;elle peut, mais elle ne refera pas ce qui est d\u00e9truit. Quand on dit faire de la restauration \u00e9cologique, on ne le fait pas en v\u00e9rit\u00e9. On le fait en coulant du b\u00e9ton ou en mettant des structures m\u00e9talliques sous l&rsquo;eau. Si on r\u00e9duit les nuisances, la nature reprendra parfois ses droits, mais sans \u00eatre comme avant. Ce qui se passe dans le parc des calanques est merveilleux, mais n&rsquo;a rien \u00e0 voir avec ce qui existait il y a cent ans.<\/p>\n","protected":false},"excerpt":{"rendered":"Du 9 au 13 juin, au moins 100 d\u00e9l\u00e9gations internationales, dont une cinquantaine de chefs d&rsquo;\u00c9tat ou de&hellip;\n","protected":false},"author":2,"featured_media":158872,"comment_status":"","ping_status":"","sticky":false,"template":"","format":"standard","meta":{"footnotes":""},"categories":[2814],"tags":[17,1111,11,1130,436,1777,674,1011,27,28992,884,12,2401,882,25,19604,2764,5993],"class_list":{"0":"post-158871","1":"post","2":"type-post","3":"status-publish","4":"format-standard","5":"has-post-thumbnail","7":"category-marseille","8":"tag-17","9":"tag-actu","10":"tag-actualites","11":"tag-biodiversite","12":"tag-environnement","13":"tag-eu","14":"tag-europe","15":"tag-fr","16":"tag-france","17":"tag-linterview","18":"tag-marseille","19":"tag-news","20":"tag-nice","21":"tag-provence-alpes-cote-dazur","22":"tag-republique-francaise","23":"tag-scientifique","24":"tag-sommet","25":"tag-thierry"},"share_on_mastodon":{"url":"https:\/\/pubeurope.com\/@fr\/114643123834570264","error":""},"_links":{"self":[{"href":"https:\/\/www.europesays.com\/fr\/wp-json\/wp\/v2\/posts\/158871","targetHints":{"allow":["GET"]}}],"collection":[{"href":"https:\/\/www.europesays.com\/fr\/wp-json\/wp\/v2\/posts"}],"about":[{"href":"https:\/\/www.europesays.com\/fr\/wp-json\/wp\/v2\/types\/post"}],"author":[{"embeddable":true,"href":"https:\/\/www.europesays.com\/fr\/wp-json\/wp\/v2\/users\/2"}],"replies":[{"embeddable":true,"href":"https:\/\/www.europesays.com\/fr\/wp-json\/wp\/v2\/comments?post=158871"}],"version-history":[{"count":0,"href":"https:\/\/www.europesays.com\/fr\/wp-json\/wp\/v2\/posts\/158871\/revisions"}],"wp:featuredmedia":[{"embeddable":true,"href":"https:\/\/www.europesays.com\/fr\/wp-json\/wp\/v2\/media\/158872"}],"wp:attachment":[{"href":"https:\/\/www.europesays.com\/fr\/wp-json\/wp\/v2\/media?parent=158871"}],"wp:term":[{"taxonomy":"category","embeddable":true,"href":"https:\/\/www.europesays.com\/fr\/wp-json\/wp\/v2\/categories?post=158871"},{"taxonomy":"post_tag","embeddable":true,"href":"https:\/\/www.europesays.com\/fr\/wp-json\/wp\/v2\/tags?post=158871"}],"curies":[{"name":"wp","href":"https:\/\/api.w.org\/{rel}","templated":true}]}}