{"id":158873,"date":"2025-06-07T16:53:19","date_gmt":"2025-06-07T16:53:19","guid":{"rendered":"https:\/\/www.europesays.com\/fr\/158873\/"},"modified":"2025-06-07T16:53:19","modified_gmt":"2025-06-07T16:53:19","slug":"monistrol-sur-loire-direction-marseille-pour-des-lyceens-du-chateau","status":"publish","type":"post","link":"https:\/\/www.europesays.com\/fr\/158873\/","title":{"rendered":"Monistrol-sur-Loire : direction Marseille pour des lyc\u00e9ens du \u00ab\u00a0Ch\u00e2teau\u00a0\u00bb"},"content":{"rendered":"<p>\t\t\t\t\t\t\t\t\t\t\t\t\t\t\t\t\t\t\t\t\t\t\t\t\t\t\t\t\t\t\t\t\t\t\t\t\t\t\t\t\t\t\t\t\t\t<img decoding=\"async\" src=\"https:\/\/www.europesays.com\/fr\/wp-content\/uploads\/2025\/05\/LA_COMMERE_-_PAVE_-_600X600.jpg\" alt=\"Yssingeaux foire mai-juin 2025\"\/><\/p>\n<p>\t\t\t\t\t\t\t\t\t\t\t\t\t\t\t\t\t\t\t\t\t\t\t\t\t\t\t\t\t\t\t\t\t\t\t\t\t\t\t\t\t\t\t\t\t\t\t\t\t\t\t\t\t\t\t\t\t\t\t\t\t\t\t<a href=\"https:\/\/www.lacommere43.fr\/component\/banners\/click\/1773.html\" target=\"_blank\" title=\"Tence Carrefour Market minibus mai 2025\" rel=\"nofollow noopener\"><br \/>\n\t\t\t\t\t\t\t<img decoding=\"async\" src=\"https:\/\/www.lacommere43.fr\/images\/banners\/carre.jpg\" alt=\"Tence Carrefour Market minibus mai 2025\"\/><br \/>\n\t\t\t\t\t\t<\/a><\/p>\n<p><strong>Les \u00e9l\u00e8ves de 2nde GATL (ge<strong>stion administrative, du transport et de la logistique)\u00a0<\/strong>du lyc\u00e9e professionnel Notre-Dame du Ch\u00e2teau de Monistrol-sur-Loire ont s\u00e9journ\u00e9 du 2 au 6 juin sur Marseille et dans sa r\u00e9gion, m\u00ealant d\u00e9couvertes culturelles, visites professionnelles et moments de d\u00e9tente.<\/strong><\/p>\n<p>Install\u00e9s au camping, les jeunes ont particuli\u00e8rement appr\u00e9ci\u00e9 l&rsquo;ambiance conviviale, les soir\u00e9es autour du parc aquatique, ainsi que les repas, pris au snack, pizzas, paninis et autres gourmandises qui ont rythm\u00e9 leurs soir\u00e9es sous le soleil du sud.<\/p>\n<p>Ce voyage scolaire a \u00e9t\u00e9 aussi l&rsquo;occasion d&rsquo;enrichir leurs connaissances gr\u00e2ce \u00e0 des visites d&rsquo;entreprises et de structures embl\u00e9matiques : le MIN de Marseille, les transports Chabas et l&rsquo;entreprise Kisao ont permis aux \u00e9l\u00e8ves de mieux comprendre le fonctionnement de secteurs en lien avec leur formation.<\/p>\n<p><strong>Du sport, des jeux, des visites<\/strong><\/p>\n<p>Les activit\u00e9s sportives et ludiques n&rsquo;ont pas manqu\u00e9 : accrobranche, jeu de piste \u00e0 Martigues, d\u00e9fi photo \u00e0 Aix-en-Provence, sans oublier une session de jeu indoor chez Prison Island. Ils ont aussi pu fouler le mythique city stade de JUL, avant de fl\u00e2ner au Vieux-Port ou de grimper jusqu&rsquo;\u00e0 Notre-Dame de la Garde, de d\u00e9couvrir la fascinante grotte Cosquer.<\/p>\n<p>En fin de s\u00e9jour, les jeunes ont poursuivi leur programme avec une soir\u00e9e plage, la d\u00e9couverte du stade de l&rsquo;Orange V\u00e9lodrome, temple du football marseillais, et un passage tr\u00e8s attendu dans la boutique officielle de l&rsquo;OM ainsi que dans la boutique \u00e9ph\u00e9m\u00e8re de JUL.<\/p>\n","protected":false},"excerpt":{"rendered":"Les \u00e9l\u00e8ves de 2nde GATL (gestion administrative, du transport et de la logistique)\u00a0du lyc\u00e9e professionnel Notre-Dame du Ch\u00e2teau&hellip;\n","protected":false},"author":2,"featured_media":158874,"comment_status":"","ping_status":"","sticky":false,"template":"","format":"standard","meta":{"footnotes":""},"categories":[2814],"tags":[1111,2281,11,1777,674,2282,1011,27,2280,2284,2285,2283,884,12,882,25],"class_list":{"0":"post-158873","1":"post","2":"type-post","3":"status-publish","4":"format-standard","5":"has-post-thumbnail","7":"category-marseille","8":"tag-actu","9":"tag-actualite-43","10":"tag-actualites","11":"tag-eu","12":"tag-europe","13":"tag-faits-divers-auvergne","14":"tag-fr","15":"tag-france","16":"tag-information-haute-loire","17":"tag-infos-43","18":"tag-journal-haute-loire","19":"tag-la-commere-43","20":"tag-marseille","21":"tag-news","22":"tag-provence-alpes-cote-dazur","23":"tag-republique-francaise"},"share_on_mastodon":{"url":"https:\/\/pubeurope.com\/@fr\/114643127837951708","error":""},"_links":{"self":[{"href":"https:\/\/www.europesays.com\/fr\/wp-json\/wp\/v2\/posts\/158873","targetHints":{"allow":["GET"]}}],"collection":[{"href":"https:\/\/www.europesays.com\/fr\/wp-json\/wp\/v2\/posts"}],"about":[{"href":"https:\/\/www.europesays.com\/fr\/wp-json\/wp\/v2\/types\/post"}],"author":[{"embeddable":true,"href":"https:\/\/www.europesays.com\/fr\/wp-json\/wp\/v2\/users\/2"}],"replies":[{"embeddable":true,"href":"https:\/\/www.europesays.com\/fr\/wp-json\/wp\/v2\/comments?post=158873"}],"version-history":[{"count":0,"href":"https:\/\/www.europesays.com\/fr\/wp-json\/wp\/v2\/posts\/158873\/revisions"}],"wp:featuredmedia":[{"embeddable":true,"href":"https:\/\/www.europesays.com\/fr\/wp-json\/wp\/v2\/media\/158874"}],"wp:attachment":[{"href":"https:\/\/www.europesays.com\/fr\/wp-json\/wp\/v2\/media?parent=158873"}],"wp:term":[{"taxonomy":"category","embeddable":true,"href":"https:\/\/www.europesays.com\/fr\/wp-json\/wp\/v2\/categories?post=158873"},{"taxonomy":"post_tag","embeddable":true,"href":"https:\/\/www.europesays.com\/fr\/wp-json\/wp\/v2\/tags?post=158873"}],"curies":[{"name":"wp","href":"https:\/\/api.w.org\/{rel}","templated":true}]}}