{"id":158877,"date":"2025-06-07T16:55:18","date_gmt":"2025-06-07T16:55:18","guid":{"rendered":"https:\/\/www.europesays.com\/fr\/158877\/"},"modified":"2025-06-07T16:55:18","modified_gmt":"2025-06-07T16:55:18","slug":"metropole-de-lyon-les-archeologues-de-la-region-denoncent-la-casse-de-leur-discipline-2","status":"publish","type":"post","link":"https:\/\/www.europesays.com\/fr\/158877\/","title":{"rendered":"M\u00e9tropole de Lyon. Les arch\u00e9ologues de la r\u00e9gion d\u00e9noncent la casse de leur discipline"},"content":{"rendered":"<p>Lyon \u00e9tait toute trouv\u00e9e pour accueillir ce rassemblement. Elle dont le sol regorge de tr\u00e9sors mis au jour gr\u00e2ce, justement, \u00e0 des fouilles arch\u00e9ologiques. Jeudi 5\u00a0juin, une centaine d\u2019arch\u00e9ologues de la r\u00e9gion ont manifest\u00e9 devant le mus\u00e9e des Beaux-arts. Le but, mettre sur la place publique les difficult\u00e9s que l\u2019institut national de recherches arch\u00e9ologiques pr\u00e9ventives (INRAP) conna\u00eet.<\/p>\n<p>  Le cadre l\u00e9gal \u00ab\u00a0attaqu\u00e9 sur ses principes m\u00eames\u00a0\u00bb<\/p>\n<p>Faute de moyens et de temps, pour cause de sous-effectifs, impossible \u00ab\u00a0de suivre le rythme actuel d\u2019am\u00e9nagements du territoire et de demandes des am\u00e9nageurs\u00a0\u00bb. Impossible aussi \u00ab\u00a0d\u2019exercer correctement les missions d\u2019accompagnement et de contr\u00f4le scientifique et technique des op\u00e9rations\u00a0\u00bb pour les services r\u00e9gionaux de l\u2019arch\u00e9ologie d\u00e9noncent les syndicats. Toujours plus press\u00e9s, on les contraint \u00e0 ne fouiller que dans les couches superficielles, pas forc\u00e9ment les plus int\u00e9ressantes.<\/p>\n<p>Ils alertent aussi sur <a href=\"https:\/\/www.inrap.fr\/legislation-procedures-financement-9720#:~:text=La%20loi%20de%202001%20affirme,de%20diagnostics%20et%20de%20fouilles.\" target=\"_blank\" rel=\"nofollow noopener\">le cadre l\u00e9gal<\/a> \u00ab\u00a0attaqu\u00e9 sur ses principes m\u00eames\u00a0\u00bb.<\/p>\n<p>Avec un minist\u00e8re de la Culture \u00ab\u00a0qui fait pression pour exclure un maximum de cas de figure\u00a0\u00bb et le projet de loi de simplification dont un des articles pr\u00e9voit la suppression des obligations arch\u00e9ologiques et environnementales pour les projets \u00ab\u00a0que l\u2019\u00c9tat estampillera d\u2019int\u00e9r\u00eat national\u00a0\u00bb. Une manifestation nationale est pr\u00e9vue \u00e0 Paris le 12\u00a0juin prochain.<\/p>\n","protected":false},"excerpt":{"rendered":"Lyon \u00e9tait toute trouv\u00e9e pour accueillir ce rassemblement. Elle dont le sol regorge de tr\u00e9sors mis au jour&hellip;\n","protected":false},"author":2,"featured_media":158876,"comment_status":"","ping_status":"","sticky":false,"template":"","format":"standard","meta":{"footnotes":""},"categories":[1889],"tags":[1111,11,2430,1687,2757,1777,674,1011,27,2428,2756,12,2661,25,2429,767],"class_list":{"0":"post-158877","1":"post","2":"type-post","3":"status-publish","4":"format-standard","5":"has-post-thumbnail","7":"category-lyon","8":"tag-actu","9":"tag-actualites","10":"tag-auvergne-rhone-alpes","11":"tag-culture-loisirs","12":"tag-edition-lyon-villeurbanne","13":"tag-eu","14":"tag-europe","15":"tag-fr","16":"tag-france","17":"tag-lyon","18":"tag-lyon-bassin","19":"tag-news","20":"tag-patrimoine-culturel","21":"tag-republique-francaise","22":"tag-rhone","23":"tag-science-et-technologie"},"share_on_mastodon":{"url":"https:\/\/pubeurope.com\/@fr\/114643135570837061","error":""},"_links":{"self":[{"href":"https:\/\/www.europesays.com\/fr\/wp-json\/wp\/v2\/posts\/158877","targetHints":{"allow":["GET"]}}],"collection":[{"href":"https:\/\/www.europesays.com\/fr\/wp-json\/wp\/v2\/posts"}],"about":[{"href":"https:\/\/www.europesays.com\/fr\/wp-json\/wp\/v2\/types\/post"}],"author":[{"embeddable":true,"href":"https:\/\/www.europesays.com\/fr\/wp-json\/wp\/v2\/users\/2"}],"replies":[{"embeddable":true,"href":"https:\/\/www.europesays.com\/fr\/wp-json\/wp\/v2\/comments?post=158877"}],"version-history":[{"count":0,"href":"https:\/\/www.europesays.com\/fr\/wp-json\/wp\/v2\/posts\/158877\/revisions"}],"wp:featuredmedia":[{"embeddable":true,"href":"https:\/\/www.europesays.com\/fr\/wp-json\/wp\/v2\/media\/158876"}],"wp:attachment":[{"href":"https:\/\/www.europesays.com\/fr\/wp-json\/wp\/v2\/media?parent=158877"}],"wp:term":[{"taxonomy":"category","embeddable":true,"href":"https:\/\/www.europesays.com\/fr\/wp-json\/wp\/v2\/categories?post=158877"},{"taxonomy":"post_tag","embeddable":true,"href":"https:\/\/www.europesays.com\/fr\/wp-json\/wp\/v2\/tags?post=158877"}],"curies":[{"name":"wp","href":"https:\/\/api.w.org\/{rel}","templated":true}]}}