{"id":158878,"date":"2025-06-07T16:58:12","date_gmt":"2025-06-07T16:58:12","guid":{"rendered":"https:\/\/www.europesays.com\/fr\/158878\/"},"modified":"2025-06-07T16:58:12","modified_gmt":"2025-06-07T16:58:12","slug":"pourquoi-la-circulation-et-le-stationnement-seront-interdits-sur-ces-axes-ce-dimanche","status":"publish","type":"post","link":"https:\/\/www.europesays.com\/fr\/158878\/","title":{"rendered":"pourquoi la circulation et le stationnement seront interdits sur ces axes ce dimanche"},"content":{"rendered":"<p>            Par<br \/>\n        <strong><br \/>\n            <a href=\"https:\/\/actu.fr\/auteur\/antoine-grotteria02\" title=\"Consulter tous les articles de Antoine Grotteria\" target=\"_blank\" rel=\"noopener\">Antoine Grotteria<\/a><br \/>\n        <\/strong><\/p>\n<p>        Publi\u00e9 le<\/p>\n<p>            7 juin 2025 \u00e0 18h00        <\/p>\n<p>En quelques ann\u00e9es, l\u2019Adidas 10k de <a href=\"https:\/\/actu.fr\/paris\/\" target=\"_blank\" rel=\"noopener\">Paris<\/a> est devenue un rendez-vous majeur des amateurs de <a href=\"https:\/\/actu.fr\/ile-de-france\/paris_75056\/on-est-complementaires-a-paris-la-madeleine-est-devenue-le-nouveau-terrain-de-jeu-des-enseignes-de-sport_62627950.html\" target=\"_blank\" rel=\"noopener\">course \u00e0 pied<\/a>. Ce dimanche 7 juin 2025, <strong>36 000 personnes<\/strong> prendront part \u00e0 l\u2019\u00e9preuve qui effectuera une boucle entre la <a href=\"https:\/\/actu.fr\/ile-de-france\/paris_75056\/paris-la-place-du-trocadero-completement-rouverte-a-la-circulation-on-va-voir-si-ca-redevient-normal_62553436.html\" target=\"_blank\" rel=\"noopener\">place du Trocad\u00e9ro<\/a> et <a href=\"https:\/\/actu.fr\/tag\/arc-de-triomphe\" target=\"_blank\" rel=\"noopener\">l\u2019Arc de Triomphe<\/a>. Un <strong>record<\/strong>. Pour \u00e9viter les \u00e9ventuelles perturbations, la <a href=\"https:\/\/actu.fr\/tag\/prefecture-de-police-de-paris\" target=\"_blank\" rel=\"noopener\">pr\u00e9fecture de Police<\/a> a mis en place un dispositif de s\u00e9curit\u00e9 destin\u00e9 \u00e0 prot\u00e9ger les coureurs. Ainsi, la <strong>circulation <\/strong>et le <strong>stationnement<\/strong> seront interdits sur plusieurs axes.\u00a0<\/p>\n<p>Plusieurs interdictions jusqu\u2019en d\u00e9but de soir\u00e9e<\/p>\n<p class=\" wall-content\">Cela concernera les quatre arrondissements travers\u00e9s par les athl\u00e8tes, \u00e0 savoir le <strong>8e, 9e, 16e et le 17e<\/strong>. En vigueur depuis ce samedi 7 juin \u00e0 8 heures, l\u2019interdiction de la circulation des voitures sur <strong>l\u2019avenue Foch<\/strong> entre la place du Paraguay et les avenues de Malakoff et Raymond Poincar\u00e9, est effective jusqu\u2019\u00e0 ce dimanche 8 juin \u00e0 <strong>23 heures<\/strong>. D\u00e8s dimanche, \u00e0 0h01, l\u2019avenue <strong>Raymond Poincar\u00e9<\/strong>, entre la place Victor Hugo et la rue de Longchamp, sera ferm\u00e9e.<\/p>\n<p class=\" wall-content\">\n<p class=\" wall-content\">Ce sera \u00e9galement le cas de la place Victor Hugo, de <strong>l\u2019avenue Victor Hugo<\/strong> entre la rue de la Pompe et de la place Victor Hugo et la rue Mesnil. La circulation sera proscrite jusqu\u2019\u00e0 15 heures. Les voitures auront \u00e9galement interdiction d\u2019emprunter l\u2019avenue Foch, entre la rue de Presbourg et l\u2019avenue de Malakoff et l\u2019avenue Raymond Poincar\u00e9 jusqu\u2019\u00e0 18 heures.\u00a0<\/p>\n<p class=\" wall-content\">La circulation sera proscrite du dimanche 8 juin \u00e0 5h30 \u00e0 14 heures sur ces voies suivantes : le quai Aim\u00e9 C\u00e9saire, le quai des Tuileries, le <strong>quai Fran\u00e7ois Mitterrand<\/strong>, la voie Georges Pompidou, entre le <strong>pont de la Concorde<\/strong> et le <strong>pont de l\u2019Alma<\/strong> et l\u2019avenue de New York entre le pont de l\u2019Alma et la rue Le N\u00f4tre.<\/p>\n<p class=\" wall-content\">\n<p>L\u2019avenue des Champs-\u00c9lys\u00e9es ferm\u00e9e\u00a0<\/p>\n<p class=\" wall-content\">Ce sera entre 6 heures et 14 heures sur l\u2019avenue des <a href=\"https:\/\/actu.fr\/ile-de-france\/paris_75056\/le-plus-beau-jour-de-ma-vie-sur-les-champs-elysees-les-fans-du-psg-fetent-les-nouveaux-rois-de-l-europe_62713427.html\" target=\"_blank\" rel=\"noopener\"><strong>Champs-\u00c9lys\u00e9es<\/strong><\/a> et la place Charles-de-Gaulle, et d\u00e8s 7 heures pour la place du Trocad\u00e9ro et du 11 novembre, l\u2019avenue Raymond Poincar\u00e9, entre la rue Lauriston et la place du Trocad\u00e9ro et du 11 novembre, l\u2019avenue du pr\u00e9sident Wilson, l\u2019avenue Albert de Mun, l\u2019avenue des Nations Unies, la place du <strong>Carrousel<\/strong>, la <strong>rue de Rivoli<\/strong>, la rue de Castiglione, la <strong>place Vend\u00f4me<\/strong>, la<strong> rue de la Paix<\/strong>, la <strong>place de l\u2019Op\u00e9ra<\/strong>, le boulevard des Capucines, le boulevard de la Madeleine, le boulevard Malesherbes, la place Saint-Augustin, le <strong>boulevard Haussmann<\/strong>, l\u2019avenue Percier, la rue de la Bo\u00e9tie, <strong>l\u2019avenue Franklin D. Roosevelt<\/strong> et le rond point des Champs-\u00c9lys\u00e9es.\u00a0<\/p>\n<p class=\" wall-content\">C\u00f4t\u00e9 stationnement, les perturbations seront \u00e9galement tr\u00e8s nombreuses. Jusqu\u2019\u00e0 ce dimanche 8 juin \u00e0 15 heures, l\u2019avenue Raymond Poincar\u00e9 entre la place Victor Hugo et la place du Trocad\u00e9ro et du 11 novembre, l\u2019avenue Victor Hugo entre la rue de la Pompe et la place Victor Hugo et la rue de la Bo\u00e9tie entre les n\u00b049 et 59, seront interdites au stationnement. La proscription s\u2019\u00e9tirera jusqu\u2019\u00e0 18 heures sur la contre-all\u00e9e de l\u2019avenue Foch, entre les n\u00b0 8 et 22, n\u00b054 et 60 et n\u00b03 et 39.\u00a0<\/p>\n<p class=\" wall-content\">Suivez toute l\u2019actualit\u00e9 de vos villes et m\u00e9dias favoris en vous inscrivant \u00e0 <a href=\"https:\/\/moncompte.actu.fr\" title=\"D\u00e9couvez Mon Actu\" rel=\"nofollow noopener\" data-trk=\"{&quot;cta&quot;:{&quot;action&quot;:&quot;https:\\\/\\\/moncompte.actu.fr&quot;,&quot;category&quot;:&quot;mon compte&quot;,&quot;from&quot;:&quot;article footer&quot;,&quot;name&quot;:&quot;Mon actu&quot;,&quot;type&quot;:&quot;cta&quot;}}\" target=\"_blank\">Mon Actu<\/a>.<\/p>\n<ul class=\"ac-article-tag wall-content\">\n<li><a href=\"https:\/\/actu.fr\/tag\/circulation\" data-trk=\"{&quot;cta&quot;:{&quot;action&quot;:&quot;Circulation&quot;,&quot;category&quot;:&quot;tag&quot;,&quot;from&quot;:&quot;article footer&quot;,&quot;name&quot;:&quot;Circulation&quot;,&quot;type&quot;:&quot;cta&quot;}}\" target=\"_blank\" rel=\"noopener\">#Circulation<\/a><\/li>\n<li><a href=\"https:\/\/actu.fr\/tag\/stationnement\" data-trk=\"{&quot;cta&quot;:{&quot;action&quot;:&quot;Stationnement&quot;,&quot;category&quot;:&quot;tag&quot;,&quot;from&quot;:&quot;article footer&quot;,&quot;name&quot;:&quot;Stationnement&quot;,&quot;type&quot;:&quot;cta&quot;}}\" target=\"_blank\" rel=\"noopener\">#Stationnement<\/a><\/li>\n<\/ul>\n","protected":false},"excerpt":{"rendered":"Par Antoine Grotteria Publi\u00e9 le 7 juin 2025 \u00e0 18h00 En quelques ann\u00e9es, l\u2019Adidas 10k de Paris est&hellip;\n","protected":false},"author":2,"featured_media":158879,"comment_status":"","ping_status":"","sticky":false,"template":"","format":"standard","meta":{"footnotes":""},"categories":[1888],"tags":[1111,1928,11,1927,3542,1777,674,1011,27,12,1926,626,1925,25,104,6173],"class_list":{"0":"post-158878","1":"post","2":"type-post","3":"status-publish","4":"format-standard","5":"has-post-thumbnail","7":"category-paris","8":"tag-actu","9":"tag-actu-paris","10":"tag-actualites","11":"tag-actualites-paris","12":"tag-circulation","13":"tag-eu","14":"tag-europe","15":"tag-fr","16":"tag-france","17":"tag-news","18":"tag-news-paris","19":"tag-paris","20":"tag-paris-news","21":"tag-republique-francaise","22":"tag-societe","23":"tag-stationnement"},"share_on_mastodon":{"url":"https:\/\/pubeurope.com\/@fr\/114643147413350303","error":""},"_links":{"self":[{"href":"https:\/\/www.europesays.com\/fr\/wp-json\/wp\/v2\/posts\/158878","targetHints":{"allow":["GET"]}}],"collection":[{"href":"https:\/\/www.europesays.com\/fr\/wp-json\/wp\/v2\/posts"}],"about":[{"href":"https:\/\/www.europesays.com\/fr\/wp-json\/wp\/v2\/types\/post"}],"author":[{"embeddable":true,"href":"https:\/\/www.europesays.com\/fr\/wp-json\/wp\/v2\/users\/2"}],"replies":[{"embeddable":true,"href":"https:\/\/www.europesays.com\/fr\/wp-json\/wp\/v2\/comments?post=158878"}],"version-history":[{"count":0,"href":"https:\/\/www.europesays.com\/fr\/wp-json\/wp\/v2\/posts\/158878\/revisions"}],"wp:featuredmedia":[{"embeddable":true,"href":"https:\/\/www.europesays.com\/fr\/wp-json\/wp\/v2\/media\/158879"}],"wp:attachment":[{"href":"https:\/\/www.europesays.com\/fr\/wp-json\/wp\/v2\/media?parent=158878"}],"wp:term":[{"taxonomy":"category","embeddable":true,"href":"https:\/\/www.europesays.com\/fr\/wp-json\/wp\/v2\/categories?post=158878"},{"taxonomy":"post_tag","embeddable":true,"href":"https:\/\/www.europesays.com\/fr\/wp-json\/wp\/v2\/tags?post=158878"}],"curies":[{"name":"wp","href":"https:\/\/api.w.org\/{rel}","templated":true}]}}